{"id":747706,"date":"2026-02-20T14:58:15","date_gmt":"2026-02-20T14:58:15","guid":{"rendered":"https:\/\/www.europesays.com\/fr\/747706\/"},"modified":"2026-02-20T14:58:15","modified_gmt":"2026-02-20T14:58:15","slug":"lallemagne-discute-de-lavenir-du-marche-du-gaz-y-compris-dune-reserve-strategique","status":"publish","type":"post","link":"https:\/\/www.europesays.com\/fr\/747706\/","title":{"rendered":"L&rsquo;Allemagne discute de l&rsquo;avenir du march\u00e9 du gaz, y compris d&rsquo;une r\u00e9serve strat\u00e9gique"},"content":{"rendered":"<p>                    Le gouvernement allemand consulte actuellement les parties prenantes sur la fa\u00e7on dont le march\u00e9 du gaz du pays pourrait \u00eatre d\u00e9velopp\u00e9, a indiqu\u00e9 vendredi un porte-parole du minist\u00e8re de l&rsquo;\u00e9conomie, laissant en suspens la question de la cr\u00e9ation \u00e9ventuelle d&rsquo;une r\u00e9serve strat\u00e9gique de gaz.<\/p>\n<p>\u00ab\u00a0Nous voulons que ce soit le march\u00e9 qui remplisse les installations de stockage de gaz, et non le gouvernement\u00a0\u00bb, a d\u00e9clar\u00e9 le porte-parole lors d&rsquo;une conf\u00e9rence de presse gouvernementale r\u00e9guli\u00e8re.<\/p>\n<p>Voici quelques \u00e9l\u00e9ments \u00e0 retenir\u00a0:<\/p>\n<p>    *         Les stockages allemands sont remplis \u00e0 21,6\u00a0%, soit le niveau le plus bas \u00e0 cette p\u00e9riode de l&rsquo;ann\u00e9e depuis au moins 2011, selon les donn\u00e9es de Gas Infrastructure Europe          *         Berlin a r\u00e9p\u00e9t\u00e9 \u00e0 plusieurs reprises que l&rsquo;approvisionnement en gaz est s\u00e9curis\u00e9 pour cet hiver, en mettant en avant les nouveaux terminaux de GNL et les livraisons de pays comme la Norv\u00e8ge, la Belgique ou les Pays-Bas          *         Le minist\u00e8re de l&rsquo;\u00e9conomie indique que l&rsquo;Allemagne enregistre davantage de r\u00e9servations de gaz pour l&rsquo;hiver prochain qu&rsquo;elle n&rsquo;en avait \u00e0 la m\u00eame p\u00e9riode pour cet hiver en 2025, sans fournir plus de d\u00e9tails          *         \u00ab\u00a0Nous sommes donc optimistes quant au fait que le march\u00e9 a compris qu&rsquo;il doit d\u00e9sormais revenir \u00e0 une fixation des prix bas\u00e9e sur le march\u00e9\u00a0\u00bb, affirme le porte-parole          *         Les analystes de Commerzbank soulignent que l&rsquo;expiration de la r\u00e9glementation europ\u00e9enne sur les niveaux minimaux de remplissage au 1er avril 2027 et la sortie pr\u00e9vue du gaz russe par pipeline \u00e0 la fin de 2027 signifient que l&rsquo;Allemagne a besoin d&rsquo;un filet de s\u00e9curit\u00e9          *         \u00ab\u00a0Un pilier central de cet instrument pourrait \u00eatre la cr\u00e9ation d&rsquo;une r\u00e9serve strat\u00e9gique de gaz\u00a0\u00bb, estiment les analystes de Commerzbank<\/p>\n","protected":false},"excerpt":{"rendered":"Le gouvernement allemand consulte actuellement les parties prenantes sur la fa\u00e7on dont le march\u00e9 du gaz du pays&hellip;\n","protected":false},"author":2,"featured_media":747707,"comment_status":"","ping_status":"","sticky":false,"template":"","format":"standard","meta":{"footnotes":"","_share_on_mastodon":"0"},"categories":[1587],"tags":[11,672,340,1804,1805,1803,1777,674,1801,12,1802],"class_list":["post-747706","post","type-post","status-publish","format-standard","has-post-thumbnail","category-allemagne","tag-actualites","tag-allemagne","tag-bourse","tag-bundesrepublik-deutschland","tag-de","tag-deutschland","tag-eu","tag-europe","tag-germany","tag-news","tag-republique-federale-dallemagne"],"share_on_mastodon":{"url":"https:\/\/pubeurope.com\/@fr\/116103552358476351","error":""},"_links":{"self":[{"href":"https:\/\/www.europesays.com\/fr\/wp-json\/wp\/v2\/posts\/747706","targetHints":{"allow":["GET"]}}],"collection":[{"href":"https:\/\/www.europesays.com\/fr\/wp-json\/wp\/v2\/posts"}],"about":[{"href":"https:\/\/www.europesays.com\/fr\/wp-json\/wp\/v2\/types\/post"}],"author":[{"embeddable":true,"href":"https:\/\/www.europesays.com\/fr\/wp-json\/wp\/v2\/users\/2"}],"replies":[{"embeddable":true,"href":"https:\/\/www.europesays.com\/fr\/wp-json\/wp\/v2\/comments?post=747706"}],"version-history":[{"count":0,"href":"https:\/\/www.europesays.com\/fr\/wp-json\/wp\/v2\/posts\/747706\/revisions"}],"wp:featuredmedia":[{"embeddable":true,"href":"https:\/\/www.europesays.com\/fr\/wp-json\/wp\/v2\/media\/747707"}],"wp:attachment":[{"href":"https:\/\/www.europesays.com\/fr\/wp-json\/wp\/v2\/media?parent=747706"}],"wp:term":[{"taxonomy":"category","embeddable":true,"href":"https:\/\/www.europesays.com\/fr\/wp-json\/wp\/v2\/categories?post=747706"},{"taxonomy":"post_tag","embeddable":true,"href":"https:\/\/www.europesays.com\/fr\/wp-json\/wp\/v2\/tags?post=747706"}],"curies":[{"name":"wp","href":"https:\/\/api.w.org\/{rel}","templated":true}]}}