{"id":747814,"date":"2026-02-20T16:01:11","date_gmt":"2026-02-20T16:01:11","guid":{"rendered":"https:\/\/www.europesays.com\/fr\/747814\/"},"modified":"2026-02-20T16:01:11","modified_gmt":"2026-02-20T16:01:11","slug":"un-animateur-suspecte-de-violences-sexuelles-dans-une-ecole-maternelle-du-10e-arrondissement","status":"publish","type":"post","link":"https:\/\/www.europesays.com\/fr\/747814\/","title":{"rendered":"un animateur suspect\u00e9 de violences sexuelles dans une \u00e9cole maternelle du 10e arrondissement"},"content":{"rendered":"<p>                    Par<br \/>\n        <strong><br \/>\n            <a href=\"https:\/\/actu.fr\/auteur\/antoine-blanchet\" title=\"Consulter tous les articles de Antoine Blanchet\" rel=\"nofollow noopener\" target=\"_blank\">Antoine Blanchet<\/a><br \/>\n                    <\/strong><\/p>\n<p>        Publi\u00e9 le<\/p>\n<p>            20 f\u00e9vr. 2026 \u00e0 16h33        <\/p>\n<p>Une nouvelle suspicion de <a href=\"https:\/\/actu.fr\/tag\/violences-sexuelles\" rel=\"nofollow noopener\" target=\"_blank\">violences sexuelles<\/a> commises sur des enfants dans le milieu p\u00e9riscolaire parisien. Le 9\u00a0f\u00e9vrier 2026, un<strong> signalement a \u00e9t\u00e9 effectu\u00e9<\/strong> \u00e0 l\u2019encontre d\u2019un animateur de <strong>l\u2019\u00e9cole maternelle Leon Schwartzenberg<\/strong> situ\u00e9e dans le 10e arrondissement de <a href=\"https:\/\/actu.fr\/paris\/\" rel=\"nofollow noopener\" target=\"_blank\">Paris<\/a>, nous indique le parquet. Une enqu\u00eate a \u00e9t\u00e9 confi\u00e9e au commissariat de l\u2019arrondissement.<\/p>\n<p>Une suspicion d\u2019exhibition sexuelle<\/p>\n<p class=\" wall-content\">C\u2019est un signalement de la <strong>Cellule de recueil des informations pr\u00e9occupantes<\/strong> (CRIP) qui a \u00e9t\u00e9 fait au parquet de Paris via l\u2019article\u00a040 pour des faits <strong>d\u2019exhibition sexuelle<\/strong> sur des \u00e9l\u00e8ves. Le suspect, un animateur p\u00e9riscolaire, a \u00e9t\u00e9 suspendu \u00e0 titre conservatoire. \u00ab\u2009Depuis, plusieurs signalements compl\u00e9mentaires ont \u00e9t\u00e9 faits dont un ayant donn\u00e9 lieu \u00e0 un d\u00e9p\u00f4t de plainte\u2009\u00bb, indique dans un communiqu\u00e9 publi\u00e9 sur X <strong>Bertil Fort<\/strong>, \u00e9lu du 10e candidat \u00e0 la mairie de l\u2019arrondissement.<\/p>\n<p class=\" wall-content\">L\u2019\u00e9lu, \u00e9galement parent d\u2019\u00e9l\u00e8ve, a d\u00e9nonc\u00e9 des d\u00e9fauts de communication de la part de la mairie. Selon Le Parisie, une r\u00e9union a \u00e9t\u00e9 organis\u00e9e avec les parents d\u2019\u00e9l\u00e8ves de l\u2019\u00e9tablissement concern\u00e9. N\u00e9anmoins, l\u2019animateur vis\u00e9 par le signalement exer\u00e7ait depuis 2011, notamment dans d\u2019autres \u00e9coles du quartier. Les parents de ces autres \u00e9tablissements n\u2019ont pas \u00e9t\u00e9 contact\u00e9s. \u00ab\u2009Ils ont appris les faits par des messages priv\u00e9s, \u00e0 la sortie de l\u2019\u00e9cole ou par leur propre enfant\u2009\u00bb, a fustig\u00e9 Bertil Fort.<\/p>\n<p class=\" wall-content\">\n<p>Un autre animateur interpell\u00e9 en 2024<\/p>\n<p class=\" wall-content\">Autre secousse, les parents d\u2019\u00e9l\u00e8ves d\u2019une autre \u00e9cole du quartier, l\u2019\u00e9cole Belzunce, ont appris qu\u2019un autre animateur avait \u00e9t\u00e9 interpell\u00e9 en mars\u00a02024 en pleine journ\u00e9e par la <strong>brigade de protection des mineurs<\/strong>. \u00ab\u2009Lors de la r\u00e9union de parents d\u2019\u00e9l\u00e8ves qui a suivi en 2024, il aurait \u00e9t\u00e9 explicitement demand\u00e9 de ne pas en parler et de r\u00e9orienter toute question vers les services de la Ville\u2009\u00bb, d\u00e9nonce le candidat \u00e0 la mairie du 10e.<\/p>\n<p class=\" wall-content\">Personnalisez votre actualit\u00e9 en ajoutant vos villes et m\u00e9dias en favori avec <a href=\"https:\/\/moncompte.actu.fr\" title=\"D\u00e9couvez Mon Actu\" rel=\"nofollow noopener\" data-trk=\"{&quot;cta&quot;:{&quot;action&quot;:&quot;https:\\\/\\\/moncompte.actu.fr&quot;,&quot;category&quot;:&quot;mon compte&quot;,&quot;from&quot;:&quot;article footer&quot;,&quot;name&quot;:&quot;Mon actu&quot;,&quot;type&quot;:&quot;cta&quot;}}\" target=\"_blank\">Mon Actu<\/a>.<\/p>\n","protected":false},"excerpt":{"rendered":"Par Antoine Blanchet Publi\u00e9 le 20 f\u00e9vr. 2026 \u00e0 16h33 Une nouvelle suspicion de violences sexuelles commises sur&hellip;\n","protected":false},"author":2,"featured_media":747815,"comment_status":"","ping_status":"","sticky":false,"template":"","format":"standard","meta":{"footnotes":"","_share_on_mastodon":"0"},"categories":[1888],"tags":[1111,1928,11,1927,1057,1777,674,118,1011,27,12,1926,626,1925,25,799],"class_list":["post-747814","post","type-post","status-publish","format-standard","has-post-thumbnail","category-paris","tag-actu","tag-actu-paris","tag-actualites","tag-actualites-paris","tag-education","tag-eu","tag-europe","tag-faits-divers","tag-fr","tag-france","tag-news","tag-news-paris","tag-paris","tag-paris-news","tag-republique-francaise","tag-violences-sexuelles"],"share_on_mastodon":{"url":"https:\/\/pubeurope.com\/@fr\/116103799602608797","error":""},"_links":{"self":[{"href":"https:\/\/www.europesays.com\/fr\/wp-json\/wp\/v2\/posts\/747814","targetHints":{"allow":["GET"]}}],"collection":[{"href":"https:\/\/www.europesays.com\/fr\/wp-json\/wp\/v2\/posts"}],"about":[{"href":"https:\/\/www.europesays.com\/fr\/wp-json\/wp\/v2\/types\/post"}],"author":[{"embeddable":true,"href":"https:\/\/www.europesays.com\/fr\/wp-json\/wp\/v2\/users\/2"}],"replies":[{"embeddable":true,"href":"https:\/\/www.europesays.com\/fr\/wp-json\/wp\/v2\/comments?post=747814"}],"version-history":[{"count":0,"href":"https:\/\/www.europesays.com\/fr\/wp-json\/wp\/v2\/posts\/747814\/revisions"}],"wp:featuredmedia":[{"embeddable":true,"href":"https:\/\/www.europesays.com\/fr\/wp-json\/wp\/v2\/media\/747815"}],"wp:attachment":[{"href":"https:\/\/www.europesays.com\/fr\/wp-json\/wp\/v2\/media?parent=747814"}],"wp:term":[{"taxonomy":"category","embeddable":true,"href":"https:\/\/www.europesays.com\/fr\/wp-json\/wp\/v2\/categories?post=747814"},{"taxonomy":"post_tag","embeddable":true,"href":"https:\/\/www.europesays.com\/fr\/wp-json\/wp\/v2\/tags?post=747814"}],"curies":[{"name":"wp","href":"https:\/\/api.w.org\/{rel}","templated":true}]}}