{"id":74815,"date":"2025-05-04T18:14:08","date_gmt":"2025-05-04T18:14:08","guid":{"rendered":"https:\/\/www.europesays.com\/fr\/74815\/"},"modified":"2025-05-04T18:14:08","modified_gmt":"2025-05-04T18:14:08","slug":"volodymyr-zelensky-a-prague-vladimir-poutine-se-prepare-a-accueillir-la-chine","status":"publish","type":"post","link":"https:\/\/www.europesays.com\/fr\/74815\/","title":{"rendered":"Volodymyr Zelensky \u00e0 Prague, Vladimir Poutine se pr\u00e9pare \u00e0 accueillir la Chine"},"content":{"rendered":"<p>Vous avez rat\u00e9 les derniers \u00e9v\u00e9nements sur la <a href=\"https:\/\/www.20minutes.fr\/monde\/ukraine\/\" class=\"color-ultramarine c-link\" rel=\"nofollow noopener\" target=\"_blank\">guerre en Ukraine<\/a>\u00a0? <a href=\"https:\/\/www.20minutes.fr\/dossier\/20_minutes\" class=\"color-ultramarine c-link\" rel=\"nofollow noopener\" target=\"_blank\">20 Minutes<\/a> fait le point pour vous tous les soirs. Entre les d\u00e9clarations fortes, les avanc\u00e9es sur le front et le bilan des combats, voici l\u2019essentiel de ce dimanche, 1.166e jour de la guerre.<\/p>\n<p>Le fait du jour<\/p>\n<p>Le pr\u00e9sident ukrainien <a href=\"https:\/\/www.20minutes.fr\/monde\/volodymyr-zelensky\/\" class=\"color-ultramarine c-link\" rel=\"nofollow noopener\" target=\"_blank\">Volodymyr Zelensky<\/a> est arriv\u00e9 ce dimanche \u00e0 Prague pour une visite de deux jours chez son alli\u00e9 tch\u00e8que, qui lui apporte un soutien inconditionnel depuis le d\u00e9but du conflit d\u00e9clench\u00e9 par l\u2019invasion russe de l\u2019Ukraine. Le <a href=\"https:\/\/www.20minutes.fr\/dossier\/ministre_des_affaires_etrangeres\" class=\"color-ultramarine c-link\" rel=\"nofollow noopener\" target=\"_blank\">ministre des Affaires \u00e9trang\u00e8res<\/a> Jan Lipavsky a accueilli \u00e0 l\u2019a\u00e9roport le dirigeant, qu\u2019il a qualifi\u00e9 de \u00ab\u00a0leader du monde libre\u00a0\u00bb, selon un message publi\u00e9 sur le r\u00e9seau social X.<\/p>\n<\/p>\n<p>D\u00e9j\u00e0 venu \u00e0 <a href=\"https:\/\/www.20minutes.fr\/dossier\/prague\" class=\"color-ultramarine c-link\" rel=\"nofollow noopener\" target=\"_blank\">Prague<\/a> en\u00a02023, le pr\u00e9sident ukrainien doit rencontrer dans l\u2019apr\u00e8s-midi le pr\u00e9sident Petr Pavel, un ancien g\u00e9n\u00e9ral de l\u2019Otan, avant de s\u2019entretenir lundi avec le Premier ministre Petr Fiala et d\u2019autres responsables politiques. Au menu des discussions, figurent \u00ab\u00a0d\u2019importantes questions de coop\u00e9ration en termes de d\u00e9fense et de politique\u00a0\u00bb, a indiqu\u00e9 un responsable ukrainien, alors que les discussions men\u00e9es par Washington pour trouver une issue au conflit patinent.<\/p>\n<p>La phrase du jour<\/p>\n<blockquote class=\"mx-m@xs mx-xxl@md color-ultramarine c-citation\">\n<p class=\"font-weight-regular@xs text-italic font-source-serif-pro text-l@xs c-citation__content\">\u00ab\u00a0Nos int\u00e9r\u00eats nationaux co\u00efncident.\u00a0\u00bb<\/p>\n<\/blockquote>\n<p>La <a href=\"https:\/\/www.20minutes.fr\/monde\/russie\/\" class=\"color-ultramarine c-link\" rel=\"nofollow noopener\" target=\"_blank\">Russie <\/a>a annonc\u00e9 dimanche la venue du pr\u00e9sident chinois Xi Jinping du 7 au 10\u00a0mai pour la comm\u00e9moration des 80 ans de la victoire contre l\u2019Allemagne nazie aux c\u00f4t\u00e9s de son homologue Vladimir Poutine, Moscou proposant \u00e0 cette occasion une courte tr\u00eave dans le conflit en Ukraine. Cette visite, qui illustre l\u2019alliance entre la Russie et la <a href=\"https:\/\/www.20minutes.fr\/dossier\/chine\" class=\"color-ultramarine c-link\" rel=\"nofollow noopener\" target=\"_blank\">Chine<\/a>, intervient \u00e9galement en pleine confrontation commerciale entre P\u00e9kin et Washington.<\/p>\n<p><a href=\"https:\/\/www.20minutes.fr\/monde\/ukraine\/\" class=\"c-link c-btn c-btn--primary\" rel=\"nofollow noopener\" target=\"_blank\">Tous nos articles sur la guerre en Ukraine<\/a><\/p>\n<p>Dans un communiqu\u00e9, la pr\u00e9sidence russe indique que <a href=\"https:\/\/www.20minutes.fr\/dossier\/xi_jinping\" class=\"color-ultramarine c-link\" rel=\"nofollow noopener\" target=\"_blank\">Xi Jinping<\/a> participera \u00e9galement \u00e0 des discussions bilat\u00e9rales portant sur le \u00ab\u00a0d\u00e9veloppement des relations de partenariat global et d\u2019interaction strat\u00e9gique\u00a0\u00bb et sur \u00ab\u00a0les probl\u00e8mes actuels \u00e0 l\u2019ordre du jour international et r\u00e9gional\u00a0\u00bb. \u00ab\u00a0Nos int\u00e9r\u00eats nationaux co\u00efncident\u00a0\u00bb, affirme Vladimir Poutine, se f\u00e9licitant de \u00ab\u00a0relations fiables et stables qui renforcement la stabilit\u00e9 du monde\u00a0\u00bb.<\/p>\n<p>Le chiffre du jour<\/p>\n<p>500.000. Membre de l\u2019UE et de l\u2019Otan, la R\u00e9publique tch\u00e8que a accueilli plus d\u2019un demi-million de r\u00e9fugi\u00e9s ukrainiens et fourni \u00e0 <a href=\"https:\/\/www.20minutes.fr\/dossier\/kiev\" class=\"color-ultramarine c-link\" rel=\"nofollow noopener\" target=\"_blank\">Kiev <\/a>des \u00e9quipements militaires, dont des chars, v\u00e9hicules blind\u00e9s et h\u00e9licopt\u00e8res. Le pays de 11\u00a0millions d\u2019habitants coordonne \u00e9galement une initiative europ\u00e9enne, largement financ\u00e9e par l\u2019Alliance atlantique, visant \u00e0 fournir un million d\u2019obus \u00e0 l\u2019Ukraine.<\/p>\n<p>La tendance du jour<\/p>\n<p>L\u2019\u00e9chiquier international du soutien \u00e0 l\u2019Ukraine poursuit sa recomposition. Cinq mois apr\u00e8s l\u2019annulation du premier tour de l\u2019\u00e9lection pr\u00e9sidentielle, la Roumanie retourne aux urnes. L\u2019extr\u00eame droite critique de l\u2019Europe et de l\u2019<a href=\"https:\/\/www.20minutes.fr\/monde\/otan\/\" class=\"color-ultramarine c-link\" rel=\"nofollow noopener\" target=\"_blank\">Otan<\/a> reste favorite, ce qui pourrait remettre en cause le soutien du pays \u00e0 l\u2019Ukraine. Le chef du parti nationaliste AUR nie toutefois toute inclination pour la Russie.<\/p>\n","protected":false},"excerpt":{"rendered":"Vous avez rat\u00e9 les derniers \u00e9v\u00e9nements sur la guerre en Ukraine\u00a0? 20 Minutes fait le point pour vous&hellip;\n","protected":false},"author":2,"featured_media":74816,"comment_status":"","ping_status":"","sticky":false,"template":"","format":"standard","meta":{"footnotes":""},"categories":[1590],"tags":[47,11,1777,674,131,74,1916,12,4868,132,220,135,134],"class_list":{"0":"post-74815","1":"post","2":"type-post","3":"status-publish","4":"format-standard","5":"has-post-thumbnail","7":"category-ukraine","8":"tag-actualite","9":"tag-actualites","10":"tag-eu","11":"tag-europe","12":"tag-guerre-en-ukraine","13":"tag-monde","14":"tag-moscou","15":"tag-news","16":"tag-roumanie","17":"tag-russie","18":"tag-ukraine","19":"tag-vladimir-poutine","20":"tag-volodymyr-zelensky"},"share_on_mastodon":{"url":"https:\/\/pubeurope.com\/@fr\/114450928061918197","error":""},"_links":{"self":[{"href":"https:\/\/www.europesays.com\/fr\/wp-json\/wp\/v2\/posts\/74815","targetHints":{"allow":["GET"]}}],"collection":[{"href":"https:\/\/www.europesays.com\/fr\/wp-json\/wp\/v2\/posts"}],"about":[{"href":"https:\/\/www.europesays.com\/fr\/wp-json\/wp\/v2\/types\/post"}],"author":[{"embeddable":true,"href":"https:\/\/www.europesays.com\/fr\/wp-json\/wp\/v2\/users\/2"}],"replies":[{"embeddable":true,"href":"https:\/\/www.europesays.com\/fr\/wp-json\/wp\/v2\/comments?post=74815"}],"version-history":[{"count":0,"href":"https:\/\/www.europesays.com\/fr\/wp-json\/wp\/v2\/posts\/74815\/revisions"}],"wp:featuredmedia":[{"embeddable":true,"href":"https:\/\/www.europesays.com\/fr\/wp-json\/wp\/v2\/media\/74816"}],"wp:attachment":[{"href":"https:\/\/www.europesays.com\/fr\/wp-json\/wp\/v2\/media?parent=74815"}],"wp:term":[{"taxonomy":"category","embeddable":true,"href":"https:\/\/www.europesays.com\/fr\/wp-json\/wp\/v2\/categories?post=74815"},{"taxonomy":"post_tag","embeddable":true,"href":"https:\/\/www.europesays.com\/fr\/wp-json\/wp\/v2\/tags?post=74815"}],"curies":[{"name":"wp","href":"https:\/\/api.w.org\/{rel}","templated":true}]}}