{"id":74825,"date":"2025-05-04T18:19:09","date_gmt":"2025-05-04T18:19:09","guid":{"rendered":"https:\/\/www.europesays.com\/fr\/74825\/"},"modified":"2025-05-04T18:19:09","modified_gmt":"2025-05-04T18:19:09","slug":"accords-suisse-ue-la-gestion-du-conseil-federal-critiquee-rts-ch","status":"publish","type":"post","link":"https:\/\/www.europesays.com\/fr\/74825\/","title":{"rendered":"Accords Suisse-UE: la gestion du Conseil f\u00e9d\u00e9ral critiqu\u00e9e\u00a0 &#8211; rts.ch"},"content":{"rendered":"<p>Cette semaine, le chef du d\u00e9partement des Affaires \u00e9trang\u00e8res Ignazio Cassis a pr\u00e9sent\u00e9 la d\u00e9cision du Conseil f\u00e9d\u00e9ral de soumettre les nouveaux accords Suisse-UE \u00e0 un r\u00e9f\u00e9rendum facultatif, et non obligatoire. Une d\u00e9cision qui soul\u00e8ve l&rsquo;opposition d&rsquo;une partie du Parlement.<\/p>\n<p>La d\u00e9cision du Conseil f\u00e9d\u00e9ral de faire passer les nouveaux accords Suisse-UE par un r\u00e9f\u00e9rendum facultatif \u2013 et non obligatoire \u2013 est loin d\u2019\u00eatre un d\u00e9tail technique.\u00a0<\/p>\n<p>Les r\u00e8gles du jeu ne sont pas les m\u00eames lors d&rsquo;un r\u00e9f\u00e9rendum facultatif ou lors d&rsquo;un r\u00e9f\u00e9rendum obligatoire. Pour un r\u00e9f\u00e9rendum facultatif, il suffit qu&rsquo;une majorit\u00e9 du peuple dise oui pour que le texte soit adopt\u00e9. Quand un r\u00e9f\u00e9rendum est obligatoire, il faut en plus une majorit\u00e9 des cantons.<\/p>\n<p>Le r\u00e9f\u00e9rendum obligatoire donne ainsi plus de poids \u00e0 certains petits cantons, typiquement ceux de Suisse centrale, traditionnellement eurosceptiques. Les accords Suisse-UE auraient donc moins de chances de succ\u00e8s en r\u00e9f\u00e9rendum obligatoire.<\/p>\n<p>Les conseillers aux Etats en premi\u00e8re ligne<\/p>\n<p>Des critiques \u00e9manent notamment de conseillers aux Etats, dont le r\u00f4le est de porter la voix des cantons au Parlement f\u00e9d\u00e9ral.\u00a0<\/p>\n<p>Heidi Z&rsquo;graggen, repr\u00e9sentante centriste du canton d&rsquo;Uri, estimait dimanche dans les <a href=\"https:\/\/www.nzz.ch\/schweiz\/eu-abstimmung-aufstand-der-staenderaete-ld.1882533\" class=\"inline-link\" data-item-id=\"richtext_link\" target=\"_blank\" rel=\"noopener nofollow\">colonnes de la NZZ am Sonntag <\/a>que \u00ab\u00a0ces trait\u00e9s ont une grande influence sur les cantons\u00a0\u00bb, et que par cons\u00e9quent, leur approbation est n\u00e9cessaire.<\/p>\n<p>Des critiques \u00e9mergent aussi dans le parti d&rsquo;Ignazio Cassis lui-m\u00eame. La PLR Petra G\u00f6ssi, conseill\u00e8re aux Etats schwytzoise, se dit d\u00e9\u00e7ue de la d\u00e9cision du gouvernement.<\/p>\n<p>\u00ab\u00a0Le choix de la continuit\u00e9\u00a0\u00bb<\/p>\n<p>Le Conseil f\u00e9d\u00e9ral a fait le choix de la continuit\u00e9, r\u00e9pond le chef du d\u00e9partement des Affaires \u00e9trang\u00e8res.<\/p>\n<p>\u00ab\u00a0La d\u00e9cision du Conseil f\u00e9d\u00e9ral est une d\u00e9cision constitutionnelle. Il a regard\u00e9 des d\u00e9cisions comparables du pass\u00e9: les bilat\u00e9rales 1 et les bilat\u00e9rales 2. L\u00e0 aussi, le r\u00e9f\u00e9rendum \u00e9tait facultatif\u00a0\u00bb, se d\u00e9fend le conseiller f\u00e9d\u00e9ral PLR.<\/p>\n<p>Au <a href=\"https:\/\/www.srf.ch\/audio\/samstagsrundschau\/haben-sie-angst-vor-den-konservativen-kantonen-herr-cassis?id=AUDI20250503_NR_0031\" class=\"inline-link\" title=\"Haben Sie Angst vor den konservativen Kantonen, Herr Cassis? - Audio &amp; Podcasts - SRF\" data-item-id=\"richtext_link\" target=\"_blank\" rel=\"noopener nofollow\">micro de SRF<\/a>, Ignazio Cassis ajoute: \u00ab\u00a0Est-ce qu&rsquo;il y a quelque chose dans ces n\u00e9gociations qui n\u00e9cessite une modification de la Constitution? La r\u00e9ponse est non\u00a0\u00bb, justifiant par la m\u00eame occasion le non-recours au r\u00e9f\u00e9rendum obligatoire.<\/p>\n<p>En d\u00e9pit des arguments d&rsquo;Ignazio Cassis, l&rsquo;opposition de certains conseillers aux Etats pourrait suffisamment peser dans la balance, car au final, ce sera au Parlement de trancher entre r\u00e9f\u00e9rendum facultatif et r\u00e9f\u00e9rendum obligatoire.<\/p>\n<p> &gt;&gt; Ecouter le Forum des m\u00e9dias au sujet de cette d\u00e9cision du Conseil f\u00e9d\u00e9ral de passer par un r\u00e9f\u00e9rendum facultatif\u00a0:    Forum des m\u00e9dias: voter sur l&rsquo;Europe sans les cantons: la d\u00e9mocratie pi\u00e9tin\u00e9e? \/ Forum \/ 14 min. \/ aujourd&rsquo;hui \u00e0 18:05 Bisbille sur la proc\u00e9dure de consultation pr\u00e9alable des accords<\/p>\n<p>D&rsquo;autres \u00e9lus f\u00e9d\u00e9raux ont \u00e9galement manifest\u00e9 leur d\u00e9saccord face \u00e0 la gestion du dossier europ\u00e9en par Ignazio Cassis. Les membres de la commission de politique ext\u00e9rieure du Conseil national notamment. Ils estiment ne pas avoir acc\u00e8s aux documents n\u00e9cessaires et l&rsquo;ont fait savoir par lettre cette semaine.<\/p>\n<p>Le probl\u00e8me point\u00e9 du doigt par ces \u00e9lus est que les textes du paquet Suisse-UE ne sont disponibles en avant-premi\u00e8re \u2013 avant la publication \u00e0 venir ces prochaines semaines \u2013 que pour deux parlementaires par parti.<\/p>\n<p>Cette d\u00e9marche de mise \u00e0 disposition pr\u00e9alablement \u00e0 la publication officielle avait pour objectif de calmer les impatients. Mais le DFAE s&rsquo;est attir\u00e9 des critiques de parlementaires de gauche comme de droite, qui questionnent la l\u00e9galit\u00e9 de la pratique.\u00a0<\/p>\n<p>Le d\u00e9bat parlementaire officiel sur les accords Suisse-UE ne commencera que l&rsquo;ann\u00e9e prochaine. Mais ces tensions montrent que sur un dossier aussi sensible et important, le Conseil f\u00e9d\u00e9ral ne peut que difficilement se permettre la moindre maladresse.<\/p>\n<p class=\"sources\">Sujet radio: Phil\u00e9as Authier<\/p>\n<p class=\"credit\">Adaptation web: Julien Furrer<\/p>\n","protected":false},"excerpt":{"rendered":"Cette semaine, le chef du d\u00e9partement des Affaires \u00e9trang\u00e8res Ignazio Cassis a pr\u00e9sent\u00e9 la d\u00e9cision du Conseil f\u00e9d\u00e9ral&hellip;\n","protected":false},"author":2,"featured_media":74826,"comment_status":"","ping_status":"","sticky":false,"template":"","format":"standard","meta":{"footnotes":""},"categories":[1586],"tags":[743,11,16947,7257,16948,5949,16309,1777,674,1779,1011,27,418,17941,12,419,1050,8234,316,13921,17942,25,3067,1778,364],"class_list":{"0":"post-74825","1":"post","2":"type-post","3":"status-publish","4":"format-standard","5":"has-post-thumbnail","7":"category-europe","8":"tag-accord","9":"tag-actualites","10":"tag-conseil-federal-suisse","11":"tag-critique","12":"tag-dfae","13":"tag-elections","14":"tag-etat","15":"tag-eu","16":"tag-europe","17":"tag-european-union","18":"tag-fr","19":"tag-france","20":"tag-gouvernement","21":"tag-ignazio-cassis","22":"tag-news","23":"tag-opposition","24":"tag-parlement","25":"tag-parlementaire","26":"tag-politique","27":"tag-referendum","28":"tag-referendum-facultatif","29":"tag-republique-francaise","30":"tag-suisse","31":"tag-ue","32":"tag-union-europeenne"},"share_on_mastodon":{"url":"https:\/\/pubeurope.com\/@fr\/114450947379027381","error":""},"_links":{"self":[{"href":"https:\/\/www.europesays.com\/fr\/wp-json\/wp\/v2\/posts\/74825","targetHints":{"allow":["GET"]}}],"collection":[{"href":"https:\/\/www.europesays.com\/fr\/wp-json\/wp\/v2\/posts"}],"about":[{"href":"https:\/\/www.europesays.com\/fr\/wp-json\/wp\/v2\/types\/post"}],"author":[{"embeddable":true,"href":"https:\/\/www.europesays.com\/fr\/wp-json\/wp\/v2\/users\/2"}],"replies":[{"embeddable":true,"href":"https:\/\/www.europesays.com\/fr\/wp-json\/wp\/v2\/comments?post=74825"}],"version-history":[{"count":0,"href":"https:\/\/www.europesays.com\/fr\/wp-json\/wp\/v2\/posts\/74825\/revisions"}],"wp:featuredmedia":[{"embeddable":true,"href":"https:\/\/www.europesays.com\/fr\/wp-json\/wp\/v2\/media\/74826"}],"wp:attachment":[{"href":"https:\/\/www.europesays.com\/fr\/wp-json\/wp\/v2\/media?parent=74825"}],"wp:term":[{"taxonomy":"category","embeddable":true,"href":"https:\/\/www.europesays.com\/fr\/wp-json\/wp\/v2\/categories?post=74825"},{"taxonomy":"post_tag","embeddable":true,"href":"https:\/\/www.europesays.com\/fr\/wp-json\/wp\/v2\/tags?post=74825"}],"curies":[{"name":"wp","href":"https:\/\/api.w.org\/{rel}","templated":true}]}}