{"id":74837,"date":"2025-05-04T18:28:08","date_gmt":"2025-05-04T18:28:08","guid":{"rendered":"https:\/\/www.europesays.com\/fr\/74837\/"},"modified":"2025-05-04T18:28:08","modified_gmt":"2025-05-04T18:28:08","slug":"gp-de-france-de-motogp-une-vieille-connaissance-de-zarco-en-wildcard-honda","status":"publish","type":"post","link":"https:\/\/www.europesays.com\/fr\/74837\/","title":{"rendered":"GP de France de MotoGP, une vieille connaissance de Zarco en wildcard Honda !"},"content":{"rendered":"<p>C\u2019est, probablement, avec plaisir, que Johann Zarco accueillera le retour de son ex-compagnon de gal\u00e8re, chez Honda en MotoGP. En effet, la marque Japonaise a confirm\u00e9 que Takaaki Nakagami, remerci\u00e9 fin 2024 alors qu\u2019il oeuvrait chez LCR, sera de retour au guidon d\u2019une moto du constructeur nippon, \u00e0 l\u2019occasion du Grand-Prix de France, le week-end prochain.<\/p>\n<p>MotoGP : Takaaki Nakagami pilotera une Honda officielle<\/p>\n<p>Rien de r\u00e9ellement surprenant puisque le HRC avait enr\u00f4l\u00e9 celui que l\u2019on surnomme dans le paddock, \u201cTaka\u201d, en tant que pilote d\u2019essais et de d\u00e9veloppement, au m\u00eame titre qu\u2019Aleix Espargaro. Aussi, l\u2019int\u00e9ress\u00e9 disposera d\u2019un guidon officiel, chose assez sp\u00e9ciale pour un pilote Japonais, compte-tenu du pass\u00e9 glorieux de ce constructeur, en MotoGP. C\u00f4t\u00e9 r\u00e9sultats, l\u2019an pass\u00e9, Takaaki Nakagami s\u2019\u00e9tait class\u00e9 quatorzi\u00e8me du Grand-Prix de France de MotoGP, entrant donc dans les points.<\/p>\n<p>Evidemment, cette saison, le Japonais ne visera probablement pas les points m\u00eame si la Honda qu\u2019il pilotera sera nettement plus performante que cette connue, sur ce circuit du Mans, la saison derni\u00e8re. A noter que l\u2019int\u00e9ress\u00e9 devrait r\u00e9aliser d\u2019autres wild-card en 2025. Et notamment, lors du Grand-Prix du Japon, \u00e0 Motegi.<\/p>\n<blockquote class=\"instagram-media\" style=\"background: #FFF; border: 0; border-radius: 3px; box-shadow: 0 0 1px 0 rgba(0,0,0,0.5),0 1px 10px 0 rgba(0,0,0,0.15); margin: 1px; max-width: 540px; min-width: 326px; padding: 0; width: calc(100% - 2px);\" data-instgrm-captioned=\"\" data-instgrm-permalink=\"https:\/\/www.instagram.com\/p\/DJJTglgtbOJ\/?utm_source=ig_embed&amp;utm_campaign=loading\" data-instgrm-version=\"14\">\n<\/blockquote>\n<p>Article publi\u00e9 le 04\/05\/2025 \u00e0 6h49<\/p>\n<p>                                                            <script async src=\"\/\/www.instagram.com\/embed.js\"><\/script><\/p>\n","protected":false},"excerpt":{"rendered":"C\u2019est, probablement, avec plaisir, que Johann Zarco accueillera le retour de son ex-compagnon de gal\u00e8re, chez Honda en&hellip;\n","protected":false},"author":2,"featured_media":74838,"comment_status":"","ping_status":"","sticky":false,"template":"","format":"standard","meta":{"footnotes":""},"categories":[1413],"tags":[1011,27,1741,1457,1456,1458,60,15544],"class_list":{"0":"post-74837","1":"post","2":"type-post","3":"status-publish","4":"format-standard","5":"has-post-thumbnail","7":"category-moto","8":"tag-fr","9":"tag-france","10":"tag-johann-zarco","11":"tag-moto","12":"tag-motocycle","13":"tag-motogp","14":"tag-sports","15":"tag-takaaki-nakagami"},"share_on_mastodon":{"url":"https:\/\/pubeurope.com\/@fr\/114450982889814739","error":""},"_links":{"self":[{"href":"https:\/\/www.europesays.com\/fr\/wp-json\/wp\/v2\/posts\/74837","targetHints":{"allow":["GET"]}}],"collection":[{"href":"https:\/\/www.europesays.com\/fr\/wp-json\/wp\/v2\/posts"}],"about":[{"href":"https:\/\/www.europesays.com\/fr\/wp-json\/wp\/v2\/types\/post"}],"author":[{"embeddable":true,"href":"https:\/\/www.europesays.com\/fr\/wp-json\/wp\/v2\/users\/2"}],"replies":[{"embeddable":true,"href":"https:\/\/www.europesays.com\/fr\/wp-json\/wp\/v2\/comments?post=74837"}],"version-history":[{"count":0,"href":"https:\/\/www.europesays.com\/fr\/wp-json\/wp\/v2\/posts\/74837\/revisions"}],"wp:featuredmedia":[{"embeddable":true,"href":"https:\/\/www.europesays.com\/fr\/wp-json\/wp\/v2\/media\/74838"}],"wp:attachment":[{"href":"https:\/\/www.europesays.com\/fr\/wp-json\/wp\/v2\/media?parent=74837"}],"wp:term":[{"taxonomy":"category","embeddable":true,"href":"https:\/\/www.europesays.com\/fr\/wp-json\/wp\/v2\/categories?post=74837"},{"taxonomy":"post_tag","embeddable":true,"href":"https:\/\/www.europesays.com\/fr\/wp-json\/wp\/v2\/tags?post=74837"}],"curies":[{"name":"wp","href":"https:\/\/api.w.org\/{rel}","templated":true}]}}