{"id":748395,"date":"2026-02-20T21:40:13","date_gmt":"2026-02-20T21:40:13","guid":{"rendered":"https:\/\/www.europesays.com\/fr\/748395\/"},"modified":"2026-02-20T21:40:13","modified_gmt":"2026-02-20T21:40:13","slug":"ce-quil-cachait-dans-sa-boite-a-gants-lenvoie-en-prison","status":"publish","type":"post","link":"https:\/\/www.europesays.com\/fr\/748395\/","title":{"rendered":"ce qu&rsquo;il cachait dans sa bo\u00eete \u00e0 gants l&rsquo;envoie en prison"},"content":{"rendered":"<p>                    Par<br \/>\n        <strong><br \/>\n            <a href=\"https:\/\/actu.fr\/auteur\/paul-2\" title=\"Consulter tous les articles de Paul Halbedel\" rel=\"nofollow noopener\" target=\"_blank\">Paul Halbedel<\/a><br \/>\n                    <\/strong><\/p>\n<p>        Publi\u00e9 le<\/p>\n<p>            20 f\u00e9vr. 2026 \u00e0 21h11        <\/p>\n<p>Les faits remontent au 15\u00a0janvier dans le Lauragais. Ils ont \u00e9t\u00e9 jug\u00e9s par le <strong>tribunal correctionnel de Toulouse<\/strong> ce mercredi 18\u00a0f\u00e9vrier 2026. Un <strong>homme \u00e2g\u00e9 de 37\u00a0ans<\/strong>, sans ant\u00e9c\u00e9dents en la mati\u00e8re, a comparu pour <strong>d\u00e9tention, importation en contrebande et transport de produits stup\u00e9fiants<\/strong>.<\/p>\n<p>    <a href=\"https:\/\/www.google.com\/maps\/embed?pb=!1m18!1m12!1m3!1d87122.47940305705!2d1.701181901513214!3d43.3841964951661!2m3!1f0!2f0!3f0!3m2!1i1024!2i768!4f13.1!3m3!1m2!1s0x12aef6940e4519f7%3A0x406f69c2f413050!2s31290%20Avignonet-Lauragais!5e0!3m2!1sfr!2sfr!4v1771614566614!5m2!1sfr!2sfr\" title=\"Ouvrie le lien\" rel=\"nofollow noopener\" target=\"_blank\">Cliquez ici pour visualiser le contenu<\/a><\/p>\n<p class=\" wall-content\">Un mois plus t\u00f4t, le mis en cause avait \u00e9t\u00e9 <strong>arr\u00eat\u00e9 par la douane<\/strong> alors qu\u2019il se trouvait dans la commune d\u2019<a href=\"https:\/\/actu.fr\/occitanie\/avignonet-lauragais_31037\" rel=\"nofollow noopener\" target=\"_blank\">Avignonet-Lauragais<\/a>. Lors du contr\u00f4le qui a suivi, <strong>2\u00a0kg de coca\u00efne<\/strong> ont \u00e9t\u00e9 retrouv\u00e9s dans son v\u00e9hicule, pr\u00e9cise le Parquet de Toulouse. L\u2019instance judiciaire ajoute que cette quantit\u00e9 de drogue <strong>avait \u00e9t\u00e9 dissimul\u00e9e dans la bo\u00eete \u00e0 gants<\/strong>.<\/p>\n<p>Peine de prison avec maintien en d\u00e9tention<\/p>\n<p class=\" wall-content\">\u00c0 l\u2019issue de son proc\u00e8s, le trentenaire a \u00e9cop\u00e9 de <strong>trois ans de prison<\/strong>. Les juges se sont par ailleurs prononc\u00e9s en faveur du <strong>maintien en d\u00e9tention<\/strong> du pr\u00e9venu.<\/p>\n<p class=\" wall-content\">Une peine par ailleurs assortie d\u2019une <strong>interdiction de territoire fran\u00e7ais pour une dur\u00e9e de dix ans<\/strong>, mais \u00e9galement d\u2019une <strong>amende douani\u00e8re s\u2019\u00e9levant \u00e0 69\u2009875\u00a0\u20ac<\/strong>.<\/p>\n<p class=\" wall-content\">Personnalisez votre actualit\u00e9 en ajoutant vos villes et m\u00e9dias en favori avec <a href=\"https:\/\/moncompte.actu.fr\" title=\"D\u00e9couvez Mon Actu\" rel=\"nofollow noopener\" data-trk=\"{&quot;cta&quot;:{&quot;action&quot;:&quot;https:\\\/\\\/moncompte.actu.fr&quot;,&quot;category&quot;:&quot;mon compte&quot;,&quot;from&quot;:&quot;article footer&quot;,&quot;name&quot;:&quot;Mon actu&quot;,&quot;type&quot;:&quot;cta&quot;}}\" target=\"_blank\">Mon Actu<\/a>.<\/p>\n","protected":false},"excerpt":{"rendered":"Par Paul Halbedel Publi\u00e9 le 20 f\u00e9vr. 2026 \u00e0 21h11 Les faits remontent au 15\u00a0janvier dans le Lauragais.&hellip;\n","protected":false},"author":2,"featured_media":748396,"comment_status":"","ping_status":"","sticky":false,"template":"","format":"standard","meta":{"footnotes":"","_share_on_mastodon":"0"},"categories":[2816],"tags":[1111,11,1052,1777,674,118,1011,27,303,12,2680,25,2312],"class_list":["post-748395","post","type-post","status-publish","format-standard","has-post-thumbnail","category-toulouse","tag-actu","tag-actualites","tag-drogue","tag-eu","tag-europe","tag-faits-divers","tag-fr","tag-france","tag-justice","tag-news","tag-occitanie","tag-republique-francaise","tag-toulouse"],"share_on_mastodon":{"url":"https:\/\/pubeurope.com\/@fr\/116105132540772866","error":""},"_links":{"self":[{"href":"https:\/\/www.europesays.com\/fr\/wp-json\/wp\/v2\/posts\/748395","targetHints":{"allow":["GET"]}}],"collection":[{"href":"https:\/\/www.europesays.com\/fr\/wp-json\/wp\/v2\/posts"}],"about":[{"href":"https:\/\/www.europesays.com\/fr\/wp-json\/wp\/v2\/types\/post"}],"author":[{"embeddable":true,"href":"https:\/\/www.europesays.com\/fr\/wp-json\/wp\/v2\/users\/2"}],"replies":[{"embeddable":true,"href":"https:\/\/www.europesays.com\/fr\/wp-json\/wp\/v2\/comments?post=748395"}],"version-history":[{"count":0,"href":"https:\/\/www.europesays.com\/fr\/wp-json\/wp\/v2\/posts\/748395\/revisions"}],"wp:featuredmedia":[{"embeddable":true,"href":"https:\/\/www.europesays.com\/fr\/wp-json\/wp\/v2\/media\/748396"}],"wp:attachment":[{"href":"https:\/\/www.europesays.com\/fr\/wp-json\/wp\/v2\/media?parent=748395"}],"wp:term":[{"taxonomy":"category","embeddable":true,"href":"https:\/\/www.europesays.com\/fr\/wp-json\/wp\/v2\/categories?post=748395"},{"taxonomy":"post_tag","embeddable":true,"href":"https:\/\/www.europesays.com\/fr\/wp-json\/wp\/v2\/tags?post=748395"}],"curies":[{"name":"wp","href":"https:\/\/api.w.org\/{rel}","templated":true}]}}