{"id":74845,"date":"2025-05-04T18:32:19","date_gmt":"2025-05-04T18:32:19","guid":{"rendered":"https:\/\/www.europesays.com\/fr\/74845\/"},"modified":"2025-05-04T18:32:19","modified_gmt":"2025-05-04T18:32:19","slug":"pascal-legitimus-papa-investi-il-devoile-les-metiers-que-ses-filles-ont-choisi","status":"publish","type":"post","link":"https:\/\/www.europesays.com\/fr\/74845\/","title":{"rendered":"Pascal L\u00e9gitimus papa investi, il d\u00e9voile les m\u00e9tiers que ses filles ont choisi"},"content":{"rendered":"<p>Samedi 4 mai 2025, Isabelle Morizet s&rsquo;est entretenu avec Pascal L\u00e9gitimus dans son \u00e9mission Il n&rsquo;y a pas qu&rsquo;une vie dans la vie diffus\u00e9e sur Europe 1. Un entretien pendant lequel l&rsquo;humoriste a parl\u00e9 de ses deux filles, toutes les deux int\u00e9ress\u00e9es par la r\u00e9alisation.<\/p>\n<p><b>Pascal L\u00e9gitimus<\/b> est l&rsquo;un des membres phares des <a href=\"https:\/\/www.programme-tv.net\/news\/tv\/373067-on-a-peur-de-ca-pascal-legitimus-annonce-une-mauvaise-nouvelle-et-explique-pourquoi-le-retour-des-inconnus-au-cinema-est-reporte\/\" data-api-deeplink=\"teleloisirs:\/\/news\/373067\" target=\"_blank\" rel=\"noopener\">Inconnus<\/a>. Pendant des ann\u00e9es, il a fait rire les Fran\u00e7ais avec ses deux acolytes <a href=\"https:\/\/www.programme-tv.net\/biographie\/12980-bourdon-didier\/\" data-link-people=\"93998bed-3c53-439d-b1d0-4da7160ba7ba\" target=\"_blank\" rel=\"noopener\"><b>Didier Bourdon<\/b><\/a> et<b> Bernard Campan<\/b> \u00e0 travers des sketchs cultissimes. Aujourd&rsquo;hui, le com\u00e9dien s&rsquo;est tourn\u00e9 vers sa passion pour les coquillages. Des photos qu&rsquo;il vend et qu&rsquo;il expose un peu partout en France. Pour en parler, il a choisi l&rsquo;\u00e9mission Il n&rsquo;y a pas qu&rsquo;une vie dans la vie anim\u00e9e par Isabelle Morizet sur Europe 1. \u00ab\u00a0Depuis tout petit, j&rsquo;adore les coquillages. J&rsquo;allais sur les plages les collecter (&#8230;) \u00c7a me fascinait. Je les mettais chez moi dans des petites bo\u00eetes et il y a quelques ann\u00e9es, je me suis mis \u00e0 les photographier parce que je trouvais \u00e7a amusant, dans un premier temps pour mettre chez moi, des petites d\u00e9corations. Ce sont des amis qui m&rsquo;ont pouss\u00e9 \u00e0 faire conna\u00eetre mon travail parce qu&rsquo;ils trouvaient \u00e7a plut\u00f4t sympathique\u00a0\u00bb, a-t-il expliqu\u00e9 dans le num\u00e9ro du samedi 3 mai 2025.<\/p>\n<p>Pascal L\u00e9gitimus, un papa investi pour l&rsquo;avenir de ses deux filles, il se confie<\/p>\n<p>Dans ce m\u00eame entretien, Pascal L\u00e9gitimus a accept\u00e9 de parler de ses deux filles, <b>Luna-Darling<\/b> et <b>Alicia-Belle<\/b>. \u00ab\u00a0Les deux veulent \u00eatre derri\u00e8re la cam\u00e9ra. C&rsquo;est act\u00e9, c&rsquo;est ent\u00e9rin\u00e9. Je trouve \u00e7a bien, je les encourage\u00a0\u00bb, a-t-il fait savoir. Et d&rsquo;ajouter : \u00ab\u00a0Il y en a une qui veut \u00eatre r\u00e9alisatrice, une qui est d\u00e9j\u00e0 journaliste. On les a aid\u00e9es, pour qu&rsquo;elles fassent des \u00e9tudes d\u00e9j\u00e0\u2026 La premi\u00e8re, \u00e7a va, c&rsquo;est fini. La seconde est plut\u00f4t tr\u00e8s bonne \u00e0 l&rsquo;\u00e9cole, donc maintenant, elle aura le choix\u00a0\u00bb. C&rsquo;est en 1996 que Pascal L\u00e9gitimus est devenu papa pour la premi\u00e8re fois. Sa fille Luna-Darling est n\u00e9e d&rsquo;une premi\u00e8re relation. Quant \u00e0 la seconde, c&rsquo;est en 2011 qu&rsquo;elle a vu le jour, fruit de son amour avec la productrice et com\u00e9dienne Adriana Santini qu&rsquo;il a \u00e9pous\u00e9e en 2010.<\/p>\n<p>                        \u00ab\u00a0Je pense \u00eatre un p\u00e8re assez \u00e9quilibr\u00e9, un peu s\u00e9v\u00e8re quand il faut l&rsquo;\u00eatre\u00a0\u00bb<\/p>\n<p>En d\u00e9cembre 2023, dans les colonnes du magazine Ici Paris, Pascal L\u00e9gitimus s&rsquo;\u00e9tait confi\u00e9 sur <a href=\"https:\/\/www.programme-tv.net\/news\/people\/342032-un-peu-severe-pascal-legitimus-se-confie-comme-rarement-sur-sa-fille-de-douze-ans-et-evoque-son-education\/\" data-api-deeplink=\"teleloisirs:\/\/news\/342032\" target=\"_blank\" rel=\"noopener\">son r\u00f4le de p\u00e8re<\/a>. \u00ab\u00a0Je pense \u00eatre un p\u00e8re assez \u00e9quilibr\u00e9, un peu s\u00e9v\u00e8re quand il faut l&rsquo;\u00eatre. J&rsquo;essaie de m&rsquo;adapter. Pour le moment, tout va bien, ma fille a 18,54 de moyenne g\u00e9n\u00e9rale. Je ne me plains pas\u00a0\u00bb, disait-il.<\/p>\n","protected":false},"excerpt":{"rendered":"Samedi 4 mai 2025, Isabelle Morizet s&rsquo;est entretenu avec Pascal L\u00e9gitimus dans son \u00e9mission Il n&rsquo;y a pas&hellip;\n","protected":false},"author":2,"featured_media":74846,"comment_status":"","ping_status":"","sticky":false,"template":"","format":"standard","meta":{"footnotes":""},"categories":[1359],"tags":[244,58,59,1011,27,17944,17943,973,1630],"class_list":{"0":"post-74845","1":"post","2":"type-post","3":"status-publish","4":"format-standard","5":"has-post-thumbnail","7":"category-people","8":"tag-commentaire","9":"tag-divertissement","10":"tag-entertainment","11":"tag-fr","12":"tag-france","13":"tag-les-inconnus","14":"tag-pascal-lu00e9gitimus","15":"tag-people","16":"tag-zapping"},"share_on_mastodon":{"url":"https:\/\/pubeurope.com\/@fr\/114450998439833770","error":""},"_links":{"self":[{"href":"https:\/\/www.europesays.com\/fr\/wp-json\/wp\/v2\/posts\/74845","targetHints":{"allow":["GET"]}}],"collection":[{"href":"https:\/\/www.europesays.com\/fr\/wp-json\/wp\/v2\/posts"}],"about":[{"href":"https:\/\/www.europesays.com\/fr\/wp-json\/wp\/v2\/types\/post"}],"author":[{"embeddable":true,"href":"https:\/\/www.europesays.com\/fr\/wp-json\/wp\/v2\/users\/2"}],"replies":[{"embeddable":true,"href":"https:\/\/www.europesays.com\/fr\/wp-json\/wp\/v2\/comments?post=74845"}],"version-history":[{"count":0,"href":"https:\/\/www.europesays.com\/fr\/wp-json\/wp\/v2\/posts\/74845\/revisions"}],"wp:featuredmedia":[{"embeddable":true,"href":"https:\/\/www.europesays.com\/fr\/wp-json\/wp\/v2\/media\/74846"}],"wp:attachment":[{"href":"https:\/\/www.europesays.com\/fr\/wp-json\/wp\/v2\/media?parent=74845"}],"wp:term":[{"taxonomy":"category","embeddable":true,"href":"https:\/\/www.europesays.com\/fr\/wp-json\/wp\/v2\/categories?post=74845"},{"taxonomy":"post_tag","embeddable":true,"href":"https:\/\/www.europesays.com\/fr\/wp-json\/wp\/v2\/tags?post=74845"}],"curies":[{"name":"wp","href":"https:\/\/api.w.org\/{rel}","templated":true}]}}