{"id":74849,"date":"2025-05-04T18:34:08","date_gmt":"2025-05-04T18:34:08","guid":{"rendered":"https:\/\/www.europesays.com\/fr\/74849\/"},"modified":"2025-05-04T18:34:08","modified_gmt":"2025-05-04T18:34:08","slug":"enrique-martinez-le-livre-reste-fondamental-pour-la-fnac","status":"publish","type":"post","link":"https:\/\/www.europesays.com\/fr\/74849\/","title":{"rendered":"Enrique Martinez: \u00abLe livre reste fondamental pour la Fnac\u00bb"},"content":{"rendered":"<p>              <a tabindex=\"-1\" title=\"Alexandre Beuchat\" href=\"https:\/\/www.letemps.ch\/profil\/alexandre-beuchat\" target=\"_blank\" rel=\"noopener\"><\/p>\n<p>                    <img decoding=\"async\" src=\"https:\/\/www.europesays.com\/fr\/wp-content\/uploads\/2025\/05\/1746383648_173_small.jpeg\" class=\"lazy\" alt=\"\"\/><\/p>\n<p><\/a>        <\/p>\n<p>    Publi\u00e9 le 04 mai 2025 \u00e0 20:25.<\/p>\n<p> 8 min. de lecture<\/p>\n<p class=\"article__abstract-call-to-action\" data-ariato=\"TrackableElement\" data-trackable-element-type=\"article_abstract_cta\" data-trackable-element-location=\"article_header\" data-trackable-element-id=\"493304\">\n          <a data-event=\"click-&gt;clicked\" href=\"https:\/\/www.letemps.ch\/abonnements\" target=\"_blank\" rel=\"noopener\">Abonnez-vous<\/a> pour acc\u00e9der au r\u00e9sum\u00e9 en 20 secondes.\n        <\/p>\n<p>Le 16\u00a0novembre 2000, la Fnac d\u00e9barquait en Suisse romande, en ouvrant un premier magasin \u00e0 Gen\u00e8ve. Depuis, la cha\u00eene fran\u00e7aise de produits culturels, \u00e9lectroniques et \u00e9lectrom\u00e9nagers a connu des hauts et des bas. Lanc\u00e9 en 2020, le partenariat avec Manor a permis de plus que doubler le nombre de points de vente. Mais la Fnac a \u00e9chou\u00e9 \u00e0 s\u2019implanter en Suisse al\u00e9manique.<\/p>\n<p>Dans un entretien au Temps, le directeur g\u00e9n\u00e9ral du groupe Fnac Darty, Enrique Martinez, revient sur la place de l\u2019entreprise en Suisse. Discr\u00e8te sur ses activit\u00e9s, la firme vient de lever le voile sur ses affaires. Dor\u00e9navant, elle publiera son chiffre d\u2019affaires par pays chaque trimestre. L\u2019an dernier, la Fnac a r\u00e9alis\u00e9 des ventes en Suisse de 206,5\u00a0millions d\u2019euros, en l\u00e9g\u00e8re progression \u00e0 p\u00e9rim\u00e8tre comparable. L\u2019enseigne y compte 415 employ\u00e9s.<\/p>\n<p>    La suite de l&rsquo;article vous int\u00e9resse?<\/p>\n<p>Tout comprendre, mieux s\u2019informer: acc\u00e9dez au meilleur du journalisme suisse avec notre offre combin\u00e9e <b>Le Temps &amp; Heidi.news<\/b>. &#13;\n<\/p>\n<p>Abonnez-vous en quelques clics et payez facilement avec <b>Twint<\/b>.<\/p>\n<p>    <a class=\"button is-secondary\" data-event=\"click-&gt;clicked\" href=\"https:\/\/www.letemps.ch\/abonnements?wall_id=1\" target=\"_blank\" rel=\"noopener\">Je m\u2019abonne<\/a><\/p>\n<p class=\"post-subscribe__login\">\n        Vous avez d\u00e9j\u00e0 un compte ?<br \/>\n        <a class=\"link\" rel=\"nofollow noopener\" href=\"https:\/\/www.letemps.ch\/compte\/connexion?return_to=https%3A%2F%2Fwww.letemps.ch%2Feconomie%2Fentreprises%2Fenrique-martinez-le-livre-reste-fondamental-pour-la-fnac\" target=\"_blank\">Se connecter<\/a>\n      <\/p>\n","protected":false},"excerpt":{"rendered":"Publi\u00e9 le 04 mai 2025 \u00e0 20:25. 8 min. de lecture Abonnez-vous pour acc\u00e9der au r\u00e9sum\u00e9 en 20&hellip;\n","protected":false},"author":2,"featured_media":74850,"comment_status":"","ping_status":"","sticky":false,"template":"","format":"standard","meta":{"footnotes":""},"categories":[1357],"tags":[1379,215,58,12113,59,1011,27,1380,301],"class_list":{"0":"post-74849","1":"post","2":"type-post","3":"status-publish","4":"format-standard","5":"has-post-thumbnail","7":"category-livres","8":"tag-books","9":"tag-commerce","10":"tag-divertissement","11":"tag-economie-suisse","12":"tag-entertainment","13":"tag-fr","14":"tag-france","15":"tag-livres","16":"tag-premium"},"share_on_mastodon":{"url":"https:\/\/pubeurope.com\/@fr\/114451006684111040","error":""},"_links":{"self":[{"href":"https:\/\/www.europesays.com\/fr\/wp-json\/wp\/v2\/posts\/74849","targetHints":{"allow":["GET"]}}],"collection":[{"href":"https:\/\/www.europesays.com\/fr\/wp-json\/wp\/v2\/posts"}],"about":[{"href":"https:\/\/www.europesays.com\/fr\/wp-json\/wp\/v2\/types\/post"}],"author":[{"embeddable":true,"href":"https:\/\/www.europesays.com\/fr\/wp-json\/wp\/v2\/users\/2"}],"replies":[{"embeddable":true,"href":"https:\/\/www.europesays.com\/fr\/wp-json\/wp\/v2\/comments?post=74849"}],"version-history":[{"count":0,"href":"https:\/\/www.europesays.com\/fr\/wp-json\/wp\/v2\/posts\/74849\/revisions"}],"wp:featuredmedia":[{"embeddable":true,"href":"https:\/\/www.europesays.com\/fr\/wp-json\/wp\/v2\/media\/74850"}],"wp:attachment":[{"href":"https:\/\/www.europesays.com\/fr\/wp-json\/wp\/v2\/media?parent=74849"}],"wp:term":[{"taxonomy":"category","embeddable":true,"href":"https:\/\/www.europesays.com\/fr\/wp-json\/wp\/v2\/categories?post=74849"},{"taxonomy":"post_tag","embeddable":true,"href":"https:\/\/www.europesays.com\/fr\/wp-json\/wp\/v2\/tags?post=74849"}],"curies":[{"name":"wp","href":"https:\/\/api.w.org\/{rel}","templated":true}]}}