{"id":74851,"date":"2025-05-04T18:35:08","date_gmt":"2025-05-04T18:35:08","guid":{"rendered":"https:\/\/www.europesays.com\/fr\/74851\/"},"modified":"2025-05-04T18:35:08","modified_gmt":"2025-05-04T18:35:08","slug":"ca-se-discutede-jean-luc-delarue-de-retour-estelle-denis-fait-une-folle-revelation-sur-lemission","status":"publish","type":"post","link":"https:\/\/www.europesays.com\/fr\/74851\/","title":{"rendered":"\u00ab\u00a0\u00c7a se discute\u00a0\u00bbde Jean-Luc Delarue de retour : Estelle Denis fait une folle r\u00e9v\u00e9lation sur l&rsquo;\u00e9mission"},"content":{"rendered":"<p>La disparition pr\u00e9matur\u00e9e de<a href=\"https:\/\/www.public.fr\/estelle-denis-recupere-lanimation-de-ca-se-discute-apres-jean-luc-delarue-mireille-dumas-pas-franchement-fan\" target=\"_blank\" rel=\"noopener\"> Jean-Luc Delarue<\/a> en 2012 avait mis un terme symbolique \u00e0 toute une \u00e9poque t\u00e9l\u00e9vis\u00e9e, laissant un vide dans le paysage m\u00e9diatique fran\u00e7ais. Pas facile de <strong>trouver l\u2019\u00e9quilibre entre profondeur, respect des t\u00e9moins et impact \u00e9motionnel.<\/strong><\/p>\n<p>C\u2019est dans ce contexte qu\u2019en 2025, <strong>RMC Story a d\u00e9cid\u00e9 de faire rena\u00eetre le genre testimonial <\/strong>en relan\u00e7ant l\u2019\u00e9mission iconique \u00ab\u00a0\u00c7a se discute\u00a0\u00bb avec un nouveau visage, celui d&rsquo;<a href=\"https:\/\/www.public.fr\/estelle-denis-le-visage-amoche-apres-setre-pris-une-porte\" target=\"_blank\" rel=\"noopener\">Estelle Denis<\/a>, une nouvelle approche mais surtout en conservant l\u2019ADN du programme original.<\/p>\n<p>Estelle Denis aux commandes d&rsquo;une version modernis\u00e9e<\/p>\n<p>Pendant plus de quinze ans, \u00ab\u00a0\u00c7a se discute\u00a0\u00bb a occup\u00e9 une place particuli\u00e8re dans le paysage audiovisuel fran\u00e7ais. Diffus\u00e9e sur France 2 de 1994 \u00e0 2009 et incarn\u00e9e par Jean-Luc Delarue, cette \u00e9mission a r\u00e9ussi le pari\u00a0d&rsquo;imposer <strong>un format novateur m\u00ealant t\u00e9moignages poignants, reportages immersifs et d\u00e9bats en plateau<\/strong>.<\/p>\n<p>Le programme abordait sans d\u00e9tour <strong>des th\u00e9matiques de soci\u00e9t\u00e9 complexes\u202favec une rare sensibilit\u00e9<\/strong>. <br \/>\u00c0 travers une parole lib\u00e9r\u00e9e et un ton r\u00e9solument empathique, ce rendez-vous a contribu\u00e9 \u00e0 <strong>d\u00e9mocratiser le d\u00e9bat intimiste \u00e0 la t\u00e9l\u00e9vision <\/strong>bien avant l\u2019explosion des talk-shows actuels.<\/p>\n<p>C\u2019est <strong>Estelle Denis, journaliste et animatrice populaire du groupe RMC<\/strong>, qui a \u00e9t\u00e9 choisie pour incarner cette nouvelle mouture intitul\u00e9e \u00ab\u00a0\u00c7a se discute, jour apr\u00e8s jour\u00a0\u00bb. D\u00e9j\u00e0 \u00e0 la t\u00eate de l\u2019\u00e9mission \u00ab\u00a0Estelle Midi\u00a0\u00bb, elle est connue pour sa proximit\u00e9 avec le public et son aisance \u00e0 faire \u00e9merger le d\u00e9bat.<\/p>\n<p>Ce dimanche 4 mai dans \u00ab\u00a0C m\u00e9diatique\u00a0\u00bb sur France 5, <strong>l&rsquo;animatrice s&rsquo;est livr\u00e9e \u00e0 quelques confidences sur la nouvelle formule de l&rsquo;\u00e9mission<\/strong>, notamment avec une s\u00e9quence intitul\u00e9e \u00a0\u00bb Que sont-ils devenus\u00a0\u00bb avec d&rsquo;anciens t\u00e9moins embl\u00e9matiques. <\/p>\n<p>Avec Estelle Denis, une nouvelle formule pour un public en qu\u00eate de sens<\/p>\n<p>Dans un paysage m\u00e9diatique satur\u00e9 de formats courts et de d\u00e9bats houleux sur les plateaux, \u00ab\u00a0\u00c7a se discute\u00a0\u00bb version 2025 fait le pari inverse\u202f: <strong>prendre le temps<\/strong>.<\/p>\n<p>Cette approche r\u00e9sonne particuli\u00e8rement avec les nouvelles attentes du public, qui, \u00e0 l\u2019\u00e8re des podcasts, des r\u00e9seaux sociaux et de la d\u00e9fiance envers les m\u00e9dias classiques, aspire \u00e0 <strong>plus d\u2019authenticit\u00e9 et de profondeur<\/strong>. <\/p>\n<p>Le choix de <a href=\"https:\/\/www.public.fr\/une-chroniqueuse-des-grandes-gueules-rmc-story-fond-en-larmes-en-parlant-de-ses-difficultes-pour-nourrir-son-fils\" target=\"_blank\" rel=\"noopener\">RMC Story<\/a> de relancer ce programme peut ainsi s\u2019interpr\u00e9ter comme une volont\u00e9 strat\u00e9gique de <strong>redonner \u00e0 la cha\u00eene une identit\u00e9 \u00e9ditoriale plus marqu\u00e9e<\/strong>. Jusqu\u2019ici cantonn\u00e9e \u00e0 des formats d\u2019enqu\u00eate ou de t\u00e9l\u00e9-r\u00e9alit\u00e9 documentaire, la cha\u00eene ambitionne d\u00e9sormais d\u2019investir le champ du <strong>magazine de soci\u00e9t\u00e9 avec une empreinte plus qualitative. <br \/><\/strong><br \/>Si le succ\u00e8s est au rendez-vous, il pourrait ouvrir la voie \u00e0 d\u2019autres renaissances de ce type, voire \u00e0 la <strong>cr\u00e9ation de formats originaux inspir\u00e9s du m\u00eame esprit<\/strong>.<\/p>\n<p>Reste \u00e0 voir si le public r\u00e9pondra pr\u00e9sent. Car si la nostalgie joue en faveur du programme, il faudra que cette nouvelle version trouve son propre souffle, son rythme et surtout sa l\u00e9gitimit\u00e9 dans <strong>une \u00e9poque m\u00e9diatique tr\u00e8s diff\u00e9rente de celle des ann\u00e9es 90<\/strong>. <\/p>\n<p>      Mentionn\u00e9s dans cet article<\/p>\n<p>\u00c0 lire aussi<\/p>\n","protected":false},"excerpt":{"rendered":"La disparition pr\u00e9matur\u00e9e de Jean-Luc Delarue en 2012 avait mis un terme symbolique \u00e0 toute une \u00e9poque t\u00e9l\u00e9vis\u00e9e,&hellip;\n","protected":false},"author":2,"featured_media":74852,"comment_status":"","ping_status":"","sticky":false,"template":"","format":"standard","meta":{"footnotes":""},"categories":[1356],"tags":[58,59,17945,1011,27,252,1364],"class_list":{"0":"post-74851","1":"post","2":"type-post","3":"status-publish","4":"format-standard","5":"has-post-thumbnail","7":"category-television","8":"tag-divertissement","9":"tag-entertainment","10":"tag-estelle-denis","11":"tag-fr","12":"tag-france","13":"tag-television","14":"tag-tv"},"share_on_mastodon":{"url":"https:\/\/pubeurope.com\/@fr\/114451010341023336","error":""},"_links":{"self":[{"href":"https:\/\/www.europesays.com\/fr\/wp-json\/wp\/v2\/posts\/74851","targetHints":{"allow":["GET"]}}],"collection":[{"href":"https:\/\/www.europesays.com\/fr\/wp-json\/wp\/v2\/posts"}],"about":[{"href":"https:\/\/www.europesays.com\/fr\/wp-json\/wp\/v2\/types\/post"}],"author":[{"embeddable":true,"href":"https:\/\/www.europesays.com\/fr\/wp-json\/wp\/v2\/users\/2"}],"replies":[{"embeddable":true,"href":"https:\/\/www.europesays.com\/fr\/wp-json\/wp\/v2\/comments?post=74851"}],"version-history":[{"count":0,"href":"https:\/\/www.europesays.com\/fr\/wp-json\/wp\/v2\/posts\/74851\/revisions"}],"wp:featuredmedia":[{"embeddable":true,"href":"https:\/\/www.europesays.com\/fr\/wp-json\/wp\/v2\/media\/74852"}],"wp:attachment":[{"href":"https:\/\/www.europesays.com\/fr\/wp-json\/wp\/v2\/media?parent=74851"}],"wp:term":[{"taxonomy":"category","embeddable":true,"href":"https:\/\/www.europesays.com\/fr\/wp-json\/wp\/v2\/categories?post=74851"},{"taxonomy":"post_tag","embeddable":true,"href":"https:\/\/www.europesays.com\/fr\/wp-json\/wp\/v2\/tags?post=74851"}],"curies":[{"name":"wp","href":"https:\/\/api.w.org\/{rel}","templated":true}]}}