{"id":74855,"date":"2025-05-04T18:37:40","date_gmt":"2025-05-04T18:37:40","guid":{"rendered":"https:\/\/www.europesays.com\/fr\/74855\/"},"modified":"2025-05-04T18:37:40","modified_gmt":"2025-05-04T18:37:40","slug":"george-lucas-revele-enfin-pourquoi-yoda-parle-a-lenvers-dans-star-wars","status":"publish","type":"post","link":"https:\/\/www.europesays.com\/fr\/74855\/","title":{"rendered":"George Lucas r\u00e9v\u00e8le enfin pourquoi Yoda parle \u00e0 l&rsquo;envers dans Star Wars"},"content":{"rendered":"<p>            Par<br \/>\n        <strong><br \/>\n            <a href=\"https:\/\/actu.fr\/auteur\/martin-leduc\" title=\"Consulter tous les articles de Martin Leduc\" rel=\"nofollow noopener\" target=\"_blank\">Martin Leduc<\/a><br \/>\n        <\/strong><\/p>\n<p>        Publi\u00e9 le<\/p>\n<p>            4 mai 2025 \u00e0 6h00        <\/p>\n<p>C\u2019est le 4 mai, ce dimanche. Et qui dit 4 mai dit may the 4th, la <a href=\"https:\/\/actu.fr\/loisirs-culture\/star-wars-pourquoi-on-celebre-la-saga-tous-les-4-mai_59390942.html\" rel=\"nofollow noopener\" target=\"_blank\">f\u00eate non officielle de Star Wars<\/a> ! L\u2019hexalogie (qui n\u2019en est plus une maintenant) est c\u00e9l\u00e9br\u00e9e partout dans le monde aujourd\u2019hui pour le jeu de mot li\u00e9 \u00e0 la date.\u00a0<\/p>\n<p class=\" wall-content\">En anglais, le 4 mai se dit \u00ab\u00a0may the fourth\u00a0\u00bb, ce qui ressemble grandement \u00e0 \u00ab\u00a0May the force [be with you]\u00a0\u00bb, autrement dit \u00ab\u00a0que la force soit avec toi\u00a0\u00bb. Un gimmick bien connu de l\u2019univers d\u2019Anakin, Obi Wan, Luke, Le\u00efa et tant d\u2019autres.\u00a0<\/p>\n<p class=\" wall-content\">Et alors que Star Wars f\u00eatait d\u00e9j\u00e0 ses 45 ans (d\u00e9j\u00e0 !) cette semaine, George Lucas, le r\u00e9alisateur, a d\u00e9livr\u00e9 une anecdote qui r\u00e9pondra enfin \u00e0 la question que nombre de spectateurs se sont pos\u00e9e en visionnant le film pour la premi\u00e8re fois.\u00a0<\/p>\n<p>\u00ab\u00a0Ta peur tu dois nommer\u00a0\u00bb<\/p>\n<p class=\" wall-content\">Mais pourquoi donc ma\u00eetre Yoda parle-t-il ainsi, \u00e0 l\u2019envers ? Une caract\u00e9ristique pr\u00e9sente dans la version originale, mais aussi dans la version fran\u00e7aise, o\u00f9 Yoda est doubl\u00e9 par Fran\u00e7ois Chaumette d\u2019abord, puis Jean Lescot ensuite.<\/p>\n<p class=\" wall-content\">Lorsqu\u2019il parle, le petit bonhomme vert inverse l\u2019ordre de certains mots. Lui donnant un c\u00f4t\u00e9 un peu foutraque, mais aussi un aspect philosophique.\u00a0<\/p>\n<p>Vid\u00e9os : en ce moment sur Actu<\/p>\n<blockquote class=\"ac-article-quote wall-content\">\n<p>Quand le c\u00f4t\u00e9 obscur tu regardes, m\u00e9fie-toi\u2026 car le c\u00f4t\u00e9 obscur te regarde aussi. <\/p>\n<p>    <strong>Ma\u00eetre Yoda<\/strong>\n            <\/p><\/blockquote>\n<p class=\" wall-content\">Au lieu de dire \u00ab\u00a0tu dois nommer ta peur\u00a0\u00bb, ma\u00eetre Yoda dit plut\u00f4t \u00ab\u00a0ta peur tu dois nommer\u00a0\u00bb. C\u2019est comme \u00e7a pour chacune des interventions du sage.<\/p>\n<p>Le philosophe du film<\/p>\n<p class=\" wall-content\">Et c\u2019est justement pour cela qu\u2019il parle ainsi : \u00ab\u00a0Il \u00e9tait en quelque sorte le philosophe du film. Il fallait que je trouve un moyen d\u2019inciter les gens \u00e0 vraiment l\u2019\u00e9couter, surtout les enfants de 12 ans\u00a0\u00bb, a expliqu\u00e9 George Lucas au m\u00e9dia <a href=\"https:\/\/variety.com\/2025\/film\/news\/why-yoda-talks-backwards-star-wars-george-lucas-1236378508\/\" rel=\"nofollow noopener\" target=\"_blank\">Variety<\/a>.\u00a0<\/p>\n<p class=\" wall-content\">\n<p class=\" wall-content\">\u00ab\u00a0Si on parle anglais normal, les gens n\u2019\u00e9coutent pas beaucoup. Mais s\u2019il a un accent, ou si on a vraiment du mal \u00e0 comprendre ce qu\u2019il dit, ils se concentrent sur ce qu\u2019il dit\u00a0\u00bb, a-t-il poursuivi.\u00a0<\/p>\n<p class=\" wall-content\">Un coup de g\u00e9nie (parmi tant d\u2019autres) pour George Lucas, au vu de la popularit\u00e9 \u00e9norme dont jouit encore Ma\u00eetre Yoda en 2025. Clairement, m\u00eame 45 ans apr\u00e8s, parler en inversant les mots fait automatiquement penser \u00e0 ce petit bonhomme vert.<\/p>\n<p class=\" wall-content\">Son succ\u00e8s est tel que Grogu, un membre de son esp\u00e8ce, est m\u00eame pr\u00e9sent dans une des s\u00e9ries spin off The Mandalorian.<\/p>\n<p class=\" wall-content\">Suivez toute l\u2019actualit\u00e9 de vos villes et m\u00e9dias favoris en vous inscrivant \u00e0 <a href=\"https:\/\/moncompte.actu.fr\" title=\"D\u00e9couvez Mon Actu\" rel=\"nofollow noopener\" data-trk=\"{&quot;cta&quot;:{&quot;action&quot;:&quot;https:\\\/\\\/moncompte.actu.fr&quot;,&quot;category&quot;:&quot;mon compte&quot;,&quot;from&quot;:&quot;article footer&quot;,&quot;name&quot;:&quot;Mon actu&quot;,&quot;type&quot;:&quot;cta&quot;}}\" target=\"_blank\">Mon Actu<\/a>.<\/p>\n","protected":false},"excerpt":{"rendered":"Par Martin Leduc Publi\u00e9 le 4 mai 2025 \u00e0 6h00 C\u2019est le 4 mai, ce dimanche. Et qui&hellip;\n","protected":false},"author":2,"featured_media":74856,"comment_status":"","ping_status":"","sticky":false,"template":"","format":"standard","meta":{"footnotes":""},"categories":[1354],"tags":[650,58,59,1346,1011,27,1757,1652,1360],"class_list":{"0":"post-74855","1":"post","2":"type-post","3":"status-publish","4":"format-standard","5":"has-post-thumbnail","7":"category-films","8":"tag-cinema","9":"tag-divertissement","10":"tag-entertainment","11":"tag-films","12":"tag-fr","13":"tag-france","14":"tag-insolite","15":"tag-loisirs-culture","16":"tag-movies"},"share_on_mastodon":{"url":"https:\/\/pubeurope.com\/@fr\/114451018095247834","error":""},"_links":{"self":[{"href":"https:\/\/www.europesays.com\/fr\/wp-json\/wp\/v2\/posts\/74855","targetHints":{"allow":["GET"]}}],"collection":[{"href":"https:\/\/www.europesays.com\/fr\/wp-json\/wp\/v2\/posts"}],"about":[{"href":"https:\/\/www.europesays.com\/fr\/wp-json\/wp\/v2\/types\/post"}],"author":[{"embeddable":true,"href":"https:\/\/www.europesays.com\/fr\/wp-json\/wp\/v2\/users\/2"}],"replies":[{"embeddable":true,"href":"https:\/\/www.europesays.com\/fr\/wp-json\/wp\/v2\/comments?post=74855"}],"version-history":[{"count":0,"href":"https:\/\/www.europesays.com\/fr\/wp-json\/wp\/v2\/posts\/74855\/revisions"}],"wp:featuredmedia":[{"embeddable":true,"href":"https:\/\/www.europesays.com\/fr\/wp-json\/wp\/v2\/media\/74856"}],"wp:attachment":[{"href":"https:\/\/www.europesays.com\/fr\/wp-json\/wp\/v2\/media?parent=74855"}],"wp:term":[{"taxonomy":"category","embeddable":true,"href":"https:\/\/www.europesays.com\/fr\/wp-json\/wp\/v2\/categories?post=74855"},{"taxonomy":"post_tag","embeddable":true,"href":"https:\/\/www.europesays.com\/fr\/wp-json\/wp\/v2\/tags?post=74855"}],"curies":[{"name":"wp","href":"https:\/\/api.w.org\/{rel}","templated":true}]}}