{"id":74859,"date":"2025-05-04T18:40:08","date_gmt":"2025-05-04T18:40:08","guid":{"rendered":"https:\/\/www.europesays.com\/fr\/74859\/"},"modified":"2025-05-04T18:40:08","modified_gmt":"2025-05-04T18:40:08","slug":"en-photo-le-baiser-passionne-de-gigi-hadid-et-bradley-cooper-qui-officialise-enfin-leur-relation","status":"publish","type":"post","link":"https:\/\/www.europesays.com\/fr\/74859\/","title":{"rendered":"En photo, le baiser passionn\u00e9 de Gigi Hadid et Bradley Cooper qui officialise (enfin) leur relation"},"content":{"rendered":"<p>Apr\u00e8s des mois de rumeurs et d\u2019apparitions discr\u00e8tes, l\u2019acteur am\u00e9ricain et la s\u0153ur de Bella Hadid ont officialis\u00e9 leur couple lors du trenti\u00e8me anniversaire de la mannequin, avec un baiser passionn\u00e9 publi\u00e9 sur les r\u00e9seaux sociaux.<\/p>\n<p class=\"fig-paragraph\">Cela fait pr\u00e8s d\u2019un an et demi qu\u2019on les observe tra\u00eenant ensemble. Pourtant,\u00a0<a href=\"http:\/\/madame.lefigaro.fr\/celebrites\/il-m-apporte-tellement-gigi-hadid-devoile-enfin-des-details-de-sa-relation-avec-bradley-cooper-20250311\" data-fig-type=\"Article\" data-gtm-custom-categorie=\"navigation\" data-gtm-custom-action=\"crossclick\" data-gtm-custom-label=\"Contextuel\" data-gtm-event=\"customEventSPE\" data-fig-domain=\"MADAME\" target=\"_blank\" rel=\"noopener\">Bradley Cooper<\/a>\u00a0et\u00a0<a href=\"http:\/\/madame.lefigaro.fr\/style\/news\/des-ray-ban-connectees-les-portraits-de-gigi-hadid-la-nouvelle-adresse-birkenstock-l-imperatif-madame-20250404\" data-fig-type=\"Article\" data-gtm-custom-categorie=\"navigation\" data-gtm-custom-action=\"crossclick\" data-gtm-custom-label=\"Contextuel\" data-gtm-event=\"customEventSPE\" data-fig-domain=\"MADAME\" target=\"_blank\" rel=\"noopener\">Gigi Hadid<\/a>\u00a0n\u2019avaient jamais officialis\u00e9 leur relation, laissant circuler les rumeurs, tant\u00f4t de romance, tant\u00f4t d\u2019amiti\u00e9. Ce samedi 3 mai, le top-mod\u00e8le a finalement partag\u00e9 sur ses r\u00e9seaux sociaux une s\u00e9rie de clich\u00e9s immortalisant sa soir\u00e9e d\u2019anniversaire \u00e0 New York, organis\u00e9e une semaine plus t\u00f4t, en pr\u00e9sence de nombreuses c\u00e9l\u00e9brit\u00e9s, dont Emily Ratajkowski et Zo\u00eb Kravitz. Parmi les images, l\u2019une d\u2019elles (la 18e) la montre \u00e9changeant un baiser passionn\u00e9 avec l\u2019acteur, devant le g\u00e2teau c\u00e9l\u00e9brant ses 30 ans. Une image qui a provoqu\u00e9 l\u2019euphorie de sa communaut\u00e9.<\/p>\n<p class=\"fig-paragraph\">\u00abGigi Hadid en train d\u2019embrasser Bradley Cooper\u00a0!!! Oh mon dieuuuu\u00bb, \u00abToi et Bradley \u00eates si mignons\u00bb, peut-on ainsi lire parmi les commentaires et les messages de f\u00e9licitations. \u00abJe me sens tellement chanceuse d\u2019avoir 30 ans\u00a0! Je me sens chanceuse pour tous les hauts et les bas \u2014 pour toutes les le\u00e7ons et les cadeaux que chacun m\u2019a apport\u00e9s. Avoir la chance de tout ressentir\u00a0! Je suis tellement chanceuse d\u2019\u00eatre une maman, une amie, une partenaire, une s\u0153ur, une fille, une coll\u00e8gue de certaines des personnes les plus incroyables qui soient\u00a0!! Tellement chanceuse de recevoir chaque jour \u2014 et la semaine derni\u00e8re pour mon anniversaire \u2014 le soutien et les encouragements de VOUS TOUS \u00e0 travers le monde. J\u2019ai pass\u00e9 un moment extraordinaire, et c\u2019est une b\u00e9n\u00e9diction de me sentir autant aim\u00e9e\u00a0!! Je suis reconnaissante et honor\u00e9e d\u2019entrer dans cette nouvelle d\u00e9cennie. x x G\u00bb, a \u00e9crit Gigi Hadid sous son carrousel.<\/p>\n<p>Une idylle n\u00e9e dans la sph\u00e8re priv\u00e9e<\/p>\n<p class=\"fig-paragraph\">Les rumeurs autour de son couple avec Bradley Cooper avaient commenc\u00e9 \u00e0 circuler \u00e0 l\u2019automne 2023, apr\u00e8s plusieurs apparitions discr\u00e8tes dans les rues de New York. Mais ni Gigi Hadid, 30 ans, ni Bradley Cooper, 50 ans, n\u2019avaient jusqu\u2019ici confirm\u00e9 leur romance. En mars dernier, dans les colonnes de Vogue, le mannequin avait seulement \u00e9voqu\u00e9 une relation \u00abtr\u00e8s romantique et heureuse\u00bb avec un partenaire qu\u2019elle se disait \u00abvraiment chanceuse\u00bb d\u2019avoir rencontr\u00e9, lors d\u2019un anniversaire d\u2019amis communs.<\/p>\n<p class=\"fig-paragraph\">Gigi Hadid, maman de la petite Khai, n\u00e9e de sa pr\u00e9c\u00e9dente relation avec Zayn Malik, et Bradley Cooper, p\u00e8re de Lea De Seine avec Irina Shayk, forment d\u00e9sormais l\u2019un des couples les plus en vue de 2025.<\/p>\n","protected":false},"excerpt":{"rendered":"Apr\u00e8s des mois de rumeurs et d\u2019apparitions discr\u00e8tes, l\u2019acteur am\u00e9ricain et la s\u0153ur de Bella Hadid ont officialis\u00e9&hellip;\n","protected":false},"author":2,"featured_media":74860,"comment_status":"","ping_status":"","sticky":false,"template":"","format":"standard","meta":{"footnotes":""},"categories":[8],"tags":[976,17948,17947,972,58,59,638,1011,27,17946,977,973,975,974],"class_list":{"0":"post-74859","1":"post","2":"type-post","3":"status-publish","4":"format-standard","5":"has-post-thumbnail","7":"category-divertissement","8":"tag-actu-people","9":"tag-baiser","10":"tag-bradley-cooper","11":"tag-celebrite","12":"tag-divertissement","13":"tag-entertainment","14":"tag-figaro","15":"tag-fr","16":"tag-france","17":"tag-gigi-hadid","18":"tag-madame","19":"tag-people","20":"tag-potain-de-stars","21":"tag-star"},"share_on_mastodon":{"url":"https:\/\/pubeurope.com\/@fr\/114451029934542299","error":""},"_links":{"self":[{"href":"https:\/\/www.europesays.com\/fr\/wp-json\/wp\/v2\/posts\/74859","targetHints":{"allow":["GET"]}}],"collection":[{"href":"https:\/\/www.europesays.com\/fr\/wp-json\/wp\/v2\/posts"}],"about":[{"href":"https:\/\/www.europesays.com\/fr\/wp-json\/wp\/v2\/types\/post"}],"author":[{"embeddable":true,"href":"https:\/\/www.europesays.com\/fr\/wp-json\/wp\/v2\/users\/2"}],"replies":[{"embeddable":true,"href":"https:\/\/www.europesays.com\/fr\/wp-json\/wp\/v2\/comments?post=74859"}],"version-history":[{"count":0,"href":"https:\/\/www.europesays.com\/fr\/wp-json\/wp\/v2\/posts\/74859\/revisions"}],"wp:featuredmedia":[{"embeddable":true,"href":"https:\/\/www.europesays.com\/fr\/wp-json\/wp\/v2\/media\/74860"}],"wp:attachment":[{"href":"https:\/\/www.europesays.com\/fr\/wp-json\/wp\/v2\/media?parent=74859"}],"wp:term":[{"taxonomy":"category","embeddable":true,"href":"https:\/\/www.europesays.com\/fr\/wp-json\/wp\/v2\/categories?post=74859"},{"taxonomy":"post_tag","embeddable":true,"href":"https:\/\/www.europesays.com\/fr\/wp-json\/wp\/v2\/tags?post=74859"}],"curies":[{"name":"wp","href":"https:\/\/api.w.org\/{rel}","templated":true}]}}