{"id":74865,"date":"2025-05-04T18:43:08","date_gmt":"2025-05-04T18:43:08","guid":{"rendered":"https:\/\/www.europesays.com\/fr\/74865\/"},"modified":"2025-05-04T18:43:08","modified_gmt":"2025-05-04T18:43:08","slug":"guerre-en-ukraine-zelensky-ne-croit-pas-que-la-russie-respectera-le-cessez-le-feu-de-trois-jours-le-figaro","status":"publish","type":"post","link":"https:\/\/www.europesays.com\/fr\/74865\/","title":{"rendered":"Guerre en Ukraine : Zelensky \u00abne croit pas\u00bb que la Russie respectera le cessez-le-feu de trois jours &#8211; Le Figaro"},"content":{"rendered":"<ol>\n<li><a href=\"https:\/\/news.google.com\/rss\/articles\/CBMi2wFBVV95cUxQcG05N0xWRDhpNUJ1T1NwR3lHNnpuVDdPWXJEWnFZaHlvdU9LVFBmbmljX2o4bEJ6RFItbWg4RG94X1N5dVU0a1c1bjJ3Yk9Nczh0YWFpbmE4dmVxd2ltUnJ1cGZBajduUHljS3JYZGVMT1NrdUNyQ3hCLWpFTUNqdUEyU2FNd3o4NmZOWWN4dVFVdHp1V05sUzJER2gtNUY0dXpKdjVqa0Z3VlVXSzJLSnlpWnl4bUlES0hNSU5KZzZmSTVGRFMteWV5TUJ2N1NDdHJOWHdmZ2kza0k?oc=5\" target=\"_blank\" rel=\"nofollow noopener\">Guerre en Ukraine : Zelensky \u00abne croit pas\u00bb que la Russie respectera le cessez-le-feu de trois jours<\/a>&nbsp;&nbsp;Le Figaro<\/li>\n<li><a href=\"https:\/\/news.google.com\/rss\/articles\/CBMi7gFBVV95cUxOZ2dFOVVGcjhrRDBCb2hnVTJtdl8wcWZja1pacDFndmxTa3hIaEhNN0Q2ZzVZUXNoUjloRjZLdEdwNWdoMDJvNEdFdmE5YzVRRDROYUpiR1Z3MkVMODJ1UE1NV0pMaWVPQ0Frc283TnU3eEtnRXYtb0JMRnBaVWFWNE9QOGt3Rk5rVVdCTTdEZlFVbFFCTG5idnFCUVNVMlppYlZFM1lYTnpBY2VsZXUyWDc5amg1UDdCOFRiUTlUMXE0LW16c21ITU9qc0lYenFOaUFVTGFCSUQ2TTRtYlVmYlVMMzJuTUt2WURTWnV3?oc=5\" target=\"_blank\" rel=\"nofollow noopener\">Guerre en Ukraine : Volodymyr Zelensky r\u00e9clame \u00e0 nouveau une tr\u00eave de trente jours. Retrouvez les informations du 27 avril au 3 mai.<\/a>&nbsp;&nbsp;Le Monde.fr<\/li>\n<li><a href=\"https:\/\/news.google.com\/rss\/articles\/CBMi_AFBVV95cUxPaGdEMGgwbVhWUWE0b0kyOVVUTk1aVjZ5NVpfM3ZwSmlmQW5vNldJWGw3dy1iOXlNMjh0UW1TenJVRWlRbHhsZ1NBSXZZVzA0bm81RTgzYTJna1FscDMySkNHSk9TZEFRNTFyY2NrYWdnYkFLaXpOaUp3NE8xZlpIOXUwc2ZzQ0pqVG5mZ0twcnFwY2tCbHpZYThsWl9xLVdEWTQtWXc3bXlSWkxudkVwQ0NlbGZtdTRQQ1gyQ3FjQVZsRmpMXzYyTFVicjcxNHAwanl3U2xRbDlqY2pTMVZUcW95RHZoRkhUVWtHV3RzVDl2czQ4VUk4UWFDdUQ?oc=5\" target=\"_blank\" rel=\"nofollow noopener\">Volodymyr Zelensky \u00ab\u00a0ne croit pas\u00a0\u00bb que la Russie respectera le cessez-le-feu de trois jours<\/a>&nbsp;&nbsp;France Info<\/li>\n<li><a href=\"https:\/\/news.google.com\/rss\/articles\/CBMi8gFBVV95cUxQRk00eUhZNU5xZHhGcmRYRWJpRElsVTM0V19XdnJyQVdDbTFlVEVnS1VTSURUd1Z5Z0h4Q2dkalVzX0lDaFJCUkcxOVJOX0xNZFJFZHpzVTBOenBiYUphOWttcHlfczhZTkRrN0dfRXBWaXR6anZmbEwwdVk5aDdJdXFCQnBDMVF4djlZUDdkSVRJNUJOVkd0bUdaTkNSY0hwS2VMTFR2U05kX3l5Mmh2T2xDLU4tTXBkenQ1Y0JlUU5QcWZLamFrV2VhRzFSamh5SjhqeHJSOS1RNGJtdWc0anNaZWxFOUVWTlMwWTM3NlZMZw?oc=5\" target=\"_blank\" rel=\"nofollow noopener\">R\u00e9f\u00e9rendum sur le budget, Donald Trump, Guerre en Ukraine\u2026 L&rsquo;interview compl\u00e8te de Thierry Breton<\/a>&nbsp;&nbsp;BFMTV<\/li>\n<li><a href=\"https:\/\/news.google.com\/rss\/articles\/CBMivwFBVV95cUxQX1VTN0xXZDlSZVZOWlkyR0tiWmVtZ2lya29vUmZZcDNfVXVESVFvek9sT09nalR3NV9YT1V6OS10YlQ5U21WRnEyNWcyM3gwYlRzbHJMWlkyenZxeU9NLU5WblNwUEZrbWJVX2t4OE4xdEtCTEliRWk5dUNReWstUzVvblRKVFEwcWx2QUZZeDNib1JJV0I5X1dxYWUyWHVWLThZRGt1Z0M0cHpYeFlBVEg1X2tEaGhMRWtLMWdHYw?oc=5\" target=\"_blank\" rel=\"nofollow noopener\">Guerre en Ukraine : Zelensky refuse de \u00ab jouer \u00bb avec les tr\u00eaves de Poutine mais confiant sur Trump<\/a>&nbsp;&nbsp;20 Minutes<\/li>\n<\/ol>\n","protected":false},"excerpt":{"rendered":"Guerre en Ukraine : Zelensky \u00abne croit pas\u00bb que la Russie respectera le cessez-le-feu de trois jours&nbsp;&nbsp;Le Figaro&hellip;\n","protected":false},"author":2,"featured_media":74866,"comment_status":"","ping_status":"","sticky":false,"template":"","format":"standard","meta":{"footnotes":""},"categories":[5],"tags":[259,11,260,1011,27,131,14,261,12,262,134,28],"class_list":{"0":"post-74865","1":"post","2":"type-post","3":"status-publish","4":"format-standard","5":"has-post-thumbnail","7":"category-international","8":"tag-actualite-internationale","9":"tag-actualites","10":"tag-affaires-etrangeres","11":"tag-fr","12":"tag-france","13":"tag-guerre-en-ukraine","14":"tag-international","15":"tag-ministere-des-affaires-etrangeres","16":"tag-news","17":"tag-politique-etrangere","18":"tag-volodymyr-zelensky","19":"tag-world"},"share_on_mastodon":{"url":"https:\/\/pubeurope.com\/@fr\/114451041653741479","error":""},"_links":{"self":[{"href":"https:\/\/www.europesays.com\/fr\/wp-json\/wp\/v2\/posts\/74865","targetHints":{"allow":["GET"]}}],"collection":[{"href":"https:\/\/www.europesays.com\/fr\/wp-json\/wp\/v2\/posts"}],"about":[{"href":"https:\/\/www.europesays.com\/fr\/wp-json\/wp\/v2\/types\/post"}],"author":[{"embeddable":true,"href":"https:\/\/www.europesays.com\/fr\/wp-json\/wp\/v2\/users\/2"}],"replies":[{"embeddable":true,"href":"https:\/\/www.europesays.com\/fr\/wp-json\/wp\/v2\/comments?post=74865"}],"version-history":[{"count":0,"href":"https:\/\/www.europesays.com\/fr\/wp-json\/wp\/v2\/posts\/74865\/revisions"}],"wp:featuredmedia":[{"embeddable":true,"href":"https:\/\/www.europesays.com\/fr\/wp-json\/wp\/v2\/media\/74866"}],"wp:attachment":[{"href":"https:\/\/www.europesays.com\/fr\/wp-json\/wp\/v2\/media?parent=74865"}],"wp:term":[{"taxonomy":"category","embeddable":true,"href":"https:\/\/www.europesays.com\/fr\/wp-json\/wp\/v2\/categories?post=74865"},{"taxonomy":"post_tag","embeddable":true,"href":"https:\/\/www.europesays.com\/fr\/wp-json\/wp\/v2\/tags?post=74865"}],"curies":[{"name":"wp","href":"https:\/\/api.w.org\/{rel}","templated":true}]}}