{"id":74888,"date":"2025-05-04T18:57:18","date_gmt":"2025-05-04T18:57:18","guid":{"rendered":"https:\/\/www.europesays.com\/fr\/74888\/"},"modified":"2025-05-04T18:57:18","modified_gmt":"2025-05-04T18:57:18","slug":"grenoble-vanlife-expo-le-salon-du-voyage-nomade-qui-prend-de-lampleur","status":"publish","type":"post","link":"https:\/\/www.europesays.com\/fr\/74888\/","title":{"rendered":"Grenoble. Vanlife Expo, le salon du voyage nomade qui prend de l\u2019ampleur"},"content":{"rendered":"<p>Les samedi\u00a017 et dimanche 18\u00a0mai, le grand hall d\u2019Alpexpo accueillera le salon Vanlife Expo. Au programme, 100 exposants, conf\u00e9rences, un p\u00f4le aventure, une structure de franchissement et mobilit\u00e9 durable.<\/p>\n<p>Pour sa deuxi\u00e8me \u00e9dition en Is\u00e8re, Vanlife Expo Grenoble voit grand. Le salon du voyage en v\u00e9hicules am\u00e9nag\u00e9s, vans, fourgons, camions, tentes de toit et mini-caravanes s\u2019installe cette ann\u00e9e dans le grand hall d\u2019Alpexpo.<\/p>\n<p>Avec des fabricants, am\u00e9nageurs, artisans, marques d\u2019\u00e9quipements, associations\u2026 c\u2019est tout un \u00e9cosyst\u00e8me qui se donne rendez-vous.<\/p>\n<p>L\u2019\u00e9v\u00e9nement est aussi pens\u00e9 pour le grand public\u00a0: passionn\u00e9s de voyage, familles en qu\u00eate d\u2019\u00e9vasion, curieux de la vanlife ou porteurs de projets trouveront sur place des conseils, des v\u00e9hicules \u00e0 visiter, des solutions d\u2019autonomie\u2026 et un go\u00fbt d\u2019ailleurs.<\/p>\n<p class=\"note\">Samedi 17\u00a0mai de 10\u00a0h \u00e0 19\u00a0h et dimanche 18\u00a0mai de 10\u00a0h \u00e0 18\u00a0h. Alpexpo, grand hall. Tarifs\u00a0: 8\u00a0\u20ac avant le 10\u00a0mai et 10\u00a0\u20ac ensuite. Infos pratiques et billetterie\u00a0:\u00a0<a href=\"http:\/\/www.vanlife-expo.com\" target=\"_blank\" rel=\"noopener\">www.vanlife-expo.com<\/a>\u00a0<\/p>\n","protected":false},"excerpt":{"rendered":"Les samedi\u00a017 et dimanche 18\u00a0mai, le grand hall d\u2019Alpexpo accueillera le salon Vanlife Expo. Au programme, 100 exposants,&hellip;\n","protected":false},"author":2,"featured_media":74889,"comment_status":"","ping_status":"","sticky":false,"template":"","format":"standard","meta":{"footnotes":""},"categories":[9566],"tags":[1111,11,646,2430,7782,130,1687,112,1777,674,1685,1011,27,2731,2732,12,25,800],"class_list":{"0":"post-74888","1":"post","2":"type-post","3":"status-publish","4":"format-standard","5":"has-post-thumbnail","7":"category-grenoble","8":"tag-actu","9":"tag-actualites","10":"tag-automobile","11":"tag-auvergne-rhone-alpes","12":"tag-balades-et-randonnees","13":"tag-consommation","14":"tag-culture-loisirs","15":"tag-edition-grenoble-agglomeration","16":"tag-eu","17":"tag-europe","18":"tag-foire-et-salon","19":"tag-fr","20":"tag-france","21":"tag-grenoble","22":"tag-grenoble-bassin","23":"tag-news","24":"tag-republique-francaise","25":"tag-transports"},"share_on_mastodon":{"url":"https:\/\/pubeurope.com\/@fr\/114451096734411083","error":""},"_links":{"self":[{"href":"https:\/\/www.europesays.com\/fr\/wp-json\/wp\/v2\/posts\/74888","targetHints":{"allow":["GET"]}}],"collection":[{"href":"https:\/\/www.europesays.com\/fr\/wp-json\/wp\/v2\/posts"}],"about":[{"href":"https:\/\/www.europesays.com\/fr\/wp-json\/wp\/v2\/types\/post"}],"author":[{"embeddable":true,"href":"https:\/\/www.europesays.com\/fr\/wp-json\/wp\/v2\/users\/2"}],"replies":[{"embeddable":true,"href":"https:\/\/www.europesays.com\/fr\/wp-json\/wp\/v2\/comments?post=74888"}],"version-history":[{"count":0,"href":"https:\/\/www.europesays.com\/fr\/wp-json\/wp\/v2\/posts\/74888\/revisions"}],"wp:featuredmedia":[{"embeddable":true,"href":"https:\/\/www.europesays.com\/fr\/wp-json\/wp\/v2\/media\/74889"}],"wp:attachment":[{"href":"https:\/\/www.europesays.com\/fr\/wp-json\/wp\/v2\/media?parent=74888"}],"wp:term":[{"taxonomy":"category","embeddable":true,"href":"https:\/\/www.europesays.com\/fr\/wp-json\/wp\/v2\/categories?post=74888"},{"taxonomy":"post_tag","embeddable":true,"href":"https:\/\/www.europesays.com\/fr\/wp-json\/wp\/v2\/tags?post=74888"}],"curies":[{"name":"wp","href":"https:\/\/api.w.org\/{rel}","templated":true}]}}