{"id":74892,"date":"2025-05-04T18:59:09","date_gmt":"2025-05-04T18:59:09","guid":{"rendered":"https:\/\/www.europesays.com\/fr\/74892\/"},"modified":"2025-05-04T18:59:09","modified_gmt":"2025-05-04T18:59:09","slug":"challenge-espoirs-ce-sera-une-finale-rennes","status":"publish","type":"post","link":"https:\/\/www.europesays.com\/fr\/74892\/","title":{"rendered":"Challenge Espoirs. Ce sera une finale Rennes"},"content":{"rendered":"<p><img loading=\"lazy\" decoding=\"async\" width=\"696\" height=\"464\" class=\"lazyload entry-thumb\" src=\"https:\/\/www.europesays.com\/fr\/wp-content\/uploads\/2025\/05\/Challenge-Espoirs-J5-Rennes-Ajaccio-1-696x464.jpg\" alt=\"Challenge Espoirs J5 Rennes - Ajaccio (1)\" title=\"Challenge Espoirs J5 Rennes - Ajaccio (1)\"\/>Les Rennais contre l&rsquo;AC Ajaccio en phase de poule. (Photo Philippe Le Brech)<\/p>\n<p style=\"font-size:20px\"><strong>Les demi-finales du Challenge Espoirs ont eu lieu ce week-end, et ce sont le Stade Rennais et l\u2019AS Monaco qui se sont qualifi\u00e9s.<\/strong><\/p>\n<p>Les deux premiers de la phase de poule du Challenge Espoirs ont eu des destins diff\u00e9rents ce week-end lors des demi-finales. Le Toulouse FC recevait le Stade Rennais mais les jeunes Violets ont \u00e9t\u00e9 \u00e9limin\u00e9s aux tirs aux buts face au Stade Rennais. Le club d\u2019Ille-et-Vilaine affrontera une vieille connaissance en finale. L\u2019AS Monaco a en effet domin\u00e9 Montpellier H\u00e9rault SC sans trop de difficult\u00e9s (3-1).<\/p>\n<p>Lors de la phase de poule, le 11 octobre dernier, les Mon\u00e9gasques s\u2019\u00e9taient impos\u00e9s contre les Rennais (1-0). Les deux formations se retrouveront au centre technique r\u00e9gional de la Ligue de Bretagne \u00e0 Ploufragan le mercredi 21 mai. Et le vainqueur restera le premier de cette nouvelle comp\u00e9tition lanc\u00e9e cette saison.<\/p>\n<p><strong>Les r\u00e9sultats des demi-finales<\/strong><\/p>\n<p><strong>Toulouse FC \u2013 Stade Rennais FC : 1-1 (1-1) 3-4 tab<br \/>Buts : <\/strong>Edjouma (42\u2032) pour Toulouse ; Ngongue (22\u2032) pour Rennes<\/p>\n<p><strong>AS Monaco \u2013 Montpellier H\u00e9rault SC : 3-1 (2-1)<br \/>Buts : <\/strong>Michal (17\u2032), Ilenikhena (35\u2032, 68\u2032) pour Monaco ; Thiland H\u00e9rard (40\u2032) pour Montpellier<\/p>\n<p><a href=\"https:\/\/footamateur.ouest-france.fr\/author\/jerome\/\" class=\"url\" title=\"J\u00e9rome Bouchacourt\" rel=\"nofollow noopener\" target=\"_blank\"> <img decoding=\"async\" src=\"https:\/\/www.europesays.com\/fr\/wp-content\/uploads\/2025\/04\/moi.jpg\" class=\"lazyload photo\" width=\"250\" alt=\"J\u00e9rome Bouchacourt\"\/><\/a><\/p>\n<p>SEO et r\u00e9dacteur en chef chez Sports M\u00e9dia<\/p>\n<p>Petit Suisse originaire de Lausanne, au bord du Lac L\u00e9man, biberonn\u00e9 au Beaujolais depuis ses deux ans, J\u00e9r\u00f4me a migr\u00e9 dans la r\u00e9gion nantaise au d\u00e9but des ann\u00e9es 2000. Fan de football amateur, de ses rencontres, ses terrains bossel\u00e9s, ses buvettes conviviales, il est aussi un bon vivant qui adore la cuisine lyonnaise ! Fondateur de Footamateur.fr en mai 2014.<\/p>\n<p><a href=\"https:\/\/footamateur.ouest-france.fr\/author\/jerome\/\" class=\"url\" title=\"J\u00e9rome Bouchacourt\" rel=\"nofollow noopener\" target=\"_blank\"><img decoding=\"async\" src=\"https:\/\/www.europesays.com\/fr\/wp-content\/uploads\/2025\/04\/moi.jpg\" class=\"lazyload photo\" width=\"250\" alt=\"J\u00e9rome Bouchacourt\"\/><\/a>Les derniers articles par J\u00e9rome Bouchacourt (<a href=\"https:\/\/footamateur.ouest-france.fr\/author\/jerome\/\" rel=\"nofollow noopener\" target=\"_blank\">tout voir<\/a>)<\/p>\n","protected":false},"excerpt":{"rendered":"Les Rennais contre l&rsquo;AC Ajaccio en phase de poule. (Photo Philippe Le Brech) Les demi-finales du Challenge Espoirs&hellip;\n","protected":false},"author":2,"featured_media":74893,"comment_status":"","ping_status":"","sticky":false,"template":"","format":"standard","meta":{"footnotes":""},"categories":[2821],"tags":[1111,11,2266,829,17951,1777,674,1011,27,12,584,25,3087],"class_list":{"0":"post-74892","1":"post","2":"type-post","3":"status-publish","4":"format-standard","5":"has-post-thumbnail","7":"category-rennes","8":"tag-actu","9":"tag-actualites","10":"tag-as-monaco","11":"tag-bretagne","12":"tag-challenge-espoirs","13":"tag-eu","14":"tag-europe","15":"tag-fr","16":"tag-france","17":"tag-news","18":"tag-rennes","19":"tag-republique-francaise","20":"tag-stade-rennais"},"share_on_mastodon":{"url":"https:\/\/pubeurope.com\/@fr\/114451104661584941","error":""},"_links":{"self":[{"href":"https:\/\/www.europesays.com\/fr\/wp-json\/wp\/v2\/posts\/74892","targetHints":{"allow":["GET"]}}],"collection":[{"href":"https:\/\/www.europesays.com\/fr\/wp-json\/wp\/v2\/posts"}],"about":[{"href":"https:\/\/www.europesays.com\/fr\/wp-json\/wp\/v2\/types\/post"}],"author":[{"embeddable":true,"href":"https:\/\/www.europesays.com\/fr\/wp-json\/wp\/v2\/users\/2"}],"replies":[{"embeddable":true,"href":"https:\/\/www.europesays.com\/fr\/wp-json\/wp\/v2\/comments?post=74892"}],"version-history":[{"count":0,"href":"https:\/\/www.europesays.com\/fr\/wp-json\/wp\/v2\/posts\/74892\/revisions"}],"wp:featuredmedia":[{"embeddable":true,"href":"https:\/\/www.europesays.com\/fr\/wp-json\/wp\/v2\/media\/74893"}],"wp:attachment":[{"href":"https:\/\/www.europesays.com\/fr\/wp-json\/wp\/v2\/media?parent=74892"}],"wp:term":[{"taxonomy":"category","embeddable":true,"href":"https:\/\/www.europesays.com\/fr\/wp-json\/wp\/v2\/categories?post=74892"},{"taxonomy":"post_tag","embeddable":true,"href":"https:\/\/www.europesays.com\/fr\/wp-json\/wp\/v2\/tags?post=74892"}],"curies":[{"name":"wp","href":"https:\/\/api.w.org\/{rel}","templated":true}]}}