{"id":74899,"date":"2025-05-04T19:04:10","date_gmt":"2025-05-04T19:04:10","guid":{"rendered":"https:\/\/www.europesays.com\/fr\/74899\/"},"modified":"2025-05-04T19:04:10","modified_gmt":"2025-05-04T19:04:10","slug":"au-ministere-pour-defendre-lenseignement-en-breton-en-loire-atlantique","status":"publish","type":"post","link":"https:\/\/www.europesays.com\/fr\/74899\/","title":{"rendered":"Au minist\u00e8re pour d\u00e9fendre l\u2019enseignement en breton en Loire-Atlantique"},"content":{"rendered":"<p>Le collectif pour l\u2019<a href=\"https:\/\/www.ouest-france.fr\/education\/enseignement-du-breton-les-effectifs-progressent-en-loire-atlantique-05e6778c-820c-11ee-bde6-ffd69d6d2e11\" target=\"_blank\" rel=\"nofollow noopener\">enseignement en breton<\/a> dans les \u00e9coles publiques de Loire-Atlantique (<a href=\"https:\/\/nantes.maville.com\/actu\/actudet_-enseignement-du-breton-dans-le-public.-l-academie-de-nantes-poursuivie-au-tribunal-administratif-_8-5467774_actu.Htm\" target=\"_blank\" rel=\"nofollow noopener\">Cebep 44<\/a>) sera re\u00e7u ce lundi 5\u00a0mai 2025 au minist\u00e8re de l\u2019\u00c9ducation nationale par le cabinet d\u2019Elisabeth Borne. \u00a0Nous demandons un conventionnement entre \u00c9tat, collectivit\u00e9s et office public de la langue bretonne, dans l\u2019objectif de faire monter en puissance la formation des enseignants bilingues\u00a0, indique Guillaume Pichard, enseignant et repr\u00e9sentant de la FSU-SnuIPP au sein du Cebep44.<\/p>\n<p>L\u2019\u00c9tat ne respecte pas la loi<\/p>\n<p>\u00a0Partout en France o\u00f9 vit une langue r\u00e9gionale, un tel conventionnement entre \u00c9tat et collectivit\u00e9 existe, conform\u00e9ment \u00e0 ce que la loi exige depuis vingt ans, dans l\u2019objectif de structurer la transmission linguistique. Partout\u2026 sauf en Loire-Atlantique\u00a0! Ici, l\u2019\u00c9tat ne respecte pas la loi et ne daigne m\u00eame pas r\u00e9pondre aux \u00e9lus\u00a0, indique Mallorie Cr\u00e9ac\u2019h, pr\u00e9sidente du collectif d\u2019enseignants \u00ab\u00a0Kelennomp\u00a0!\u00a0.<\/p>\n<p>\u00ab <a href=\"https:\/\/nantes.maville.com\/actu\/actudet_-il-reste-des-places-a-l-ecole-en-langue-bretonne-de-nantes-_52716-6712559_actu.Htm\" target=\"_blank\" rel=\"nofollow noopener\"> En Loire-Atlantique, 1\u00a0000\u00a0enfants apprennent en breton,<\/a> dont la moiti\u00e9 se trouvent \u00e0 Nantes. Nous demanderons au minist\u00e8re de l\u2019\u00c9ducation nationale de respecter la loi et d\u2019accepter le principe d\u2019une signature rapide d\u2019un conventionnement entre l\u2019\u00c9tat, la Ville de Nantes et l\u2019office public de la langue bretonne, pour permettre de former des enseignants bilingues et d\u2019acc\u00e9l\u00e9rer ainsi le rythme d\u2019ouvertures des fili\u00e8res bilingues dans nos \u00e9coles publiques\u00a0\u00bb, indique Pascal Henry de la FCPE.<\/p>\n<p>\u00a0<\/p>\n","protected":false},"excerpt":{"rendered":"Le collectif pour l\u2019enseignement en breton dans les \u00e9coles publiques de Loire-Atlantique (Cebep 44) sera re\u00e7u ce lundi&hellip;\n","protected":false},"author":2,"featured_media":74900,"comment_status":"","ping_status":"","sticky":false,"template":"","format":"standard","meta":{"footnotes":""},"categories":[2818],"tags":[1111,11,6978,17954,9614,1777,674,1011,27,3047,17953,766,12,2636,25],"class_list":{"0":"post-74899","1":"post","2":"type-post","3":"status-publish","4":"format-standard","5":"has-post-thumbnail","7":"category-nantes","8":"tag-actu","9":"tag-actualites","10":"tag-breton","11":"tag-defendre","12":"tag-enseignement","13":"tag-eu","14":"tag-europe","15":"tag-fr","16":"tag-france","17":"tag-loire-atlantique","18":"tag-ministere","19":"tag-nantes","20":"tag-news","21":"tag-pays-de-la-loire","22":"tag-republique-francaise"},"share_on_mastodon":{"url":"https:\/\/pubeurope.com\/@fr\/114451124330164306","error":""},"_links":{"self":[{"href":"https:\/\/www.europesays.com\/fr\/wp-json\/wp\/v2\/posts\/74899","targetHints":{"allow":["GET"]}}],"collection":[{"href":"https:\/\/www.europesays.com\/fr\/wp-json\/wp\/v2\/posts"}],"about":[{"href":"https:\/\/www.europesays.com\/fr\/wp-json\/wp\/v2\/types\/post"}],"author":[{"embeddable":true,"href":"https:\/\/www.europesays.com\/fr\/wp-json\/wp\/v2\/users\/2"}],"replies":[{"embeddable":true,"href":"https:\/\/www.europesays.com\/fr\/wp-json\/wp\/v2\/comments?post=74899"}],"version-history":[{"count":0,"href":"https:\/\/www.europesays.com\/fr\/wp-json\/wp\/v2\/posts\/74899\/revisions"}],"wp:featuredmedia":[{"embeddable":true,"href":"https:\/\/www.europesays.com\/fr\/wp-json\/wp\/v2\/media\/74900"}],"wp:attachment":[{"href":"https:\/\/www.europesays.com\/fr\/wp-json\/wp\/v2\/media?parent=74899"}],"wp:term":[{"taxonomy":"category","embeddable":true,"href":"https:\/\/www.europesays.com\/fr\/wp-json\/wp\/v2\/categories?post=74899"},{"taxonomy":"post_tag","embeddable":true,"href":"https:\/\/www.europesays.com\/fr\/wp-json\/wp\/v2\/tags?post=74899"}],"curies":[{"name":"wp","href":"https:\/\/api.w.org\/{rel}","templated":true}]}}