{"id":74911,"date":"2025-05-04T19:12:08","date_gmt":"2025-05-04T19:12:08","guid":{"rendered":"https:\/\/www.europesays.com\/fr\/74911\/"},"modified":"2025-05-04T19:12:08","modified_gmt":"2025-05-04T19:12:08","slug":"cette-marseillaise-a-fait-les-choeurs-sur-encore-un-soir-de-celine-dion-avec-goldman","status":"publish","type":"post","link":"https:\/\/www.europesays.com\/fr\/74911\/","title":{"rendered":"Cette Marseillaise a fait les ch\u0153urs sur \u00ab\u00a0Encore un soir\u00a0\u00bb de C\u00e9line Dion avec Goldman"},"content":{"rendered":"<p>C&rsquo;est en cherchant une voie qu&rsquo;elle a trouv\u00e9 sa <a href=\"https:\/\/www.laprovence.com\/article\/culture-loisirs\/110414528142715\/the-voice-le-marseillais-levon-et-son-groupe-il-cello-remportent-la-14e-saison\" target=\"_blank\" rel=\"noopener\">voix<\/a>. La vraie. Celle de sa vie. \u00ab\u00a0Enfant d\u00e9j\u00e0, confie Magali Ponsada, j&rsquo;avais des pr\u00e9dispositions pour le chant, mais je ne croyais pas \u00e0 une possible carri\u00e8re musicale. J&rsquo;avais plut\u00f4t espoir de d\u00e9crocher un dipl\u00f4me et d&rsquo;obtenir une reconnaissance professionnelle autrement que dans la musique, car je croyais, alors, que ceci \u00e9tait r\u00e9serv\u00e9 \u00e0 d&rsquo;autres personnes que moi.\u00a0\u00bb \u00a0C&rsquo;\u00e9tait sans compter \u00ab\u00a0un d\u00e9clic\u00a0\u00bb.<\/p>\n<p>BTS action commerciale en poche, Magali Ponsada se dirigeait vers un emploi dans le marketing ou, encore mieux, dans le milieu artistique. Mais sa toute premi\u00e8re exp\u00e9rience en alternance dans une entreprise a d\u00e9bouch\u00e9 sur une profonde d\u00e9ception. Une chance, aussi, finalement. \u00ab\u00a0\u00c0 partir de l\u00e0, je me suis dit que j&rsquo;allais faire ce que j&rsquo;aime : chanter.\u00a0\u00bb Au-del\u00e0 des barri\u00e8res et des pr\u00e9jug\u00e9s qu&rsquo;elle s&rsquo;\u00e9tait, elle-m\u00eame, impos\u00e9s.<\/p>\n<p>\u00c0 24 ans, cette Marseillaise, n\u00e9e dans le Val-de-Marne (94), passa ainsi une premi\u00e8re audition pour int\u00e9grer un orchestre. La bonne. Depuis, elle trace sa route en notes et en musique. D&rsquo;abord sur les estrades des bals populaires, puis sur les sc\u00e8nes de revue ou de spectacles pour enfants. Une mani\u00e8re de toucher \u00e0 tout dans un milieu artistique aux multiples facettes. Elle pr\u00e9f\u00e8re parler de \u00ab\u00a0grand voyage\u00a0\u00bb. \u00ab\u00a0Comme je suis quelqu&rsquo;un de passionn\u00e9 et de tr\u00e8s curieux, d\u00e9veloppe-t-elle, je suis toujours all\u00e9e l\u00e0 o\u00f9 mon instinct me le dictait. Jusqu&rsquo;au jour o\u00f9 je me suis retrouv\u00e9e choriste sur la tourn\u00e9e \u2018\u00c2ge tendre et t\u00eate de bois&rsquo; pour une bien belle exp\u00e9rience.\u00a0\u00bb Elle n&rsquo;avait cependant pas tout vu.<\/p>\n<p>Du jour au lendemain, la voici aux c\u00f4t\u00e9s de ce faiseur de tubes en chef\u00a0<\/p>\n<p>Nous sommes en 2016. La voici, alors, sollicit\u00e9e par Jacques Veneruso, cet auteur-compositeur-interpr\u00e8te marseillais \u00e0 qui l&rsquo;on doit, notamment, \u00ab\u00a0Sous le vent\u00a0\u00bb pour le duo compos\u00e9 de Garou et de C\u00e9line Dion. Ce dernier se rend, parfois, \u00e0 la Villa Dona, \u00e0 Marseille, o\u00f9 Magali Ponsada a l&rsquo;habitude de se produire sur une sc\u00e8ne ouverte. Ses prestations sont suffisamment abouties pour inciter Veneruso \u00e0 lui proposer de faire les ch\u0153urs sur \u00ab\u00a0Encore un soir\u00a0\u00bb, l&rsquo;un des nombreux titres \u00e9crits et compos\u00e9s par Jean-Jacques Goldman pour<a href=\"https:\/\/www.laprovence.com\/article\/culture-loisirs\/217020808244415\/celine-dion-a-change-ma-vie-vincent-niclo-se-produira-le-12-avril-a-marseille\" target=\"_blank\" rel=\"noopener\"> C\u00e9line Dion<\/a>. Une chanson particuli\u00e8re, personnelle m\u00eame. Un hommage \u00e0 la m\u00e9moire de Ren\u00e9 Ang\u00e9lil, le mari et impr\u00e9sario de l&rsquo;artiste qu\u00e9b\u00e9coise d\u00e9c\u00e9d\u00e9 au d\u00e9but de cette m\u00eame ann\u00e9e. \u00a0\u00a0<\/p>\n","protected":false},"excerpt":{"rendered":"C&rsquo;est en cherchant une voie qu&rsquo;elle a trouv\u00e9 sa voix. La vraie. Celle de sa vie. \u00ab\u00a0Enfant d\u00e9j\u00e0,&hellip;\n","protected":false},"author":2,"featured_media":74912,"comment_status":"","ping_status":"","sticky":false,"template":"","format":"standard","meta":{"footnotes":""},"categories":[2814],"tags":[17,1111,11,3477,17955,1440,1777,674,21,1011,27,151,11989,884,12,882,16,25,3356],"class_list":{"0":"post-74911","1":"post","2":"type-post","3":"status-publish","4":"format-standard","5":"has-post-thumbnail","7":"category-marseille","8":"tag-17","9":"tag-actu","10":"tag-actualites","11":"tag-cette","12":"tag-choeurs","13":"tag-encore","14":"tag-eu","15":"tag-europe","16":"tag-fait","17":"tag-fr","18":"tag-france","19":"tag-les","20":"tag-marseillaise","21":"tag-marseille","22":"tag-news","23":"tag-provence-alpes-cote-dazur","24":"tag-region","25":"tag-republique-francaise","26":"tag-sur"},"share_on_mastodon":{"url":"https:\/\/pubeurope.com\/@fr\/114451155721003343","error":""},"_links":{"self":[{"href":"https:\/\/www.europesays.com\/fr\/wp-json\/wp\/v2\/posts\/74911","targetHints":{"allow":["GET"]}}],"collection":[{"href":"https:\/\/www.europesays.com\/fr\/wp-json\/wp\/v2\/posts"}],"about":[{"href":"https:\/\/www.europesays.com\/fr\/wp-json\/wp\/v2\/types\/post"}],"author":[{"embeddable":true,"href":"https:\/\/www.europesays.com\/fr\/wp-json\/wp\/v2\/users\/2"}],"replies":[{"embeddable":true,"href":"https:\/\/www.europesays.com\/fr\/wp-json\/wp\/v2\/comments?post=74911"}],"version-history":[{"count":0,"href":"https:\/\/www.europesays.com\/fr\/wp-json\/wp\/v2\/posts\/74911\/revisions"}],"wp:featuredmedia":[{"embeddable":true,"href":"https:\/\/www.europesays.com\/fr\/wp-json\/wp\/v2\/media\/74912"}],"wp:attachment":[{"href":"https:\/\/www.europesays.com\/fr\/wp-json\/wp\/v2\/media?parent=74911"}],"wp:term":[{"taxonomy":"category","embeddable":true,"href":"https:\/\/www.europesays.com\/fr\/wp-json\/wp\/v2\/categories?post=74911"},{"taxonomy":"post_tag","embeddable":true,"href":"https:\/\/www.europesays.com\/fr\/wp-json\/wp\/v2\/tags?post=74911"}],"curies":[{"name":"wp","href":"https:\/\/api.w.org\/{rel}","templated":true}]}}