{"id":74915,"date":"2025-05-04T19:14:08","date_gmt":"2025-05-04T19:14:08","guid":{"rendered":"https:\/\/www.europesays.com\/fr\/74915\/"},"modified":"2025-05-04T19:14:08","modified_gmt":"2025-05-04T19:14:08","slug":"une-cinquantaine-dinterventions-dans-la-metropole-de-lyon","status":"publish","type":"post","link":"https:\/\/www.europesays.com\/fr\/74915\/","title":{"rendered":"une cinquantaine d\u2019interventions dans la M\u00e9tropole de Lyon"},"content":{"rendered":"<p>Les orages \u00e9taient attendus dimanche apr\u00e8s-midi dans le d\u00e9partement du Rh\u00f4ne, plac\u00e9 en vigilance pluies et inondations depuis la nuit de samedi \u00e0 dimanche. Ils ont bien \u00e9t\u00e9 au rendez-vous \u00e0 partir de 16 heures, attaquant par le nord du d\u00e9partement.\u00a0<\/p>\n<p>Une \u00ab\u00a0activit\u00e9 intense\u00a0\u00bb<\/p>\n<p>Ces pluies tr\u00e8s intenses ont provoqu\u00e9 des inondations sur la voie publique et dans des locaux sur tout le p\u00e9rim\u00e8tre de la M\u00e9tropole de Lyon. \u00c0 19\u00a0h\u00a030, les pompiers avaient d\u00e9j\u00e0 r\u00e9alis\u00e9 une cinquantaine d\u2019interventions en rapport avec les intemp\u00e9ries et t\u00e9moignaient d\u2019une \u00ab\u00a0activit\u00e9 intense\u00a0\u00bb.<\/p>\n<p>Samedi, c\u2019est aux alentours de 17\u00a0h\u00a015 que la ville de Lyon a \u00e9t\u00e9 frapp\u00e9e par un orage intense, <a href=\"https:\/\/www.leprogres.fr\/environnement\/2025\/05\/03\/intemperies-a-lyon-la-ville-recouverte-par-la-grele\" target=\"_blank\" rel=\"noopener\"> accompagn\u00e9 de chutes de gr\u00eale.<\/a> Cet \u00e9v\u00e9nement m\u00e9t\u00e9orologique a surpris les habitants, alors que la journ\u00e9e avait d\u00e9but\u00e9 sous un ciel cl\u00e9ment et des temp\u00e9ratures avoisinant les 24\u00a0\u00b0C. L\u2019\u00e9pisode a \u00e9t\u00e9 marqu\u00e9 par de nombreux impacts de foudre.<\/p>\n<p>Les communes les plus touch\u00e9es ont \u00e9t\u00e9 Vaugneray, Aveize, Haute-Rivoire ou encore Meyzieu.<\/p>\n","protected":false},"excerpt":{"rendered":"Les orages \u00e9taient attendus dimanche apr\u00e8s-midi dans le d\u00e9partement du Rh\u00f4ne, plac\u00e9 en vigilance pluies et inondations depuis&hellip;\n","protected":false},"author":2,"featured_media":74916,"comment_status":"","ping_status":"","sticky":false,"template":"","format":"standard","meta":{"footnotes":""},"categories":[1889],"tags":[1111,11,2430,17957,2757,3153,3154,1777,674,274,107,1011,27,3059,2428,2756,8423,12497,12,25,2429,17956],"class_list":{"0":"post-74915","1":"post","2":"type-post","3":"status-publish","4":"format-standard","5":"has-post-thumbnail","7":"category-lyon","8":"tag-actu","9":"tag-actualites","10":"tag-auvergne-rhone-alpes","11":"tag-aveize","12":"tag-edition-lyon-villeurbanne","13":"tag-edition-ouest-lyonnais","14":"tag-edition-sud-lyonnais","15":"tag-eu","16":"tag-europe","17":"tag-faits-divers-justice","18":"tag-fil-info","19":"tag-fr","20":"tag-france","21":"tag-intemperies","22":"tag-lyon","23":"tag-lyon-bassin","24":"tag-meteorologie-climat","25":"tag-meyzieu","26":"tag-news","27":"tag-republique-francaise","28":"tag-rhone","29":"tag-vaugneray"},"share_on_mastodon":{"url":"https:\/\/pubeurope.com\/@fr\/114451163632894127","error":""},"_links":{"self":[{"href":"https:\/\/www.europesays.com\/fr\/wp-json\/wp\/v2\/posts\/74915","targetHints":{"allow":["GET"]}}],"collection":[{"href":"https:\/\/www.europesays.com\/fr\/wp-json\/wp\/v2\/posts"}],"about":[{"href":"https:\/\/www.europesays.com\/fr\/wp-json\/wp\/v2\/types\/post"}],"author":[{"embeddable":true,"href":"https:\/\/www.europesays.com\/fr\/wp-json\/wp\/v2\/users\/2"}],"replies":[{"embeddable":true,"href":"https:\/\/www.europesays.com\/fr\/wp-json\/wp\/v2\/comments?post=74915"}],"version-history":[{"count":0,"href":"https:\/\/www.europesays.com\/fr\/wp-json\/wp\/v2\/posts\/74915\/revisions"}],"wp:featuredmedia":[{"embeddable":true,"href":"https:\/\/www.europesays.com\/fr\/wp-json\/wp\/v2\/media\/74916"}],"wp:attachment":[{"href":"https:\/\/www.europesays.com\/fr\/wp-json\/wp\/v2\/media?parent=74915"}],"wp:term":[{"taxonomy":"category","embeddable":true,"href":"https:\/\/www.europesays.com\/fr\/wp-json\/wp\/v2\/categories?post=74915"},{"taxonomy":"post_tag","embeddable":true,"href":"https:\/\/www.europesays.com\/fr\/wp-json\/wp\/v2\/tags?post=74915"}],"curies":[{"name":"wp","href":"https:\/\/api.w.org\/{rel}","templated":true}]}}