{"id":74919,"date":"2025-05-04T19:16:30","date_gmt":"2025-05-04T19:16:30","guid":{"rendered":"https:\/\/www.europesays.com\/fr\/74919\/"},"modified":"2025-05-04T19:16:30","modified_gmt":"2025-05-04T19:16:30","slug":"ratp-a-quoi-ressemblent-les-metros-du-futur-bientot-deployes-par-ile-de-france-mobilites","status":"publish","type":"post","link":"https:\/\/www.europesays.com\/fr\/74919\/","title":{"rendered":"RATP. \u00c0 quoi ressemblent les m\u00e9tros du futur, bient\u00f4t d\u00e9ploy\u00e9s par \u00cele-de-France Mobilit\u00e9s\u00a0?"},"content":{"rendered":"<p>            Par<br \/>\n        <strong><br \/>\n            <a href=\"https:\/\/actu.fr\/auteur\/emilie-salabelle\" title=\"Consulter tous les articles de Emilie Salabelle\" target=\"_blank\" rel=\"noopener\">Emilie Salabelle<\/a><br \/>\n        <\/strong><\/p>\n<p>        Publi\u00e9 le<\/p>\n<p>            14 f\u00e9vr. 2025 \u00e0 19h33        <\/p>\n<p>Les <a href=\"https:\/\/actu.fr\/ile-de-france\/paris_75056\/ratp-paris-ces-trois-lignes-de-metro-souvent-critiquees-vont-faire-peau-neuve_60664683.html\" target=\"_blank\" rel=\"noopener\">m\u00e9tros du futur<\/a> arrivent bient\u00f4t sur les rails. Les premiers <strong>m\u00e9tros ferr\u00e9s \u00ab\u2009MF19\u2009\u00bb<\/strong> vont \u00eatre test\u00e9s sur la <strong>ligne 10<\/strong> avant d\u2019\u00eatre mis progressivement en service \u00e0 l\u2019automne 2025.\u00a0Au total,<strong> 350 trains<\/strong> vont sortir des usines d\u2019Alstom pour remplacer progressivement les rames vieillissantes de huit lignes (3, 3bis, 7, 7bis, 8, 10, 12 et 13) soit<strong> la plus grosse commande<\/strong> r\u00e9alis\u00e9e aupr\u00e8s d\u2019Alstom, et \u00ab\u2009la plus grande commande de nouveaux m\u00e9tros au monde\u2009\u00bb, se f\u00e9licite la pr\u00e9sidente d\u2019\u00cele-de-France Mobilit\u00e9s (<a href=\"https:\/\/actu.fr\/tag\/ile-de-france-mobilites\" target=\"_blank\" rel=\"noopener\">IDFM<\/a>) <a href=\"https:\/\/actu.fr\/tag\/valerie-pecresse\" target=\"_blank\" rel=\"noopener\">Val\u00e9rie P\u00e9cresse<\/a>. Mais alors, \u00e0 quoi ressemblera le voyage dans ces nouveaux m\u00e9tros, qui disposeront, pour certains\u2026 de moins de si\u00e8ges\u2009?<\/p>\n<p>Un confort et une fiabilit\u00e9 am\u00e9lior\u00e9s<\/p>\n<p class=\" wall-content\">\u00c0 l\u2019abri dans le centre de maintenance <a href=\"https:\/\/actu.fr\/tag\/ratp\" target=\"_blank\" rel=\"noopener\">RATP<\/a> de <a href=\"https:\/\/actu.fr\/ile-de-france\/bobigny_93008\" target=\"_blank\" rel=\"noopener\">Bobigny<\/a> (<a href=\"https:\/\/actu.fr\/ile-de-france\/seine-saint-denis_93\" target=\"_blank\" rel=\"noopener\">Seine-Saint-Denis<\/a>), la premi\u00e8re rame test, par\u00e9e d\u2019un rev\u00eatement \u00ab\u2009festif\u2009\u00bb pour \u00ab\u2009titiller l\u2019attention des parisiens\u2009\u00bb qui la verront passer en <strong>phase d\u2019essais<\/strong> sur la ligne 10, pr\u00e9sente pour le moment un int\u00e9rieur soigneusement emball\u00e9 de housses \u00e0 la blancheur clinique.<\/p>\n<blockquote class=\"tiktok-embed\" cite=\"https:\/\/www.tiktok.com\/@actu.paris\/video\/7471350001763880214\" data-video-id=\"7471350001763880214\" data-embed-from=\"oembed\" style=\"max-width:605px; min-width:325px;\"><p>\n<a target=\"_blank\" title=\"@actu.paris\" href=\"https:\/\/www.tiktok.com\/@actu.paris?refer=embed\" rel=\"noopener\">@actu.paris<\/a> <\/p>\n<p>actu Paris a visit\u00e9 les futurs m\u00e9tros des lignes 10, 13, ou encore 8\u2026 On vous fait visiter ! fyp pourtoi ratp idfm  metro <\/p>\n<p> <a target=\"_blank\" title=\"\u266c original sound - blipstudio\" href=\"https:\/\/www.tiktok.com\/music\/original-sound-7140790914893236998?refer=embed\" rel=\"noopener\">\u266c original sound \u2013 blipstudio<\/a> <\/p>\n<\/blockquote>\n<p class=\" wall-content\">Mais on saisit d\u00e9j\u00e0 bien le design des nouveaux m\u00e9tros \u00ab\u2009boa\u2009\u00bb (sans s\u00e9paration entre les rames), r\u00e9fl\u00e9chi pour son <strong>ergonomie et son confort<\/strong>, m\u00eame en cas de forte affluence, met en avant Alstom. Les rames sont \u00e9quip\u00e9es d\u2019une ventilation r\u00e9frig\u00e9r\u00e9e garantissant une temp\u00e9rature constante, d\u2019un \u00e9clairage LED soign\u00e9, de nombreux panneaux d\u2019information voyageur num\u00e9riques, de ports USB, de cam\u00e9ra de vid\u00e9osurveillance.<\/p>\n<p>      <img   decoding=\"async\" loading=\"lazy\" src=\"https:\/\/www.europesays.com\/fr\/wp-content\/uploads\/2025\/05\/img-0757-960x640.jpg\" alt=\"L'int\u00e9rieur des futurs m\u00e9tros.\" width=\"960\" height=\"640\"\/><br \/>\n    L\u2019int\u00e9rieur des futurs m\u00e9tros. (\u00a9ES \/ actu Paris)Vid\u00e9os : en ce moment sur Actu<\/p>\n<p class=\" wall-content\">Le nouveau m\u00e9tro sera \u00e9galement plus silencieux et moins \u00e9metteur de particules fines gr\u00e2ce \u00e0 un freinage \u00e9lectrique, plus puissant et moins gourmand en \u00e9nergie que ses pr\u00e9d\u00e9cesseurs (-25\u2009% de consommation). La vitesse sera contr\u00f4l\u00e9e \u00e0 chaque instant, pour plus de s\u00e9curit\u00e9.<\/p>\n<p>Des m\u00e9tros avec moins de places assises<\/p>\n<p class=\" wall-content\">Mais la grande nouveaut\u00e9 du MF19, c\u2019est son aspect modulable, capable de s\u2019adapter \u00e0 diff\u00e9rentes lignes de m\u00e9tros. Il est disponible en trois longueurs de rame, et les cabines conducteurs sont r\u00e9versibles pour se transformer en m\u00e9tros automatiques (notamment pour l\u2019<a href=\"https:\/\/actu.fr\/ile-de-france\/paris_75056\/automatisation-de-la-ligne-13-du-metro-a-paris-quand-aura-t-elle-lieu_55765144.html\" target=\"_blank\" rel=\"noopener\">automatisation pr\u00e9vue de la 13<\/a>).<\/p>\n<p class=\" wall-content\">Particularit\u00e9 la plus visible pour le voyageur\u2009: la <strong>capacit\u00e9 de places assises<\/strong> ne sera pas la m\u00eame partout, selon leur configuration en mode \u00ab\u2009confort\u2009\u00bb, dot\u00e9e de 146 places, ou \u00ab\u2009capacitaire\u2009\u00bb (122 places), ce dernier \u00e9tant pr\u00e9vu pour les lignes les plus charg\u00e9es du r\u00e9seau que sont la 7, la 8, et la 13.<\/p>\n<p class=\" wall-content\">Une annonce accueillie avec d\u00e9ception par un grand nombre d\u2019usagers, mais d\u00e9fendues par <a href=\"https:\/\/actu.fr\/ile-de-france\/paris_75056\/paris-jean-castex-en-garde-a-vue-ca-a-cree-un-froid-admet-l-unsa-ratp-qui-exprime-son-soutien-a-son-pdg_62253871.html\" target=\"_blank\" rel=\"noopener\">Jean Castex<\/a> comme Val\u00e9rie P\u00e9cresse, qui mettent en avant une<strong> adaptation indispensable<\/strong> \u00e0 la fr\u00e9quentation actuelle et \u00e0 venir des m\u00e9tros. \u00ab\u2009M\u00eame en d\u00e9ployant la rame capacitaire sur la 13, on sera dans les standards de places assises sur les r\u00e9seaux\u2009\u00bb, d\u00e9fend le pr\u00e9sident de la RATP. \u00ab\u2009La version capacitaire va nous permettre de<strong> gagner 18 places<\/strong> par rames, ce qui \u00e9quivaut \u00e0 deux m\u00e9tros en plus par heure. Le tout avec le sentiment d\u2019\u00eatre moins compact\u00e9, et avec une meilleure accessibilit\u00e9 pour les personnes avec des poussettes, des cabas ou \u00e0 mobilit\u00e9 r\u00e9duite\u2009\u00bb, appuie la patronne d\u2019IDFM.<\/p>\n<p>      <img   decoding=\"async\" loading=\"lazy\" src=\"https:\/\/www.europesays.com\/fr\/wp-content\/uploads\/2025\/05\/img-0754-960x640.jpg\" alt=\"Val\u00e9rie P\u00e9cresse et Jean Castex ont visit\u00e9 le nouveau m\u00e9tro vendredi 14 f\u00e9vrier 2025.\" width=\"960\" height=\"640\"\/><br \/>\n    Val\u00e9rie P\u00e9cresse et Jean Castex ont visit\u00e9 le nouveau m\u00e9tro vendredi 14\u00a0f\u00e9vrier 2025. (\u00a9ES \/ actu Paris)Des travaux importants pour adapter le r\u00e9seau<\/p>\n<p class=\" wall-content\">Apr\u00e8s une ann\u00e9e 2024 marqu\u00e9e par de nombreuses inaugurations et prolongements de lignes (<a href=\"https:\/\/actu.fr\/ile-de-france\/rosny-sous-bois_93064\/en-images-c-est-une-revolution-la-ligne-11-de-la-ratp-se-prepare-une-derniere-fois-avant-son-inauguration_61123050.html\" target=\"_blank\" rel=\"noopener\">prolongements de la ligne 11,<\/a> de la <a href=\"https:\/\/actu.fr\/ile-de-france\/orly_94054\/on-en-avait-reve-aujourd-hui-on-y-est-la-ligne-de-metro-14-inaugure-son-prolongement-dans-le-val-de-marne_61251359.html\" target=\"_blank\" rel=\"noopener\">ligne 14<\/a>, du <a href=\"https:\/\/actu.fr\/ile-de-france\/paris_75056\/ratp-on-assure-75-du-tour-de-paris-le-tramway-t3b-arrive-en-avril-a-porte-dauphine_60813816.html\" target=\"_blank\" rel=\"noopener\">tramway T3b<\/a> et <a href=\"https:\/\/actu.fr\/societe\/plus-grand-plus-large-surnomme-jurassic-tram-le-tramway-t1-fait-enfin-peau-neuve-en-seine-saint-denis_61983670.html\" target=\"_blank\" rel=\"noopener\">arriv\u00e9e du nouveau T1<\/a>), 2025 sera celle de \u00ab\u2009l\u2019arriv\u00e9e des MF19, une <strong>r\u00e9volution d\u2019ampleur in\u00e9dite et n\u00e9cessaire<\/strong>\u2009\u00bb, a salu\u00e9 Jean Castex.<\/p>\n<p class=\" wall-content\">Le d\u00e9ploiement de ce mat\u00e9riel roulant repr\u00e9sente un \u00e9norme chantier pour les infrastructures de la RATP. <strong>3\u00a0milliards d\u2019euros <\/strong>ont \u00e9t\u00e9 investis pour adapter les quais, moderniser les r\u00e9seaux et sites de maintenance \u00e0 ces nouveaux m\u00e9tros. La ligne 10 sera donc la premi\u00e8re \u00e0 accueillir les nouvelles rames, \u00e0 raison d\u2019un \u00e0 deux nouveaux m\u00e9tros par mois, afin d\u2019arriver \u00e0 <strong>30 nouveaux trains \u00e0 la mi-2027<\/strong>.<\/p>\n<p class=\" wall-content\">Suivront ensuite, dans l\u2019ordre, les lignes 3bis, 7bis, 13, 12, 8, 3 et enfin la ligne 7. \u00c0 l\u2019horizon 2033, <strong>50\u2009% des lignes de m\u00e9tro<\/strong> seront enti\u00e8rement renouvel\u00e9es, pr\u00e9voit IDFM. De quoi accueillir environ 600\u00a0millions de voyageurs par an pour les 40 prochaines ann\u00e9es. Pour leur retraite, les vieux MF19 seront ensuite valorisables \u00e0 92\u2009%, met en avant Alstom.<\/p>\n<p class=\" wall-content\">Suivez toute l\u2019actualit\u00e9 de vos villes et m\u00e9dias favoris en vous inscrivant \u00e0 <a href=\"https:\/\/moncompte.actu.fr\" title=\"D\u00e9couvez Mon Actu\" rel=\"nofollow noopener\" data-trk=\"{&quot;cta&quot;:{&quot;action&quot;:&quot;https:\\\/\\\/moncompte.actu.fr&quot;,&quot;category&quot;:&quot;mon compte&quot;,&quot;from&quot;:&quot;article footer&quot;,&quot;name&quot;:&quot;Mon actu&quot;,&quot;type&quot;:&quot;cta&quot;}}\" target=\"_blank\">Mon Actu<\/a>.<\/p>\n<p>                    <script async src=\"\/\/www.tiktok.com\/embed.js\"><\/script><\/p>\n","protected":false},"excerpt":{"rendered":"Par Emilie Salabelle Publi\u00e9 le 14 f\u00e9vr. 2025 \u00e0 19h33 Les m\u00e9tros du futur arrivent bient\u00f4t sur les&hellip;\n","protected":false},"author":2,"featured_media":74920,"comment_status":"","ping_status":"","sticky":false,"template":"","format":"standard","meta":{"footnotes":""},"categories":[1592],"tags":[1111,11,1777,674,1011,27,662,10883,4047,12,626,625,25,104],"class_list":{"0":"post-74919","1":"post","2":"type-post","3":"status-publish","4":"format-standard","5":"has-post-thumbnail","7":"category-ile-de-france","8":"tag-actu","9":"tag-actualites","10":"tag-eu","11":"tag-europe","12":"tag-fr","13":"tag-france","14":"tag-ile-de-france","15":"tag-ile-de-france-mobilites","16":"tag-metro","17":"tag-news","18":"tag-paris","19":"tag-ratp","20":"tag-republique-francaise","21":"tag-societe"},"share_on_mastodon":{"url":"https:\/\/pubeurope.com\/@fr\/114451171514846881","error":""},"_links":{"self":[{"href":"https:\/\/www.europesays.com\/fr\/wp-json\/wp\/v2\/posts\/74919","targetHints":{"allow":["GET"]}}],"collection":[{"href":"https:\/\/www.europesays.com\/fr\/wp-json\/wp\/v2\/posts"}],"about":[{"href":"https:\/\/www.europesays.com\/fr\/wp-json\/wp\/v2\/types\/post"}],"author":[{"embeddable":true,"href":"https:\/\/www.europesays.com\/fr\/wp-json\/wp\/v2\/users\/2"}],"replies":[{"embeddable":true,"href":"https:\/\/www.europesays.com\/fr\/wp-json\/wp\/v2\/comments?post=74919"}],"version-history":[{"count":0,"href":"https:\/\/www.europesays.com\/fr\/wp-json\/wp\/v2\/posts\/74919\/revisions"}],"wp:featuredmedia":[{"embeddable":true,"href":"https:\/\/www.europesays.com\/fr\/wp-json\/wp\/v2\/media\/74920"}],"wp:attachment":[{"href":"https:\/\/www.europesays.com\/fr\/wp-json\/wp\/v2\/media?parent=74919"}],"wp:term":[{"taxonomy":"category","embeddable":true,"href":"https:\/\/www.europesays.com\/fr\/wp-json\/wp\/v2\/categories?post=74919"},{"taxonomy":"post_tag","embeddable":true,"href":"https:\/\/www.europesays.com\/fr\/wp-json\/wp\/v2\/tags?post=74919"}],"curies":[{"name":"wp","href":"https:\/\/api.w.org\/{rel}","templated":true}]}}