{"id":74927,"date":"2025-05-04T19:20:11","date_gmt":"2025-05-04T19:20:11","guid":{"rendered":"https:\/\/www.europesays.com\/fr\/74927\/"},"modified":"2025-05-04T19:20:11","modified_gmt":"2025-05-04T19:20:11","slug":"a-paris-leurope-drague-les-chercheurs-americains-ou-non","status":"publish","type":"post","link":"https:\/\/www.europesays.com\/fr\/74927\/","title":{"rendered":"\u00c0 Paris, l\u2019Europe drague les chercheurs am\u00e9ricains ou non"},"content":{"rendered":"<p>Apr\u00e8s le lancement de la plateforme  <a href=\"https:\/\/france2030.agencerecherche.fr\/ChooseFranceForScience-2025\/accueil.php#:~:text=Cette%20plateforme%20permet%20aux%20universit%C3%A9s%2C%20%C3%A9coles%20et%20organismes,un%20cofinancement%20de%20l&#039;%C3%89tat%20pour%20accueillir%20des%20chercheurs.\" target=\"_self\" rel=\"noopener\">Choose France for Science<\/a>\u00a0mi-avril, la Sorbonne accueille lundi l\u2019initiative Choose Europe for Science.<\/p>\n<p>Repr\u00e9sentants d\u2019universit\u00e9s \u00e9trang\u00e8res, chercheurs\u00a0ayant \u00ab\u00a0saut\u00e9 le pas\u00a0\u00bb, commissaires europ\u00e9ens autour de leur pr\u00e9sidente Ursula von der Leyen, et patrons de grandes institutions scientifiques fran\u00e7aises seront pr\u00e9sents. Dont celui du CNRS, Antoine Petit, qui vient de lancer <a href=\"https:\/\/www.cnrs.fr\/fr\/actualite\/choose-cnrs-des-opportunites-pour-les-scientifiques-etrangers\" target=\"_self\" rel=\"noopener\">Choose CNRS<\/a>, qui ouvre les bras aux <strong>\u00ab\u00a0coll\u00e8gues aujourd\u2019hui emp\u00each\u00e9s de faire de la recherche\u00a0\u00bb<\/strong> <strong>, <\/strong>mais aussi aux chercheurs fran\u00e7ais expatri\u00e9s. Les premi\u00e8res touches ne seraient d\u2019ailleurs pas particuli\u00e8rement am\u00e9ricaines.<\/p>\n<p>Des annonces attendues<\/p>\n<p>S\u2019il a une dimension europ\u00e9enne, le rendez-vous de lundi sera aussi l\u2019occasion d\u2019annonces bien fran\u00e7aises par Emmanuel Macron. Probablement le montant du cofinancement de l\u2019\u00c9tat qui viendrait en compl\u00e9ment des efforts budg\u00e9taires des universit\u00e9s pour capter des chercheurs \u00e9trangers, ou rapatrier des expatri\u00e9s.<\/p>\n<p>Tous les domaines ne seront pas \u00e9galement concern\u00e9s. Il y aura clairement un <strong>\u00ab\u00a0fl\u00e9chage\u00a0\u00bb <\/strong>sur les recherches <strong>\u00ab\u00a0au service de nos priorit\u00e9s industrielles\u00a0\u00bb,<\/strong> confirme l\u2019\u00c9lys\u00e9e. Les chercheurs am\u00e9ricains en IA ou en quantique vont-ils vraiment venir ou revenir en Europe\u00a0? Sans doute pas, mais dans les domaines du climat ou des maladies infectieuses, qui ont subi des coupes drastiques par l\u2019administration Trump, il devrait y avoir des d\u00e9fections.<\/p>\n<p>Au-del\u00e0 de la France, selon l\u2019\u00c9lys\u00e9e, <strong>\u00ab\u00a0la Commission europ\u00e9enne travaille sur un paquet de mesures visant \u00e0 renforcer l\u2019attractivit\u00e9 de l\u2019Europe pour les chercheurs\u00a0\u00bb<\/strong> et devrait inscrire <strong>\u00ab\u00a0le principe de la libert\u00e9 de la recherche dans le droit de l\u2019Union europ\u00e9enne\u00a0\u00bb.<\/strong><\/p>\n<p>\u00a0<\/p>\n","protected":false},"excerpt":{"rendered":"Apr\u00e8s le lancement de la plateforme Choose France for Science\u00a0mi-avril, la Sorbonne accueille lundi l\u2019initiative Choose Europe for&hellip;\n","protected":false},"author":2,"featured_media":74928,"comment_status":"","ping_status":"","sticky":false,"template":"","format":"standard","meta":{"footnotes":""},"categories":[1888],"tags":[11,2450,7079,17958,1777,674,1011,27,2047,12,2828,626,25],"class_list":{"0":"post-74927","1":"post","2":"type-post","3":"status-publish","4":"format-standard","5":"has-post-thumbnail","7":"category-paris","8":"tag-actualites","9":"tag-americains","10":"tag-chercheurs","11":"tag-drague","12":"tag-eu","13":"tag-europe","14":"tag-fr","15":"tag-france","16":"tag-mans","17":"tag-news","18":"tag-non","19":"tag-paris","20":"tag-republique-francaise"},"share_on_mastodon":{"url":"https:\/\/pubeurope.com\/@fr\/114451187200347150","error":""},"_links":{"self":[{"href":"https:\/\/www.europesays.com\/fr\/wp-json\/wp\/v2\/posts\/74927","targetHints":{"allow":["GET"]}}],"collection":[{"href":"https:\/\/www.europesays.com\/fr\/wp-json\/wp\/v2\/posts"}],"about":[{"href":"https:\/\/www.europesays.com\/fr\/wp-json\/wp\/v2\/types\/post"}],"author":[{"embeddable":true,"href":"https:\/\/www.europesays.com\/fr\/wp-json\/wp\/v2\/users\/2"}],"replies":[{"embeddable":true,"href":"https:\/\/www.europesays.com\/fr\/wp-json\/wp\/v2\/comments?post=74927"}],"version-history":[{"count":0,"href":"https:\/\/www.europesays.com\/fr\/wp-json\/wp\/v2\/posts\/74927\/revisions"}],"wp:featuredmedia":[{"embeddable":true,"href":"https:\/\/www.europesays.com\/fr\/wp-json\/wp\/v2\/media\/74928"}],"wp:attachment":[{"href":"https:\/\/www.europesays.com\/fr\/wp-json\/wp\/v2\/media?parent=74927"}],"wp:term":[{"taxonomy":"category","embeddable":true,"href":"https:\/\/www.europesays.com\/fr\/wp-json\/wp\/v2\/categories?post=74927"},{"taxonomy":"post_tag","embeddable":true,"href":"https:\/\/www.europesays.com\/fr\/wp-json\/wp\/v2\/tags?post=74927"}],"curies":[{"name":"wp","href":"https:\/\/api.w.org\/{rel}","templated":true}]}}