{"id":74931,"date":"2025-05-04T19:22:11","date_gmt":"2025-05-04T19:22:11","guid":{"rendered":"https:\/\/www.europesays.com\/fr\/74931\/"},"modified":"2025-05-04T19:22:11","modified_gmt":"2025-05-04T19:22:11","slug":"volodymyr-zelensky-ne-croit-pas-que-la-russie-respectera-le-cessez-le-feu-de-trois-jours","status":"publish","type":"post","link":"https:\/\/www.europesays.com\/fr\/74931\/","title":{"rendered":"Volodymyr Zelensky \u201cne croit pas\u201d que la Russie respectera le cessez-le-feu de trois jours"},"content":{"rendered":"<p class=\"latino-300b text-grey-800\">\n<p>  Par\u00a0<br \/>\nLe Nouvel Obs avec AFP          <\/p>\n<p class=\"latino-300r text-grey-600\">\n      Publi\u00e9 le<\/p>\n<p>    4 mai 2025 \u00e0 19h16<\/p>\n<p>      <img fetchpriority=\"high\" decoding=\"async\" class=\"mx-auto\" src=\"data:image\/svg+xml,%3Csvg%20xmlns%3D%27http%3A%2F%2Fwww.w3.org%2F2000%2Fsvg%27%20fill%3D%22%23e4e4e4%22%20viewBox%3D%270%200%20510%20340%27%20width%3D%22510%22%20height%3D%22340%22%3E%3Cpath%20d%3D%27M0%200h510v340H0z%27%2F%3E%3C%2Fsvg%3E\"  loading=\"eager\" width=\"510\" height=\"340\" data-oncrawl-image-size=\"510x340\" alt=\"Le pr\u00e9sident tch\u00e8que Petr Pavel et homologue ukrainien Volodymyr Zelenskyy \u00e0 Prague, le 4\u00a0mai 2025.\"\/>      <\/p>\n<p class=\"latino-100m text-grey-600\">\n            Le pr\u00e9sident tch\u00e8que Petr Pavel et homologue ukrainien Volodymyr Zelenskyy \u00e0 Prague, le 4\u00a0mai 2025.\u00a0PETR DAVID JOSEK\/AP\/SIPA        <\/p>\n<p>    Lire\u00a0plus\u00a0tard  <\/p>\n<p><a aria-label=\"Nous suivre sur Google News\" href=\"https:\/\/news.google.com\/publications\/CAAqBwgKMJe4nQkw3dFs?hl=fr&amp;gl=FR&amp;ceid=FR%3Afr\" target=\"_blank\" data-piano=\"Page_Article,Sous_date_publi,Nous_suivre_sur_google_news,1er_clic,action\" class=\"btn btn--small btn--secondary\" rel=\"noopener\"><\/p>\n<p>      Google Actualit\u00e9s<br \/>\n  <\/a><\/p>\n<p>  Partager<\/p>\n<p>        Facebook<\/p>\n<p>        Bluesky<\/p>\n<p>        E-mail<\/p>\n<p>        Copier le lien<\/p>\n<p>      Envoyer<\/p>\n<p>    Temps de lecture\u00a0:\u00a01\u00a0min.<\/p>\n<p class=\"node__paragraphe antonia-750r text-grey-800 pb-20 pb-md-30\">\nLe pr\u00e9sident ukrainien Volodymyr Zelensky a d\u00e9clar\u00e9 ce dimanche 4\u00a0mai qu\u2019il ne \u00ab\u00a0croyait pas\u00a0\u00bb que <a href=\"https:\/\/www.nouvelobs.com\/monde\/20250503.OBS103495\/guerre-en-ukraine-volodymyr-zelensky-dit-ne-pas-vouloir-jouer-avec-les-courtes-treves-proposees-par-poutine.html\" target=\"_blank\" rel=\"noopener\">la Russie respecterait une tr\u00eave de trois jours<\/a> \u00e0 venir pour co\u00efncider avec les c\u00e9l\u00e9brations de la Journ\u00e9e de la victoire de Moscou.<\/p>\n<p class=\"node__paragraphe antonia-750r text-grey-800 pb-20 pb-md-30\">\n\u00ab\u00a0Ce n\u2019est pas le premier d\u00e9fi, ni les premi\u00e8res promesses faites par la Russie de cessez-le-feu\u2026 Nous savons \u00e0 qui nous avons affaire, nous ne les croyons pas\u00a0\u00bb, a d\u00e9clar\u00e9 Volodymyr Zelensky lors d\u2019une conf\u00e9rence de presse conjointe avec le pr\u00e9sident tch\u00e8que Petr Pavel.<\/p>\n<p class=\"node__paragraphe antonia-750r text-grey-800 pb-20 pb-md-30\">\n<a href=\"https:\/\/www.nouvelobs.com\/monde\/20250428.OBS103293\/guerre-en-ukraine-poutine-annonce-une-nouvelle-treve-du-8-au-10-mai.html\" target=\"_blank\" rel=\"noopener\">Vladimir Poutine a propos\u00e9 une tr\u00eave de trois jours<\/a> qui co\u00efncident avec les comm\u00e9morations russes du 9\u00a0mai afin de, selon lui, tester la disposition de Kiev \u00e0 faire la paix. Vladimir Poutine avait d\u00e9j\u00e0 d\u00e9cr\u00e9t\u00e9 un court cessez-le-feu lors du week-end pascal en avril, qui avait conduit \u00e0 une baisse des combats sans \u00eatre totalement respect\u00e9 par les deux camps. En mars, Moscou avait rejet\u00e9 un cessez-le-feu inconditionnel de 30 jours propos\u00e9 par Kiev et Washington.<\/p>\n<p>Poutine n\u2019en a pas la \u00ab\u00a0volont\u00e9\u00a0\u00bb<\/p>\n<p class=\"node__paragraphe antonia-750r text-grey-800 pb-20 pb-md-30\">\n\u00ab\u00a0Aujourd\u2019hui et tout au long de ces derniers jours, ils parlent de vouloir une sorte de cessez-le-feu partiel, mais il faut savoir, par exemple, que le nombre d\u2019assauts aujourd\u2019hui est le plus \u00e9lev\u00e9 de ces derniers mois\u00a0\u00bb, a d\u00e9clar\u00e9 Volodymyr Zelensky, citant un rapport militaire qui fait \u00e9tat de plus de 200 attaques samedi. \u00ab\u00a0Il n\u2019y a donc aucune confiance (en eux)\u00a0\u00bb, a ajout\u00e9 le pr\u00e9sident ukrainien.<\/p>\n<p class=\"latino-500b text-grey-600 pb-15\">A lire aussi<\/p>\n<p><a href=\"https:\/\/www.nouvelobs.com\/monde\/20250428.OBS103308\/treve-russe-du-8-au-10-mai-en-ukraine-chaque-camp-s-efforce-d-apparaitre-comme-plus-constructif-que-l-autre.html\" data-article-key=\"20250428.OBS103308\" class=\"link--box flex-grow-1\" data-piano=\"Page_Article,Lire_aussi,,Lien1,navigation\" target=\"_blank\" rel=\"noopener\"><\/p>\n<p>                <img decoding=\"async\" src=\"data:image\/svg+xml,%3Csvg%20xmlns%3D%27http%3A%2F%2Fwww.w3.org%2F2000%2Fsvg%27%20fill%3D%22%23e4e4e4%22%20viewBox%3D%270%200%20120%2080%27%20width%3D%22120%22%20height%3D%2280%22%3E%3Cpath%20d%3D%27M0%200h120v80H0z%27%2F%3E%3C%2Fsvg%3E\"  width=\"120\" height=\"80\" loading=\"lazy\" alt=\"Un soldat ukrainien pr\u00e8s de Kostiantynivka, dans la r\u00e9gion de Donetsk, le 24\u00a0avril 2025.\"\/><\/p>\n<p class=\"latino-300r latino-lg-600m text-grey-800\">\n                      <strong class=\"latino-300b latino-lg-600m text-grey-500\">Interview\u00a0<\/strong><br \/>\n                    Tr\u00eave russe du 8\u00a0au 10\u00a0mai en Ukraine\u00a0: \u00ab\u00a0Chaque camp s\u2019efforce d\u2019appara\u00eetre comme plus constructif que l\u2019autre\u00a0\u00bb        <\/p>\n<p><\/a><\/p>\n<p>    Lire\u00a0plus\u00a0tard  <\/p>\n<p class=\"node__paragraphe antonia-750r text-grey-800 pb-20 pb-md-30\">\n<a href=\"https:\/\/www.nouvelobs.com\/monde\/20230129.OBS68903\/le-nouveau-president-tcheque-petr-pavel-plus-ouvert-a-l-union-europeenne-et-a-l-ukraine.html\" target=\"_blank\" rel=\"noopener\">Le pr\u00e9sident tch\u00e8que Petr Pavel<\/a>, ancien g\u00e9n\u00e9ral de l\u2019OTAN, a d\u00e9clar\u00e9 qu\u2019il pr\u00eatait attention \u00e0 ceux qui sont pr\u00eats \u00e0 respecter un cessez-le-feu, <a href=\"https:\/\/www.nouvelobs.com\/monde\/20250422.OBS103048\/guerre-en-ukraine-la-treve-de-paques-etait-une-operation-marketing-de-moscou-estime-jean-noel-barrot.html\" target=\"_blank\" rel=\"noopener\">et non \u00e0 ceux qui se contentent d\u2019en parler.<\/a> \u00ab\u00a0Poutine peut mettre fin \u00e0 la guerre par une simple d\u00e9cision, mais il n\u2019en a pas montr\u00e9 la volont\u00e9 jusqu\u2019\u00e0 pr\u00e9sent\u00a0\u00bb, a ajout\u00e9 Petr Pavel.<\/p>\n<p>\u00ab\u00a0Excellente\u00a0\u00bb initiative de Prague<\/p>\n<p class=\"node__paragraphe antonia-750r text-grey-800 pb-20 pb-md-30\">\nVolodymyr Zelensky est arriv\u00e9 dimanche \u00e0 Prague pour une visite de deux jours, accompagn\u00e9 de son \u00e9pouse. La R\u00e9publique tch\u00e8que, membre de l\u2019Union europ\u00e9enne et de l\u2019OTAN, a apport\u00e9 \u00e0 l\u2019Ukraine un soutien humanitaire et militaire substantiel depuis l\u2019invasion de ce pays par la Russie en f\u00e9vrier\u00a02022.<\/p>\n<p class=\"latino-500b text-grey-600 pb-15\">A lire aussi<\/p>\n<p><a href=\"https:\/\/www.nouvelobs.com\/monde\/20250428.OBS103285\/trump-veut-un-deal-en-ukraine-pour-le-30-avril-voici-ce-que-contiennent-les-differents-plans-de-paix.html\" data-article-key=\"20250428.OBS103285\" class=\"link--box flex-grow-1\" data-piano=\"Page_Article,Lire_aussi,,Lien2,navigation\" target=\"_blank\" rel=\"noopener\"><\/p>\n<p>                <img decoding=\"async\" src=\"data:image\/svg+xml,%3Csvg%20xmlns%3D%27http%3A%2F%2Fwww.w3.org%2F2000%2Fsvg%27%20fill%3D%22%23e4e4e4%22%20viewBox%3D%270%200%20120%2080%27%20width%3D%22120%22%20height%3D%2280%22%3E%3Cpath%20d%3D%27M0%200h120v80H0z%27%2F%3E%3C%2Fsvg%3E\"  width=\"120\" height=\"79\" loading=\"lazy\" alt=\"Le pr\u00e9sident am\u00e9ricain Donald Trump et son homologue ukrainien Volodymyr Zelensky lors d\u2019une rencontre au Vatican, le 26\u00a0avril 2025, en marge des fun\u00e9railles du pape Fran\u00e7ois. Une photographie distribu\u00e9e et publi\u00e9e par le minist\u00e8re ukrainien des Affaires \u00e9trang\u00e8res.\"\/><\/p>\n<p class=\"latino-300r latino-lg-600m text-grey-800\">\n                      <strong class=\"latino-300b latino-lg-600m text-grey-500\">D\u00e9cryptage\u00a0<\/strong><br \/>\n                    Trump veut un \u00ab\u00a0deal\u00a0\u00bb en Ukraine pour le 30\u00a0avril\u00a0: voici ce que contiennent les diff\u00e9rents plans de paix        <\/p>\n<p><\/a><\/p>\n<p>    Lire\u00a0plus\u00a0tard  <\/p>\n<p class=\"node__paragraphe antonia-750r text-grey-800 pb-20 pb-md-30\">\nLa R\u00e9publique tch\u00e8que a accueilli plus d\u2019un demi-million de r\u00e9fugi\u00e9s et fourni \u00e0 l\u2019arm\u00e9e ukrainienne des \u00e9quipements tels que des chars, des v\u00e9hicules blind\u00e9s et des h\u00e9licopt\u00e8res. Prague coordonne \u00e9galement une initiative europ\u00e9enne visant \u00e0 fournir des munitions d\u2019artillerie \u00e0 l\u2019Ukraine, financ\u00e9e en grande partie par les alli\u00e9s de l\u2019OTAN, que Volodymyr Zelensky a qualifi\u00e9e d\u2019\u00ab\u00a0excellente\u00a0\u00bb lors de la conf\u00e9rence de presse.<\/p>\n<p class=\"node__paragraphe antonia-750r text-grey-800 pb-20 pb-md-30\">\nCette initiative vise \u00e0 compenser en partie le fait que l\u2019Union europ\u00e9enne n\u2019a pas tenu sa promesse de fournir un million d\u2019obus \u00e0 l\u2019Ukraine. Le premier ministre tch\u00e8que, Petr Fiala, et les pr\u00e9sidents des deux chambres du parlement ont d\u00e9clar\u00e9 qu\u2019ils rencontreraient Volodymyr Zelensky \u00e0 Prague lundi.<\/p>\n<p class=\"latino-600m text-grey-800\">\n<p>  Par\u00a0<br \/>\nLe Nouvel Obs avec AFP    <\/p>\n","protected":false},"excerpt":{"rendered":"Par\u00a0 Le Nouvel Obs avec AFP Publi\u00e9 le 4 mai 2025 \u00e0 19h16 Le pr\u00e9sident tch\u00e8que Petr Pavel&hellip;\n","protected":false},"author":2,"featured_media":74932,"comment_status":"","ping_status":"","sticky":false,"template":"","format":"standard","meta":{"footnotes":""},"categories":[1591],"tags":[17,11,17960,16071,1887,1312,131,74,12,17959,1885,1886,132,17406,6746],"class_list":{"0":"post-74931","1":"post","2":"type-post","3":"status-publish","4":"format-standard","5":"has-post-thumbnail","7":"category-russie","8":"tag-17","9":"tag-actualites","10":"tag-cessez","11":"tag-croit","12":"tag-federation-de-russie","13":"tag-feu","14":"tag-guerre-en-ukraine","15":"tag-monde","16":"tag-news","17":"tag-respectera","18":"tag-russia","19":"tag-russian-federation","20":"tag-russie","21":"tag-volodymyr","22":"tag-zelensky"},"share_on_mastodon":{"url":"https:\/\/pubeurope.com\/@fr\/114451195258167846","error":""},"_links":{"self":[{"href":"https:\/\/www.europesays.com\/fr\/wp-json\/wp\/v2\/posts\/74931","targetHints":{"allow":["GET"]}}],"collection":[{"href":"https:\/\/www.europesays.com\/fr\/wp-json\/wp\/v2\/posts"}],"about":[{"href":"https:\/\/www.europesays.com\/fr\/wp-json\/wp\/v2\/types\/post"}],"author":[{"embeddable":true,"href":"https:\/\/www.europesays.com\/fr\/wp-json\/wp\/v2\/users\/2"}],"replies":[{"embeddable":true,"href":"https:\/\/www.europesays.com\/fr\/wp-json\/wp\/v2\/comments?post=74931"}],"version-history":[{"count":0,"href":"https:\/\/www.europesays.com\/fr\/wp-json\/wp\/v2\/posts\/74931\/revisions"}],"wp:featuredmedia":[{"embeddable":true,"href":"https:\/\/www.europesays.com\/fr\/wp-json\/wp\/v2\/media\/74932"}],"wp:attachment":[{"href":"https:\/\/www.europesays.com\/fr\/wp-json\/wp\/v2\/media?parent=74931"}],"wp:term":[{"taxonomy":"category","embeddable":true,"href":"https:\/\/www.europesays.com\/fr\/wp-json\/wp\/v2\/categories?post=74931"},{"taxonomy":"post_tag","embeddable":true,"href":"https:\/\/www.europesays.com\/fr\/wp-json\/wp\/v2\/tags?post=74931"}],"curies":[{"name":"wp","href":"https:\/\/api.w.org\/{rel}","templated":true}]}}