{"id":74935,"date":"2025-05-04T19:24:09","date_gmt":"2025-05-04T19:24:09","guid":{"rendered":"https:\/\/www.europesays.com\/fr\/74935\/"},"modified":"2025-05-04T19:24:09","modified_gmt":"2025-05-04T19:24:09","slug":"donald-trump-ne-sait-pas-sil-doit-respecter-la-constitution-mais-ecarte-lidee-dun-troisieme-mandat","status":"publish","type":"post","link":"https:\/\/www.europesays.com\/fr\/74935\/","title":{"rendered":"Donald Trump \u00ab\u00a0ne sait pas\u00a0\u00bb s\u2019il doit respecter la Constitution mais \u00e9carte l\u2019id\u00e9e d\u2019un troisi\u00e8me mandat"},"content":{"rendered":"<p><a href=\"https:\/\/www.20minutes.fr\/dossier\/donald_trump\" target=\"_blank\" class=\"color-ultramarine c-link\" rel=\"noopener\">Donald Trump<\/a>, qui s\u2019efforce de repousser les limites du pouvoir pr\u00e9sidentiel depuis son retour \u00e0 la <a href=\"https:\/\/www.20minutes.fr\/dossier\/maison_blanche\" class=\"color-ultramarine c-link\" target=\"_blank\" rel=\"noopener\">Maison Blanche<\/a>, a affirm\u00e9 ne pas savoir s\u2019il devait respecter la Constitution, la norme juridique supr\u00eame des <a href=\"https:\/\/www.20minutes.fr\/monde\/etats-unis\/\" class=\"color-ultramarine c-link\" target=\"_blank\" rel=\"noopener\">Etats-Unis<\/a>.<\/p>\n<p>\u00ab\u00a0Je ne sais pas\u00a0\u00bb, a r\u00e9pondu le pr\u00e9sident am\u00e9ricain, interrog\u00e9 dimanche par NBC pour savoir s\u2019il pensait devoir respecter la Constitution, qui garantit une proc\u00e9dure judiciaire \u00e9quitable pour toutes les personnes se trouvant sur le territoire am\u00e9ricain. \u00ab\u00a0J\u2019ai de brillants avocats qui travaillent pour moi, et ils vont \u00e9videmment suivre ce que la Cour supr\u00eame a dit\u00a0\u00bb, a-t-il toutefois ajout\u00e9.<\/p>\n<p>Une loi de\u00a01798 utilis\u00e9e \u00e0 nouveau<\/p>\n<p>Depuis le d\u00e9but de son second mandat, en janvier, Donald Trump a exerc\u00e9 le pouvoir ex\u00e9cutif comme aucun autre pr\u00e9sident dans l\u2019histoire moderne, signant plus de 140 d\u00e9crets pour r\u00e9duire drastiquement l\u2019immigration ill\u00e9gale, batailler contre les programmes de diversit\u00e9 ou d\u2019inclusion ha\u00efs par les conservateurs et d\u00e9manteler la bureaucratie f\u00e9d\u00e9rale.<\/p>\n<p>Mais m\u00eame l\u2019autorit\u00e9 du pr\u00e9sident a ses limites et plusieurs de ses d\u00e9cisions ont \u00e9t\u00e9 bloqu\u00e9es par des juges, ce qui suscite r\u00e9guli\u00e8rement la fureur du r\u00e9publicain. Des tribunaux et cours d\u2019appel f\u00e9d\u00e9raux ainsi que la <a href=\"https:\/\/www.20minutes.fr\/monde\/cour_supreme\/\" class=\"color-ultramarine c-link\" target=\"_blank\" rel=\"noopener\">Cour supr\u00eame<\/a> ont notamment bloqu\u00e9 provisoirement le recours \u00e0 une loi de\u00a01798 sur \u00ab\u00a0les ennemis \u00e9trangers\u00a0\u00bb, jusqu\u2019alors utilis\u00e9e exclusivement en temps de guerre, et exhum\u00e9e par l\u2019administration Trump pour pouvoir arr\u00eater des immigr\u00e9s accus\u00e9s d\u2019appartenir \u00e0 des gangs et les expulser manu militari vers le Salvador sans autre forme de proc\u00e8s.<\/p>\n<p>Les Am\u00e9ricains peuvent critiquer Trump, m\u00eame si\u2026<\/p>\n<p>La conception tr\u00e8s personnelle du pouvoir dont fait preuve le r\u00e9publicain inqui\u00e8te une partie des Am\u00e9ricains, qui craignent une d\u00e9rive autoritaire. \u00ab\u00a0Etes-vous en train de mener le pays sur la voie de l\u2019autoritarisme\u00a0?\u00a0\u00bb, lui a demand\u00e9 dimanche la journaliste de <a href=\"https:\/\/www.20minutes.fr\/dossier\/nbc\" class=\"color-ultramarine c-link\" target=\"_blank\" rel=\"noopener\">NBC<\/a>. \u00ab\u00a0Pourquoi ne posez-vous pas la question diff\u00e9remment\u00a0? Beaucoup de gens veulent venir dans notre pays. Beaucoup de gens aiment Trump. J\u2019ai gagn\u00e9 les \u00e9lections\u00a0\u00bb, a ass\u00e9n\u00e9 l\u2019int\u00e9ress\u00e9.<\/p>\n<\/p>\n<p>Il a \u00e9galement affirm\u00e9 que les Am\u00e9ricains avaient \u00ab\u00a0absolument\u00a0\u00bb le droit de le critiquer sans craindre de repr\u00e9sailles, avant de qualifier certains de ses d\u00e9tracteurs de \u00ab\u00a0personnes malveillantes\u00a0\u00bb.<\/p>\n<p>Pas dans l\u2019id\u00e9e d\u2019un troisi\u00e8me mandat<\/p>\n<p>Le pr\u00e9sident a \u00e9galement sembl\u00e9 rejeter dans son interview l\u2019hypoth\u00e8se, que la Constitution interdit, d\u2019un troisi\u00e8me mandat\u00a0: \u00ab\u00a0Ce n\u2019est pas ce que je cherche \u00e0 faire\u00a0\u00bb, a-t-il d\u00e9clar\u00e9. Il avait pourtant multipli\u00e9 depuis son retour \u00e0 la Maison Blanche les allusions \u00e0 cette \u00e9ventualit\u00e9, affirmant qu\u2019il existait \u00ab\u00a0des m\u00e9thodes\u00a0\u00bb pour le faire, et allant jusqu\u2019\u00e0 proposer des v\u00eatements portant l\u2019inscription \u00ab\u00a0Trump 2028\u00a0\u00bb &#8211; l\u2019ann\u00e9e de la prochaine \u00e9lection pr\u00e9sidentielle am\u00e9ricaine &#8211; sur sa boutique en ligne.<\/p>\n<p>\u00ab\u00a0Je souhaite passer quatre tr\u00e8s bonnes ann\u00e9es et laisser la place \u00e0 quelqu\u2019un d\u2019autre, id\u00e9alement un grand r\u00e9publicain\u00a0\u00bb, a-t-il assur\u00e9. Le pr\u00e9sident a cit\u00e9 son vice-pr\u00e9sident JD Vance et son secr\u00e9taire d\u2019Etat <a href=\"https:\/\/www.20minutes.fr\/politique\/marco-rubio\/\" class=\"color-ultramarine c-link\" target=\"_blank\" rel=\"noopener\">Marco Rubio<\/a> comme potentiels successeurs. Mais il est encore \u00ab\u00a0beaucoup trop t\u00f4t pour le dire\u00a0\u00bb, a-t-il aussi estim\u00e9.<\/p>\n","protected":false},"excerpt":{"rendered":"Donald Trump, qui s\u2019efforce de repousser les limites du pouvoir pr\u00e9sidentiel depuis son retour \u00e0 la Maison Blanche,&hellip;\n","protected":false},"author":2,"featured_media":74936,"comment_status":"","ping_status":"","sticky":false,"template":"","format":"standard","meta":{"footnotes":""},"categories":[1589],"tags":[11,76,10658,75,73,1866,1907,74,12,4919,17961,1864,1865,1863,308],"class_list":{"0":"post-74935","1":"post","2":"type-post","3":"status-publish","4":"format-standard","5":"has-post-thumbnail","7":"category-etats-unis","8":"tag-actualites","9":"tag-constitution","10":"tag-cour-supreme","11":"tag-donald-trump","12":"tag-etats-unis","13":"tag-etats-unis-damerique","14":"tag-marco-rubio","15":"tag-monde","16":"tag-news","17":"tag-president","18":"tag-presidentielle-americaine","19":"tag-united-states","20":"tag-united-states-of-america","21":"tag-us","22":"tag-usa"},"share_on_mastodon":{"url":"https:\/\/pubeurope.com\/@fr\/114451202872107863","error":""},"_links":{"self":[{"href":"https:\/\/www.europesays.com\/fr\/wp-json\/wp\/v2\/posts\/74935","targetHints":{"allow":["GET"]}}],"collection":[{"href":"https:\/\/www.europesays.com\/fr\/wp-json\/wp\/v2\/posts"}],"about":[{"href":"https:\/\/www.europesays.com\/fr\/wp-json\/wp\/v2\/types\/post"}],"author":[{"embeddable":true,"href":"https:\/\/www.europesays.com\/fr\/wp-json\/wp\/v2\/users\/2"}],"replies":[{"embeddable":true,"href":"https:\/\/www.europesays.com\/fr\/wp-json\/wp\/v2\/comments?post=74935"}],"version-history":[{"count":0,"href":"https:\/\/www.europesays.com\/fr\/wp-json\/wp\/v2\/posts\/74935\/revisions"}],"wp:featuredmedia":[{"embeddable":true,"href":"https:\/\/www.europesays.com\/fr\/wp-json\/wp\/v2\/media\/74936"}],"wp:attachment":[{"href":"https:\/\/www.europesays.com\/fr\/wp-json\/wp\/v2\/media?parent=74935"}],"wp:term":[{"taxonomy":"category","embeddable":true,"href":"https:\/\/www.europesays.com\/fr\/wp-json\/wp\/v2\/categories?post=74935"},{"taxonomy":"post_tag","embeddable":true,"href":"https:\/\/www.europesays.com\/fr\/wp-json\/wp\/v2\/tags?post=74935"}],"curies":[{"name":"wp","href":"https:\/\/api.w.org\/{rel}","templated":true}]}}