{"id":74941,"date":"2025-05-04T19:27:15","date_gmt":"2025-05-04T19:27:15","guid":{"rendered":"https:\/\/www.europesays.com\/fr\/74941\/"},"modified":"2025-05-04T19:27:15","modified_gmt":"2025-05-04T19:27:15","slug":"les-meilleurs-festivals-de-fleurs-en-europe-a-voir-au-printemps-2025","status":"publish","type":"post","link":"https:\/\/www.europesays.com\/fr\/74941\/","title":{"rendered":"Les meilleurs festivals de fleurs en Europe \u00e0 voir au printemps 2025"},"content":{"rendered":"<p>Des <a href=\"https:\/\/www.timeout.fr\/paris\/shopping\/fleuristes\" target=\"_blank\" rel=\"noopener\">fleurs<\/a> pour \u00e9gayer une table, un balcon, une ruelle pav\u00e9e ? Classique. Mais soyons honn\u00eates : les p\u00e9tales ne pointent pas le bout de leur tige toute l\u2019ann\u00e9e. Alors quand la saison s\u2019y pr\u00eate, on sort les appareils photo et on file l\u00e0 o\u00f9 \u00e7a bourgeonne pour de bon : dans les festivals de fleurs. Du genre \u00e0 faire exploser l\u2019appli photo de votre t\u00e9l\u00e9phone. Pour savoir lesquels font vraiment sensation, DFDS, op\u00e9rateur de ferries et de croisi\u00e8res, a scrut\u00e9 Instagram et list\u00e9 les \u00e9v\u00e9nements floraux les plus lik\u00e9s du continent.\u00a0<\/p>\n<p>En t\u00eate du classement ? Les <a href=\"https:\/\/www.timeout.fr\/paris\/actualites\/jardins-musees-parisiens-muser-apres-expo-050225\" target=\"_blank\" rel=\"noopener\">jardins<\/a> de Keukenhof, avec la bagatelle de 475 000 posts Instagram. Soit le plus grand jardin de tulipes des Pays-Bas, pos\u00e9 \u00e0 Lisse, juste \u00e0 c\u00f4t\u00e9 d\u2019Amsterdam. Le lieu publie m\u00eame un \u00ab\u00a0Flower Report\u00a0\u00bb r\u00e9gulier pour vous dire \u00e0 quoi vous attendre en termes de floraison. Mais si vous voulez en prendre plein les mirettes, pressez-vous : les jardins ferment le 11 mai, fin de la saison des tulipes oblige. En deuxi\u00e8me position, on retrouve le tr\u00e8s chic RHS Chelsea Flower Show, \u00e9v\u00e9nement horticole plan\u00e9taire qui squatte chaque ann\u00e9e les jardins du Royal Hospital Chelsea \u00e0 Londres. Sur la troisi\u00e8me marche du podium ? Girona Temps de Flors. Pendant cet \u00e9v\u00e9nement, la ville catalane se transforme en <a href=\"https:\/\/www.timeout.fr\/paris\/actualites\/giverny-escapade-impressionniste-incontournable-printemps-moins-deux-heures-paris-042725\" target=\"_blank\" rel=\"noopener\">immense tableau impressionniste<\/a> : des fleurs, partout, tout le temps, jusque dans les escaliers.<\/p>\n<p>Voici les meilleurs festivals de fleurs en Europe<\/p>\n<ol>&#13;<\/p>\n<li class=\"\" data-start=\"59\" data-end=\"114\">&#13;\n<p class=\"\" data-start=\"62\" data-end=\"114\">Jardins de Keukenhof, Amsterdam et Lisse, Pays-Bas<\/p>\n<p>&#13;\n<\/li>\n<p>&#13;<\/p>\n<li class=\"\" data-start=\"115\" data-end=\"164\">&#13;\n<p class=\"\" data-start=\"118\" data-end=\"164\">RHS Chelsea Flower Show, Londres, Angleterre<\/p>\n<p>&#13;\n<\/li>\n<p>&#13;<\/p>\n<li class=\"\" data-start=\"165\" data-end=\"208\">&#13;\n<p class=\"\" data-start=\"168\" data-end=\"208\">Girona Temps de Flors, G\u00e9rone, Espagne<\/p>\n<p>&#13;\n<\/li>\n<p>&#13;<\/p>\n<li class=\"\" data-start=\"209\" data-end=\"269\">&#13;\n<p class=\"\" data-start=\"212\" data-end=\"269\">Festivals italiens d\u2019Infiorata, Genzano di Roma, Italie<\/p>\n<p>&#13;\n<\/li>\n<p>&#13;<\/p>\n<li class=\"\" data-start=\"270\" data-end=\"339\">&#13;\n<p class=\"\" data-start=\"273\" data-end=\"339\">RHS Hampton Court Garden Festival, Londres (Molesey), Angleterre<\/p>\n<p>&#13;\n<\/li>\n<p>&#13;<\/p>\n<li class=\"\" data-start=\"340\" data-end=\"401\">&#13;\n<p class=\"\" data-start=\"343\" data-end=\"401\">Festival des fleurs de Mad\u00e8re, Funchal, Mad\u00e8re, Portugal<\/p>\n<p>&#13;\n<\/li>\n<p>&#13;<\/p>\n<li class=\"\" data-start=\"402\" data-end=\"451\">&#13;\n<p class=\"\" data-start=\"405\" data-end=\"451\">F\u00eate de la Lavande, Sault, Valensole, France<\/p>\n<p>&#13;\n<\/li>\n<p>&#13;<\/p>\n<li class=\"\" data-start=\"452\" data-end=\"505\">&#13;\n<p class=\"\" data-start=\"455\" data-end=\"505\">Festival des patios de Cordoue, Cordoue, Espagne<\/p>\n<p>&#13;\n<\/li>\n<p>&#13;<\/p>\n<li class=\"\" data-start=\"506\" data-end=\"559\">&#13;\n<p class=\"\" data-start=\"509\" data-end=\"559\">RHS Malvern Spring Festival, Malvern, Angleterre<\/p>\n<p>&#13;\n<\/li>\n<p>&#13;<\/p>\n<li class=\"\" data-start=\"560\" data-end=\"605\">&#13;\n<p class=\"\" data-start=\"564\" data-end=\"605\">Floralies Internationales, Nantes, France<\/p>\n<p>&#13;\n<\/li>\n<p>&#13;\n<\/ol>\n","protected":false},"excerpt":{"rendered":"Des fleurs pour \u00e9gayer une table, un balcon, une ruelle pav\u00e9e ? Classique. Mais soyons honn\u00eates : les&hellip;\n","protected":false},"author":2,"featured_media":74942,"comment_status":"","ping_status":"","sticky":false,"template":"","format":"standard","meta":{"footnotes":""},"categories":[1586],"tags":[11,17962,4572,1777,674,1011,27,12,3907,25],"class_list":{"0":"post-74941","1":"post","2":"type-post","3":"status-publish","4":"format-standard","5":"has-post-thumbnail","7":"category-europe","8":"tag-actualites","9":"tag-actualites-evenements-festivals","10":"tag-categories-que-faire","11":"tag-eu","12":"tag-europe","13":"tag-fr","14":"tag-france","15":"tag-news","16":"tag-que-faire","17":"tag-republique-francaise"},"share_on_mastodon":{"url":"https:\/\/pubeurope.com\/@fr\/114451214727731536","error":""},"_links":{"self":[{"href":"https:\/\/www.europesays.com\/fr\/wp-json\/wp\/v2\/posts\/74941","targetHints":{"allow":["GET"]}}],"collection":[{"href":"https:\/\/www.europesays.com\/fr\/wp-json\/wp\/v2\/posts"}],"about":[{"href":"https:\/\/www.europesays.com\/fr\/wp-json\/wp\/v2\/types\/post"}],"author":[{"embeddable":true,"href":"https:\/\/www.europesays.com\/fr\/wp-json\/wp\/v2\/users\/2"}],"replies":[{"embeddable":true,"href":"https:\/\/www.europesays.com\/fr\/wp-json\/wp\/v2\/comments?post=74941"}],"version-history":[{"count":0,"href":"https:\/\/www.europesays.com\/fr\/wp-json\/wp\/v2\/posts\/74941\/revisions"}],"wp:featuredmedia":[{"embeddable":true,"href":"https:\/\/www.europesays.com\/fr\/wp-json\/wp\/v2\/media\/74942"}],"wp:attachment":[{"href":"https:\/\/www.europesays.com\/fr\/wp-json\/wp\/v2\/media?parent=74941"}],"wp:term":[{"taxonomy":"category","embeddable":true,"href":"https:\/\/www.europesays.com\/fr\/wp-json\/wp\/v2\/categories?post=74941"},{"taxonomy":"post_tag","embeddable":true,"href":"https:\/\/www.europesays.com\/fr\/wp-json\/wp\/v2\/tags?post=74941"}],"curies":[{"name":"wp","href":"https:\/\/api.w.org\/{rel}","templated":true}]}}