{"id":74943,"date":"2025-05-04T19:28:10","date_gmt":"2025-05-04T19:28:10","guid":{"rendered":"https:\/\/www.europesays.com\/fr\/74943\/"},"modified":"2025-05-04T19:28:10","modified_gmt":"2025-05-04T19:28:10","slug":"lunite-dans-la-diversite-la-devise-pour-leurope-a-25-ans","status":"publish","type":"post","link":"https:\/\/www.europesays.com\/fr\/74943\/","title":{"rendered":"\u00ab L\u2019unit\u00e9 dans la diversit\u00e9\u00a0\u00bb : la devise pour l\u2019Europe a 25\u00a0ans"},"content":{"rendered":"<p>Un s\u00e9rieux bain de jouvence. Ce jeudi 4\u00a0mai 2000, la grande salle du Parlement europ\u00e9en de Bruxelles est pleine de jeunes venus de tous les pays de <a href=\"https:\/\/www.ouest-france.fr\/europe\/\" target=\"_self\" rel=\"noopener\">l\u2019Union europ\u00e9enne.<\/a> C\u2019est l\u2019aboutissement d\u2019un projet ambitieux et de longue haleine dont Ouest-France a \u00e9t\u00e9 \u00e0 l\u2019origine\u00a0: doter l\u2019UE d\u2019une devise.<\/p>\n<p>L\u2019id\u00e9e est lanc\u00e9e par Patrick La Prairie, en avril\u00a01998, en charge alors du service Presse \u00e9cole du journal. Ouest-France embarque dans l\u2019aventure<a href=\"https:\/\/www.ouest-france.fr\/culture\/musees\/memorial-de-caen\/\" target=\"_self\" rel=\"noopener\"> Le M\u00e9morial de Caen (Calvados)<\/a> et Orange, France T\u00e9l\u00e9com \u00e0 l\u2019\u00e9poque. L\u2019id\u00e9e originale est de demander aux jeunes Europ\u00e9ens de r\u00e9fl\u00e9chir \u00e0 une devise pour d\u00e9finir, avec le choix de plusieurs jurys, celle qui portera les id\u00e9aux europ\u00e9ens.<\/p>\n<p>De nombreux journaux, en France et en Europe, sont aussi s\u00e9duits par le projet, comme le Berliner Zeitung en Allemagne, The Guardian en Grande-Bretagne ou bien La Republica en Italie. Ils permettront de relayer l\u2019initiative et de sensibiliser les \u00e9tablissements scolaires europ\u00e9ens.<\/p>\n<p>\u00ab\u00a0Une communaut\u00e9 de destin, l\u2019Union europ\u00e9enne\u00a0\u00bb<\/p>\n<p>Et \u00e7a marche. De septembre\u00a01999 \u00e0 janvier\u00a02000, plus de 2\u00a0500 classes des quinze pays d\u2019alors de l\u2019Union europ\u00e9enne travaillent, et r\u00e9fl\u00e9chissent \u00e0 cette devise europ\u00e9enne. Jusqu\u2019au grand jour, ce jeudi 4\u00a0mai 2000. <strong>\u00ab\u00a0Spectacle \u00e9tonnant et vivifiant que celui d\u2019un h\u00e9micycle rempli de tout jeunes gens, assis \u00e0 la place habituellement d\u00e9volue aux d\u00e9put\u00e9s\u00a0\u00bb, <\/strong>\u00e9crit Ouest-France. Le secret a \u00e9t\u00e9 bien gard\u00e9. Lettre par lettre, un puzzle g\u00e9ant est assembl\u00e9. Pour former ce qui sera d\u00e9sormais la devine europ\u00e9enne\u00a0: \u00ab L\u2019unit\u00e9 dans la diversit\u00e9 \u00bb.<\/p>\n<p>Le lendemain, dans l\u2019\u00e9ditorial \u00e0 la une du journal, <a href=\"https:\/\/www.ouest-france.fr\/ouest-france\/francois-regis-hutin\/\" target=\"_self\" rel=\"noopener\">Fran\u00e7ois R\u00e9gis Hutin, pr\u00e9sident d\u2019<\/a>  <a href=\"https:\/\/www.ouest-france.fr\/ouest-france\/francois-regis-hutin\/\" target=\"_self\" rel=\"noopener\">Ouest-France,<\/a>  souligne aussi tout le sens de cette devise. Elle traduit, explique-t-il, <strong>\u00ab\u00a0les diversit\u00e9s admises et reconnues qui apportent leur richesse particuli\u00e8re \u00e0 une communaut\u00e9 de destin, l\u2019Union europ\u00e9enne\u00a0\u00bb.<\/strong><\/p>\n<p>\u00a0<\/p>\n","protected":false},"excerpt":{"rendered":"Un s\u00e9rieux bain de jouvence. Ce jeudi 4\u00a0mai 2000, la grande salle du Parlement europ\u00e9en de Bruxelles est&hellip;\n","protected":false},"author":2,"featured_media":74944,"comment_status":"","ping_status":"","sticky":false,"template":"","format":"standard","meta":{"footnotes":""},"categories":[1586],"tags":[13204,11,1764,17964,17963,1777,674,1779,1011,27,12,584,25,1778,364,13107],"class_list":{"0":"post-74943","1":"post","2":"type-post","3":"status-publish","4":"format-standard","5":"has-post-thumbnail","7":"category-europe","8":"tag-13204","9":"tag-actualites","10":"tag-ans","11":"tag-devise","12":"tag-diversite","13":"tag-eu","14":"tag-europe","15":"tag-european-union","16":"tag-fr","17":"tag-france","18":"tag-news","19":"tag-rennes","20":"tag-republique-francaise","21":"tag-ue","22":"tag-union-europeenne","23":"tag-unite"},"share_on_mastodon":{"url":"https:\/\/pubeurope.com\/@fr\/114451218673345541","error":""},"_links":{"self":[{"href":"https:\/\/www.europesays.com\/fr\/wp-json\/wp\/v2\/posts\/74943","targetHints":{"allow":["GET"]}}],"collection":[{"href":"https:\/\/www.europesays.com\/fr\/wp-json\/wp\/v2\/posts"}],"about":[{"href":"https:\/\/www.europesays.com\/fr\/wp-json\/wp\/v2\/types\/post"}],"author":[{"embeddable":true,"href":"https:\/\/www.europesays.com\/fr\/wp-json\/wp\/v2\/users\/2"}],"replies":[{"embeddable":true,"href":"https:\/\/www.europesays.com\/fr\/wp-json\/wp\/v2\/comments?post=74943"}],"version-history":[{"count":0,"href":"https:\/\/www.europesays.com\/fr\/wp-json\/wp\/v2\/posts\/74943\/revisions"}],"wp:featuredmedia":[{"embeddable":true,"href":"https:\/\/www.europesays.com\/fr\/wp-json\/wp\/v2\/media\/74944"}],"wp:attachment":[{"href":"https:\/\/www.europesays.com\/fr\/wp-json\/wp\/v2\/media?parent=74943"}],"wp:term":[{"taxonomy":"category","embeddable":true,"href":"https:\/\/www.europesays.com\/fr\/wp-json\/wp\/v2\/categories?post=74943"},{"taxonomy":"post_tag","embeddable":true,"href":"https:\/\/www.europesays.com\/fr\/wp-json\/wp\/v2\/tags?post=74943"}],"curies":[{"name":"wp","href":"https:\/\/api.w.org\/{rel}","templated":true}]}}