{"id":74951,"date":"2025-05-04T19:33:09","date_gmt":"2025-05-04T19:33:09","guid":{"rendered":"https:\/\/www.europesays.com\/fr\/74951\/"},"modified":"2025-05-04T19:33:09","modified_gmt":"2025-05-04T19:33:09","slug":"le-bronze-en-ligue-des-champions-pour-helena-cazaute-et-juliette-gelin-avec-milan","status":"publish","type":"post","link":"https:\/\/www.europesays.com\/fr\/74951\/","title":{"rendered":"Le bronze en Ligue des champions pour H\u00e9l\u00e9na Cazaute et Juliette G\u00e9lin avec Milan"},"content":{"rendered":"<p>Le Grand chelem pour Conegliano<\/p>\n<p>Vainqueur de Milan samedi en demi-finale, Conegliano a poursuivi sur sa lanc\u00e9e en s&rsquo;imposant ce dimanche en finale face \u00e0 Scandicci. Les Toscanes, qui n&rsquo;avaient jusque-l\u00e0 pas perdu un seul set dans cette Ligue des Champions, ont \u00e9t\u00e9 totalement domin\u00e9es par les V\u00e9nitiennes (3-0 : 25-16, 25-21, 25-20). Au sommet de ce podium 100% italien, Conegliano conserve donc son titre europ\u00e9en et monte \u00e0 trois Ligues des champions remport\u00e9es (avec 2021). Isabelle Haak et ses co\u00e9quipi\u00e8res ont en outre r\u00e9ussi un Grand chelem cette saison, avec cinq titres : Supercoupe, Championnat et Coupe d&rsquo;Italie, Championnat du monde des clubs et C1, en ne perdant qu&rsquo;une seule rencontre toutes comp\u00e9titions confondues, au cours de leur s\u00e9rie en demi-finale du championnat, face \u00e0 Novara.<\/p>\n","protected":false},"excerpt":{"rendered":"Le Grand chelem pour Conegliano Vainqueur de Milan samedi en demi-finale, Conegliano a poursuivi sur sa lanc\u00e9e en&hellip;\n","protected":false},"author":2,"featured_media":74952,"comment_status":"","ping_status":"","sticky":false,"template":"","format":"standard","meta":{"footnotes":""},"categories":[1417],"tags":[1011,27,60,1470,1469],"class_list":{"0":"post-74951","1":"post","2":"type-post","3":"status-publish","4":"format-standard","5":"has-post-thumbnail","7":"category-volley","8":"tag-fr","9":"tag-france","10":"tag-sports","11":"tag-volley","12":"tag-volleyball"},"share_on_mastodon":{"url":"https:\/\/pubeurope.com\/@fr\/114451238304423538","error":""},"_links":{"self":[{"href":"https:\/\/www.europesays.com\/fr\/wp-json\/wp\/v2\/posts\/74951","targetHints":{"allow":["GET"]}}],"collection":[{"href":"https:\/\/www.europesays.com\/fr\/wp-json\/wp\/v2\/posts"}],"about":[{"href":"https:\/\/www.europesays.com\/fr\/wp-json\/wp\/v2\/types\/post"}],"author":[{"embeddable":true,"href":"https:\/\/www.europesays.com\/fr\/wp-json\/wp\/v2\/users\/2"}],"replies":[{"embeddable":true,"href":"https:\/\/www.europesays.com\/fr\/wp-json\/wp\/v2\/comments?post=74951"}],"version-history":[{"count":0,"href":"https:\/\/www.europesays.com\/fr\/wp-json\/wp\/v2\/posts\/74951\/revisions"}],"wp:featuredmedia":[{"embeddable":true,"href":"https:\/\/www.europesays.com\/fr\/wp-json\/wp\/v2\/media\/74952"}],"wp:attachment":[{"href":"https:\/\/www.europesays.com\/fr\/wp-json\/wp\/v2\/media?parent=74951"}],"wp:term":[{"taxonomy":"category","embeddable":true,"href":"https:\/\/www.europesays.com\/fr\/wp-json\/wp\/v2\/categories?post=74951"},{"taxonomy":"post_tag","embeddable":true,"href":"https:\/\/www.europesays.com\/fr\/wp-json\/wp\/v2\/tags?post=74951"}],"curies":[{"name":"wp","href":"https:\/\/api.w.org\/{rel}","templated":true}]}}