{"id":74966,"date":"2025-05-04T19:42:14","date_gmt":"2025-05-04T19:42:14","guid":{"rendered":"https:\/\/www.europesays.com\/fr\/74966\/"},"modified":"2025-05-04T19:42:14","modified_gmt":"2025-05-04T19:42:14","slug":"rencontre-avec-une-photographe-artiste-et-autrice","status":"publish","type":"post","link":"https:\/\/www.europesays.com\/fr\/74966\/","title":{"rendered":"rencontre avec une photographe, artiste et autrice"},"content":{"rendered":"<p>Dimanche 27\u00a0avril, avait lieu le march\u00e9 et la bourse aux plantes organis\u00e9s par le comit\u00e9 des f\u00eates. Les visiteurs ont eu le choix parmi de nombreuses plantes.\u00a0Ils ont pu aussi appr\u00e9cier les stands destin\u00e9s aux saveurs et le travail des artisans et artistes. L\u2019apr\u00e8s-midi a \u00e9t\u00e9 anim\u00e9 par la Banda\u2019Zimut d\u2019Autainville.<\/p>\n<p>Aline Mendez, photographe, a expos\u00e9 ses photos encadr\u00e9es et ses mains sculpt\u00e9es. Animatrice en Ehpad, Aline est en reconversion professionnelle. Passionn\u00e9e de photographie depuis sa jeunesse \u00ab\u00a0On m\u2019a dit que j\u2019avais un talent cach\u00e9 alors j\u2019ai accept\u00e9 de le montrer\u00a0\u00bb, elle cherche \u00e0 faire ressortir les d\u00e9tails qui font que l\u2019ensemble est beau. Des photos de ville, de paysage, de rivi\u00e8re\u00a0et pour chacune des photos, elle cr\u00e9e ou pas un cadre parfaitement adapt\u00e9 \u00e0 celle-ci. \u00ab\u00a0Le cadre est une extension de la photo.\u00a0\u00bb Elle sculpte aussi des mains en ciment. Le style est donn\u00e9 ensuite avec plusieurs couches de peinture de couleurs diff\u00e9rentes pour un rendu agr\u00e9able \u00e0 l\u2019\u0153il.<\/p>\n<p>Un parcours de r\u00e9silience<\/p>\n<p>Ce n\u2019est pas ses\u00a0seuls talents. Aline est \u00e9galement autrice d\u2019un livre intitul\u00e9\u00a0Elle rit, elle pleure, elle grandit. Depuis longtemps, elle avait envie d\u2019\u00e9crire. Cet ouvrage lui a permis de se lib\u00e9rer de ses \u00e9motions, de pardonner et de mettre en avant sa r\u00e9silience. Elle a compris l\u2019impact qu\u2019on eut les traumatismes non r\u00e9gl\u00e9s sur sa vie bien des ann\u00e9es plus tard. Elle y parle des joies de l\u2019enfance, de la mort, de multiples violences, des difficult\u00e9s scolaires, de sexualit\u00e9, de pauvret\u00e9, de drogue, de solitude, de naissance, de maladie et bien plus encore en toute r\u00e9silience. \u00ab\u00a0Mon parcours a fait de moi la femme que je suis aujourd\u2019hui, joyeuse, patiente et tol\u00e9rante.\u00a0\u00bb<\/p>\n<p>Aline a cr\u00e9\u00e9 en avril l\u2019association du C\u0153ur brillant et va proposer des ateliers d\u2019art-th\u00e9rapie et de sophro-relaxation et divers \u00e9v\u00e9nements autour du bien-\u00eatre, de l\u2019art et de la pr\u00e9vention \u00e0 Oucques-la-Nouvelle.<\/p>\n","protected":false},"excerpt":{"rendered":"Dimanche 27\u00a0avril, avait lieu le march\u00e9 et la bourse aux plantes organis\u00e9s par le comit\u00e9 des f\u00eates. Les&hellip;\n","protected":false},"author":2,"featured_media":74967,"comment_status":"","ping_status":"","sticky":false,"template":"","format":"standard","meta":{"footnotes":""},"categories":[1358],"tags":[1348,1384,1385,1674,1386,58,59,1011,27,17965],"class_list":{"0":"post-74966","1":"post","2":"type-post","3":"status-publish","4":"format-standard","5":"has-post-thumbnail","7":"category-arts-et-design","8":"tag-arts","9":"tag-arts-and-design","10":"tag-arts-et-design","11":"tag-communes","12":"tag-design","13":"tag-divertissement","14":"tag-entertainment","15":"tag-fr","16":"tag-france","17":"tag-villetrun"},"share_on_mastodon":{"url":"https:\/\/pubeurope.com\/@fr\/114451273677180689","error":""},"_links":{"self":[{"href":"https:\/\/www.europesays.com\/fr\/wp-json\/wp\/v2\/posts\/74966","targetHints":{"allow":["GET"]}}],"collection":[{"href":"https:\/\/www.europesays.com\/fr\/wp-json\/wp\/v2\/posts"}],"about":[{"href":"https:\/\/www.europesays.com\/fr\/wp-json\/wp\/v2\/types\/post"}],"author":[{"embeddable":true,"href":"https:\/\/www.europesays.com\/fr\/wp-json\/wp\/v2\/users\/2"}],"replies":[{"embeddable":true,"href":"https:\/\/www.europesays.com\/fr\/wp-json\/wp\/v2\/comments?post=74966"}],"version-history":[{"count":0,"href":"https:\/\/www.europesays.com\/fr\/wp-json\/wp\/v2\/posts\/74966\/revisions"}],"wp:featuredmedia":[{"embeddable":true,"href":"https:\/\/www.europesays.com\/fr\/wp-json\/wp\/v2\/media\/74967"}],"wp:attachment":[{"href":"https:\/\/www.europesays.com\/fr\/wp-json\/wp\/v2\/media?parent=74966"}],"wp:term":[{"taxonomy":"category","embeddable":true,"href":"https:\/\/www.europesays.com\/fr\/wp-json\/wp\/v2\/categories?post=74966"},{"taxonomy":"post_tag","embeddable":true,"href":"https:\/\/www.europesays.com\/fr\/wp-json\/wp\/v2\/tags?post=74966"}],"curies":[{"name":"wp","href":"https:\/\/api.w.org\/{rel}","templated":true}]}}