{"id":74969,"date":"2025-05-04T19:44:08","date_gmt":"2025-05-04T19:44:08","guid":{"rendered":"https:\/\/www.europesays.com\/fr\/74969\/"},"modified":"2025-05-04T19:44:08","modified_gmt":"2025-05-04T19:44:08","slug":"sophie-fait-des-revelations-sur-sa-premiere-nuit-en-off-avec-guillaume","status":"publish","type":"post","link":"https:\/\/www.europesays.com\/fr\/74969\/","title":{"rendered":"Sophie fait des r\u00e9v\u00e9lations sur sa \u00ab\u00a0premi\u00e8re nuit en off\u00a0\u00bb avec Guillaume"},"content":{"rendered":"<p>Le jour du mariage \u00e9tait pourtant idyllique pour Sophie et<br \/>\nGuillaume&#8230; Mais le couple n\u00a0\u00bba pas \u00e9t\u00e9 au bout de l&rsquo;exp\u00e9rience<br \/>\nMari\u00e9s au premier regard. <a href=\"https:\/\/www.melty.fr\/tele\/maries-au-premier-regard-2025-guillaume-completement-destabilise-face-a-sophie-2230975.html\" target=\"_blank\" rel=\"noopener\"><br \/>\nTout a commenc\u00e9 par les inqui\u00e9tudes de Guillaume<\/a> sur sa<br \/>\ndiff\u00e9rence d&rsquo;\u00e2ge avec sa femme. <strong>\u00ab\u00a0Je n&rsquo;ai jamais \u00e9t\u00e9<br \/>\navec une fille plus \u00e2g\u00e9e que moi. Je n&rsquo;ai pas envie de me changer<br \/>\net je n&rsquo;ai pas envie de me forcer\u00a0\u00bb<\/strong>, a-t-il d\u00e9clar\u00e9 \u00e0<br \/>\nSophie qui stup\u00e9faite, a fait savoir en apart\u00e9 : \u00ab\u00a0<strong>Il<br \/>\nest hyper dur. \u00c7a m&rsquo;\u00e9nerve. \u00c7a va, c&rsquo;est 2 ans de moins. On n&rsquo;a pas<br \/>\nnon plus 10 ans d&rsquo;\u00e9cart&#8230;<\/strong> En fait,\u00a0j&rsquo;ai l&rsquo;impression<br \/>\nde ne pas \u00eatre assez bien pour lui. De ne pas lui plaire.\u00a0\u00bb<\/p>\n<p>Rien ne va plus pour les deux jeunes mari\u00e9s<\/p>\n<p>Alors que le soir de leur nuit de noces, les deux jeunes mari\u00e9s<br \/>\n\u00e9taient tr\u00e8s proches, tout a bascul\u00e9 la nuit suivante. C&rsquo;est l\u00e0 que<br \/>\nSophie a commenc\u00e9 \u00e0 se dire que quelque chose n&rsquo;allait pas. Elle a<br \/>\nalors profit\u00e9 d&rsquo;un pique-nique organis\u00e9 pendant leur voyage de<br \/>\nnoces pour lui dire ce qu&rsquo;elle avait sur le c\u0153ur.<\/p>\n<p>\u00ab\u00a0T&rsquo;as \u00e9t\u00e9 tellement d\u00e9\u00e7u que je ne sois pas ton id\u00e9al<br \/>\nf\u00e9minin, que tu n&rsquo;as m\u00eame pas essay\u00e9. \u00c0 quel moment tu as \u00e9t\u00e9 clair<br \/>\nen me disant &lsquo;j&rsquo;y arrive pas, viens, on reste amis&rsquo; ?\u00a0\u00bb a l\u00e2ch\u00e9<br \/>\nSophie \u00e0 Guillaume avant de pr\u00e9ciser : \u00ab\u00a0Hier, tu m&rsquo;as dit, &lsquo;on<br \/>\ncontinue, je viens voir ta famille, je veux apprendre \u00e0 te<br \/>\nconnaitre, on va juste en bout&rsquo;. Tu vois, je ne suis pas un yoyo,<br \/>\nje ne suis pas un pantin, je ne suis pas tout \u00e7a en fait.\u00a0\u00bb<\/p>\n<p>Sophie stoppe l&rsquo;aventure avec Guillaume<\/p>\n<p>Guillaume a donc fini par avouer qu&rsquo;il ne se voyait pas vivre<br \/>\nune relation amoureuse avec Sophie. \u00ab\u00a0<strong>Mais il y a des<br \/>\npersonnes qui ne sont pas faites pour \u00eatre ensemble, c&rsquo;est<br \/>\ntout.<\/strong> C&rsquo;est au-del\u00e0 du physique, c&rsquo;est autre chose.<br \/>\n<strong>Toi, tu t&rsquo;es mis en t\u00eate que c&rsquo;est le physique. Le<br \/>\nsentiment amoureux, je sais qu&rsquo;il ne peut pas na\u00eetre.<\/strong><br \/>\nC&rsquo;est diff\u00e9rent. Par contre, un sentiment amical, c&rsquo;est possible.<br \/>\nTu vois ce que je veux dire ?\u00a0\u00bb<\/p>\n<p>Ne voulant pas avoir de faux espoir, Sophie a donc \u00e9t\u00e9 tr\u00e8s<br \/>\nclaire avec son mari : \u00ab\u00a0Tu vois, l\u00e0, tu viens de me dire<br \/>\nclairement que le sentiment amoureux ne na\u00eetra jamais et c&rsquo;est la<br \/>\npremi\u00e8re fois que tu me le dis, enfin, et il faut que je te sorte<br \/>\nles verres du nez. L\u00e0, tu viens de me dire clairement et je te<br \/>\nremercie (&#8230;) Je me suis jamais sentie ta femme. Je me suis sentie<br \/>\nrepouss\u00e9e tout le long. Moi, j&rsquo;en peux plus. Stop, en fait, c&rsquo;est<br \/>\nfini.\u00a0J&rsquo;en ai marre que tu joues avec moi. <strong>Moi, je<br \/>\npr\u00e9f\u00e8re arr\u00eater l\u00e0. Je veux pas rester avec toi parce que&#8230; Parce<br \/>\nque je veux pas \u00eatre avec quelqu&rsquo;un qui ne veut pas \u00eatre avec<br \/>\nmoi.<\/strong>\u00ab\u00a0<\/p>\n<p>\u00ab\u00a0Lors de la premi\u00e8re nuit en off,<br \/>\non parle de beaucoup de choses&#8230;\u00a0\u00bb<\/p>\n<p>Interrog\u00e9 par Purepeople, <a href=\"https:\/\/www.melty.fr\/tele\/maries-au-premier-regard-2025-sophie-et-guillaume-stresses-pour-leur-premiere-nuit-ca-me-met-la-pression-2228010.html\" target=\"_blank\" rel=\"noopener\"><br \/>\nSophie s&rsquo;est confi\u00e9e sur sa premi\u00e8re nuit off avec Guillaume<\/a> et<br \/>\nce dernier lui a avou\u00e9 avoir aim\u00e9 la voir arriver en dansant.<br \/>\n<strong>\u00ab\u00a0Il m&rsquo;a parl\u00e9 de ce moment en off et il a ador\u00e9. Il a<br \/>\ntrouv\u00e9 que c&rsquo;\u00e9tait magique. Il ne s&rsquo;y attendait pas. Et il m&rsquo;a dit<br \/>\nqu&rsquo;il s&rsquo;en souviendra toute sa vie\u00a0\u00bb<\/strong>, a-t-elle<br \/>\nracont\u00e9.<\/p>\n<p>Par la suite, elle a r\u00e9v\u00e9l\u00e9 : \u00ab\u00a0<strong>Lors de la premi\u00e8re<br \/>\nnuit en off, on parle de beaucoup de choses&#8230;<\/strong> On est<br \/>\nrevenus sur le mariage, sur mon entr\u00e9e, sur la c\u00e9r\u00e9monie, sur le<br \/>\nfait que nos familles se sont super bien entendues et qu&rsquo;on avait<br \/>\nvraiment kiff\u00e9 notre mariage. On s&rsquo;est aussi pos\u00e9s des questions<br \/>\nsur nos vies en g\u00e9n\u00e9ral. <strong>On a appris \u00e0 se<br \/>\nconnaitre.<\/strong>\u00ab\u00a0<\/p>\n","protected":false},"excerpt":{"rendered":"Le jour du mariage \u00e9tait pourtant idyllique pour Sophie et Guillaume&#8230; Mais le couple n\u00a0\u00bba pas \u00e9t\u00e9 au&hellip;\n","protected":false},"author":2,"featured_media":74970,"comment_status":"","ping_status":"","sticky":false,"template":"","format":"standard","meta":{"footnotes":""},"categories":[1356],"tags":[905,58,59,1011,27,4057,252,1364],"class_list":{"0":"post-74969","1":"post","2":"type-post","3":"status-publish","4":"format-standard","5":"has-post-thumbnail","7":"category-television","8":"tag-a-la-une-melty","9":"tag-divertissement","10":"tag-entertainment","11":"tag-fr","12":"tag-france","13":"tag-maries-au-premier-regard-2025","14":"tag-television","15":"tag-tv"},"share_on_mastodon":{"url":"https:\/\/pubeurope.com\/@fr\/114451281763266120","error":""},"_links":{"self":[{"href":"https:\/\/www.europesays.com\/fr\/wp-json\/wp\/v2\/posts\/74969","targetHints":{"allow":["GET"]}}],"collection":[{"href":"https:\/\/www.europesays.com\/fr\/wp-json\/wp\/v2\/posts"}],"about":[{"href":"https:\/\/www.europesays.com\/fr\/wp-json\/wp\/v2\/types\/post"}],"author":[{"embeddable":true,"href":"https:\/\/www.europesays.com\/fr\/wp-json\/wp\/v2\/users\/2"}],"replies":[{"embeddable":true,"href":"https:\/\/www.europesays.com\/fr\/wp-json\/wp\/v2\/comments?post=74969"}],"version-history":[{"count":0,"href":"https:\/\/www.europesays.com\/fr\/wp-json\/wp\/v2\/posts\/74969\/revisions"}],"wp:featuredmedia":[{"embeddable":true,"href":"https:\/\/www.europesays.com\/fr\/wp-json\/wp\/v2\/media\/74970"}],"wp:attachment":[{"href":"https:\/\/www.europesays.com\/fr\/wp-json\/wp\/v2\/media?parent=74969"}],"wp:term":[{"taxonomy":"category","embeddable":true,"href":"https:\/\/www.europesays.com\/fr\/wp-json\/wp\/v2\/categories?post=74969"},{"taxonomy":"post_tag","embeddable":true,"href":"https:\/\/www.europesays.com\/fr\/wp-json\/wp\/v2\/tags?post=74969"}],"curies":[{"name":"wp","href":"https:\/\/api.w.org\/{rel}","templated":true}]}}