{"id":74979,"date":"2025-05-04T19:49:07","date_gmt":"2025-05-04T19:49:07","guid":{"rendered":"https:\/\/www.europesays.com\/fr\/74979\/"},"modified":"2025-05-04T19:49:07","modified_gmt":"2025-05-04T19:49:07","slug":"la-prochaine-fois-jattaque-thierry-ardisson-met-en-garde-melanie-thierry-et-menace-ceux-qui-cherchent-a-le-cancelliser","status":"publish","type":"post","link":"https:\/\/www.europesays.com\/fr\/74979\/","title":{"rendered":"La prochaine fois, j\u2019attaque\u00a0\u00bb : Thierry Ardisson met en garde M\u00e9lanie Thierry et menace ceux qui cherchent \u00e0 le \u00ab\u00a0cancelliser"},"content":{"rendered":"<p>      R\u00e9sum\u00e9<\/p>\n<p>Thierry Ardisson annonce sa ferme intention de poursuivre en justice ceux qui le critiquent suite aux controverses sur ses anciennes interviews.<\/p>\n<p>        Sommaire<\/p>\n<p>Thierry Ardisson part en guerre contre ces d\u00e9tracteurs. Depuis plusieurs ann\u00e9es, les s\u00e9quences cultes des \u00e9missions qu&rsquo;a anim\u00e9es l&rsquo;homme en noir du PAF <strong>sont exhum\u00e9es<\/strong>. Il faut dire qu&rsquo;en quarante ans de carri\u00e8re, Thierry Ardisson a connu bien des pol\u00e9miques et des interviews probl\u00e9matiques&#8230; On se souvient notamment du <strong>coup d&rsquo;\u00e9clat de Milla Jovovich<\/strong> ou de l&rsquo;interview sexiste de Lara Fabian. Mais ce n&rsquo;est pas tout&#8230;<\/p>\n<p>En effet, il y a quelques semaines, M\u00e9lanie Thierry a r\u00e9v\u00e9l\u00e9 <a href=\"https:\/\/www.public.fr\/melanie-thierry-toujours-traumatisee-par-son-interview-avec-thierry-ardisson-cest-de-lordre-de-linacceptable\" target=\"_blank\" rel=\"noopener\">avoir mal v\u00e9cu son passage chez Thierry Ardisson<\/a>. Traumatis\u00e9e par les questions en rafale que lui posait l&rsquo;animateur, la jeune femme qu&rsquo;elle \u00e9tait \u00e0 l&rsquo;\u00e9poque en \u00e9tait ressortie tremblotante et humili\u00e9e : \u00ab\u00a0Je pense que c&rsquo;est de l&rsquo;ordre de l&rsquo;inacceptable. <strong>Pourquoi prendre autant de plaisir \u00e0 voir les jeunes filles devenir rouge \u00e9carlate et devoir freiner leurs larmes<\/strong>\u00a0?\u00a0\u00bb a ainsi d\u00e9clar\u00e9 <a href=\"https:\/\/vsd.fr\/76763-melanie-thierry-raphael-et-leurs-enfants-face-a-une-douloureuse-epreuve-elle-est-restee-aupres-de-nous-jusqua-sa-mort\/\" target=\"_blank\" rel=\"noopener\">l&rsquo;\u00e9pouse de Rapha\u00ebl<\/a> \u00e0 Marie-Claire.<\/p>\n<p>Il ne laissera plus aucune critique passer<\/p>\n<p>L&rsquo;actrice, aujourd&rsquo;hui \u00e2g\u00e9e de 43 ans, n&rsquo;arrive toujours \u00e0 dig\u00e9rer<strong> \u00ab\u00a0le traquenard abject\u00a0\u00bb que lui avait tendu Thierry Ardisson<\/strong>, et dans lequel elle \u00e9tait tomb\u00e9e : \u00ab\u00a0Mais quel jeu de merde\u00a0!\u00a0C&rsquo;est une forme de voyeurisme de mettre une nana qui perd ses moyens et qui se retrouve \u00e0 parler cul, alors qu&rsquo;elle avait juste parl\u00e9 cul avec sa meilleure amie dans sa chambre avec ses trois posters au mur\u00a0\u00bb.<\/p>\n<p>Las, Thierry Ardisson ne veut plus laisser passer pareilles sorties. Accul\u00e9 <a href=\"https:\/\/www.public.fr\/il-est-paye-pour-m-abattre-lara-fabian-fait-de-lourdes-revelations-sur-thierry-ardisson\" target=\"_blank\" rel=\"noopener\">par de nombreuses invit\u00e9es<\/a> qui lui reprochent de les avoir malmen\u00e9es, <strong>Thierry Ardisson ne veut plus se laisser faire<\/strong>. Dans une interview qu&rsquo;il a accord\u00e9e \u00e0 La Tribune Dimanche ce 4 mai 2025, l&rsquo;ancien animateur de Tout le monde en parle et de Salut les terriens fait savoir que les prochaines femmes qui s&rsquo;amuseront \u00e0 le d\u00e9nigrer publiquement <strong>seront syst\u00e9miquement attaqu\u00e9es en justice<\/strong> !<\/p>\n<p>\u00ab\u00a0La prochaine fois, j&rsquo;attaque. Je ne vais pas me laisser traiter d&rsquo;abject par des filles que j&rsquo;ai vues deux fois dans ma vie ! On oublie quand m\u00eame que tout \u00e7a a \u00e9t\u00e9 diffus\u00e9 sur Antenne 2. <strong>Ce n&rsquo;\u00e9tait pas ma cha\u00eene perso, sur les box, comme Cyril Hanouna<\/strong>\u00a0\u00bb explique l&rsquo;\u00e9poux d&rsquo;Audrey Crespo-Mara.<\/p>\n<p>Thierry Ardisson n&rsquo;a rien \u00e0 se reprocher<\/p>\n<p>Pour Thierry Ardisson, le proc\u00e8s qui lui est aujourd&rsquo;hui intent\u00e9, est \u00e0 circonstancier avec l&rsquo;\u00e9poque que nous traversons. <strong>L&rsquo;animateur s&rsquo;estime l\u00e9s\u00e9 par l&rsquo;\u00e9poque actuelle<\/strong>, qui consiste \u00e0 chercher des histoires aux hommes de son \u00e2ge&#8230; \u00ab\u00a0On a cherch\u00e9 \u00e0 cancelliser l&rsquo;homme blanc de plus de 50 ans que je suis, fa\u00e7on PPDA ou Nicolas Hulot. Mais ils n&rsquo;ont rien trouv\u00e9. Mon p\u00e8re m&rsquo;ayant toujours appris \u00e0 me comporter comme il faut avec les femmes, personne n&rsquo;a pu dire :<strong> Il m&rsquo;a pelot\u00e9e dans sa loge il y a 25 ans<\/strong>\u00ab\u00a0. Les prochaines seront pr\u00e9venues !<\/p>\n<p>      Mentionn\u00e9s dans cet article<\/p>\n<p>\u00c0 lire aussi<\/p>\n","protected":false},"excerpt":{"rendered":"R\u00e9sum\u00e9 Thierry Ardisson annonce sa ferme intention de poursuivre en justice ceux qui le critiquent suite aux controverses&hellip;\n","protected":false},"author":2,"featured_media":74980,"comment_status":"","ping_status":"","sticky":false,"template":"","format":"standard","meta":{"footnotes":""},"categories":[8],"tags":[58,59,1011,27,303,17966,17967,2634,1062,17968,1747,10058,1265,809,15875],"class_list":{"0":"post-74979","1":"post","2":"type-post","3":"status-publish","4":"format-standard","5":"has-post-thumbnail","7":"category-divertissement","8":"tag-divertissement","9":"tag-entertainment","10":"tag-fr","11":"tag-france","12":"tag-justice","13":"tag-nicolas-hulot","14":"tag-patrick-poivre-darvor","15":"tag-plainte","16":"tag-polemique","17":"tag-salut-les-terriens","18":"tag-scandale","19":"tag-thierry-ardisson","20":"tag-viol","21":"tag-violence","22":"tag-violence-contre-les-femmes"},"share_on_mastodon":{"url":"https:\/\/pubeurope.com\/@fr\/114451301432914072","error":""},"_links":{"self":[{"href":"https:\/\/www.europesays.com\/fr\/wp-json\/wp\/v2\/posts\/74979","targetHints":{"allow":["GET"]}}],"collection":[{"href":"https:\/\/www.europesays.com\/fr\/wp-json\/wp\/v2\/posts"}],"about":[{"href":"https:\/\/www.europesays.com\/fr\/wp-json\/wp\/v2\/types\/post"}],"author":[{"embeddable":true,"href":"https:\/\/www.europesays.com\/fr\/wp-json\/wp\/v2\/users\/2"}],"replies":[{"embeddable":true,"href":"https:\/\/www.europesays.com\/fr\/wp-json\/wp\/v2\/comments?post=74979"}],"version-history":[{"count":0,"href":"https:\/\/www.europesays.com\/fr\/wp-json\/wp\/v2\/posts\/74979\/revisions"}],"wp:featuredmedia":[{"embeddable":true,"href":"https:\/\/www.europesays.com\/fr\/wp-json\/wp\/v2\/media\/74980"}],"wp:attachment":[{"href":"https:\/\/www.europesays.com\/fr\/wp-json\/wp\/v2\/media?parent=74979"}],"wp:term":[{"taxonomy":"category","embeddable":true,"href":"https:\/\/www.europesays.com\/fr\/wp-json\/wp\/v2\/categories?post=74979"},{"taxonomy":"post_tag","embeddable":true,"href":"https:\/\/www.europesays.com\/fr\/wp-json\/wp\/v2\/tags?post=74979"}],"curies":[{"name":"wp","href":"https:\/\/api.w.org\/{rel}","templated":true}]}}