{"id":74987,"date":"2025-05-04T19:53:08","date_gmt":"2025-05-04T19:53:08","guid":{"rendered":"https:\/\/www.europesays.com\/fr\/74987\/"},"modified":"2025-05-04T19:53:08","modified_gmt":"2025-05-04T19:53:08","slug":"le-conjoint-avoue-avoir-tue-son-ex-femme","status":"publish","type":"post","link":"https:\/\/www.europesays.com\/fr\/74987\/","title":{"rendered":"le conjoint avoue avoir tu\u00e9 son ex-femme"},"content":{"rendered":"<p>Une femme de 56 ans avait \u00e9t\u00e9 d\u00e9couverte morte chez elle par son fils. Son \u00e9poux, \u00e2g\u00e9 de 59 ans, avec lequel elle \u00e9tait en instance de divorce depuis 2023, avait \u00e9t\u00e9 retrouv\u00e9 sur les lieux et arr\u00eat\u00e9 par les gendarmes.<\/p>\n<p class=\"fig-paragraph\">L&rsquo;\u00e9poux en instance de divorce d&rsquo;une\u00a0<a href=\"http:\/\/www.lefigaro.fr\/bordeaux\/feminicide-de-merignac-l-ex-mari-de-chahinez-daoud-conscient-de-son-acte-malgre-son-delire-paranoiaque-20250327\" target=\"_blank\" data-fig-type=\"NewsFlash\" rel=\"noopener\" data-gtm-custom-categorie=\"navigation\" data-gtm-custom-action=\"crossclick\" data-gtm-custom-label=\"Contextuel\" data-gtm-event=\"customEventSPE\" data-fig-domain=\"LEFIGARO\">femme \u00e9trangl\u00e9e<\/a>\u00a0\u00e0 son domicile vendredi, en Is\u00e8re, a reconnu l&rsquo;avoir tu\u00e9e et a \u00e9t\u00e9 mis en examen pour meurtre par conjoint et \u00e9crou\u00e9, a annonc\u00e9 le 4 avril le parquet.<\/p>\n<p class=\"fig-paragraph\">Cette femme de 56 ans avait \u00e9t\u00e9 d\u00e9couverte morte chez elle par son fils au Pont-de-Beauvoisin, un petit bourg is\u00e9rois limitrophe de la Savoie, et l&rsquo;\u00e9poux \u00e2g\u00e9 de 59 ans, \u00abavec lequel elle \u00e9tait en instance de divorce depuis 2023\u00bb, avait \u00e9t\u00e9 \u00abretrouv\u00e9 sur les lieux\u00bb et arr\u00eat\u00e9 par les gendarmes, a expliqu\u00e9 le procureur de la R\u00e9publique adjoint de Grenoble Fran\u00e7ois Touret de Coucy, dans un message \u00e0 la presse.<\/p>\n<p>\u00abSeul auteur des faits\u00bb<\/p>\n<p class=\"fig-paragraph\">Lors de sa garde \u00e0 vue, \u00able suspect a reconnu \u00eatre le seul auteur des faits\u00bb et a \u00e9t\u00e9 mis en examen par un juge d&rsquo;instruction du chef de \u00abmeurtre par une personne \u00e9tant conjoint de la victime puis plac\u00e9 en d\u00e9tention provisoire\u00bb, \u00e9crit le magistrat.<\/p>\n<p class=\"fig-paragraph\">Les \u00e9poux vivaient s\u00e9par\u00e9ment et \u00abaucune plainte pour violences au sein du couple n&rsquo;avait \u00e9t\u00e9 signal\u00e9e avant ces faits. Le couple \u00e9tait jusqu&rsquo;\u00e0 pr\u00e9sent inconnu des services de police ou de gendarmerie et ne faisait l&rsquo;objet d&rsquo;aucun suivi particulier\u00bb, a pr\u00e9cis\u00e9 M. Touret de Coucy.<\/p>\n<p class=\"fig-paragraph\">En 2023, 96 femmes ont \u00e9t\u00e9 victimes d&rsquo;un\u00a0<a href=\"http:\/\/www.lefigaro.fr\/faits-divers\/proces-du-feminicide-de-chahinez-daoud-perpetuite-requise-contre-son-mari-20250328\" target=\"_blank\" data-fig-type=\"NewsFlash\" rel=\"noopener\" data-gtm-custom-categorie=\"navigation\" data-gtm-custom-action=\"crossclick\" data-gtm-custom-label=\"Contextuel\" data-gtm-event=\"customEventSPE\" data-fig-domain=\"LEFIGARO\">meurtre conjugal en France<\/a>, selon le dernier bilan publi\u00e9 par le minist\u00e8re de l&rsquo;Int\u00e9rieur.<\/p>\n","protected":false},"excerpt":{"rendered":"Une femme de 56 ans avait \u00e9t\u00e9 d\u00e9couverte morte chez elle par son fils. Son \u00e9poux, \u00e2g\u00e9 de&hellip;\n","protected":false},"author":2,"featured_media":74988,"comment_status":"","ping_status":"","sticky":false,"template":"","format":"standard","meta":{"footnotes":""},"categories":[4],"tags":[119,11,3694,271,2951,3695,3696,118,1011,27,2825,108,1253,303,777,12,1072,2694,25,2949],"class_list":{"0":"post-74987","1":"post","2":"type-post","3":"status-publish","4":"format-standard","5":"has-post-thumbnail","7":"category-france","8":"tag-accident","9":"tag-actualites","10":"tag-affaires","11":"tag-crime","12":"tag-criminalite","13":"tag-enquetes","14":"tag-evenements","15":"tag-faits-divers","16":"tag-fr","17":"tag-france","18":"tag-insecurite","19":"tag-isere","20":"tag-islamisme","21":"tag-justice","22":"tag-meurtre","23":"tag-news","24":"tag-police","25":"tag-proces","26":"tag-republique-francaise","27":"tag-violences"},"share_on_mastodon":{"url":"https:\/\/pubeurope.com\/@fr\/114451316974279588","error":""},"_links":{"self":[{"href":"https:\/\/www.europesays.com\/fr\/wp-json\/wp\/v2\/posts\/74987","targetHints":{"allow":["GET"]}}],"collection":[{"href":"https:\/\/www.europesays.com\/fr\/wp-json\/wp\/v2\/posts"}],"about":[{"href":"https:\/\/www.europesays.com\/fr\/wp-json\/wp\/v2\/types\/post"}],"author":[{"embeddable":true,"href":"https:\/\/www.europesays.com\/fr\/wp-json\/wp\/v2\/users\/2"}],"replies":[{"embeddable":true,"href":"https:\/\/www.europesays.com\/fr\/wp-json\/wp\/v2\/comments?post=74987"}],"version-history":[{"count":0,"href":"https:\/\/www.europesays.com\/fr\/wp-json\/wp\/v2\/posts\/74987\/revisions"}],"wp:featuredmedia":[{"embeddable":true,"href":"https:\/\/www.europesays.com\/fr\/wp-json\/wp\/v2\/media\/74988"}],"wp:attachment":[{"href":"https:\/\/www.europesays.com\/fr\/wp-json\/wp\/v2\/media?parent=74987"}],"wp:term":[{"taxonomy":"category","embeddable":true,"href":"https:\/\/www.europesays.com\/fr\/wp-json\/wp\/v2\/categories?post=74987"},{"taxonomy":"post_tag","embeddable":true,"href":"https:\/\/www.europesays.com\/fr\/wp-json\/wp\/v2\/tags?post=74987"}],"curies":[{"name":"wp","href":"https:\/\/api.w.org\/{rel}","templated":true}]}}