{"id":74989,"date":"2025-05-04T19:54:08","date_gmt":"2025-05-04T19:54:08","guid":{"rendered":"https:\/\/www.europesays.com\/fr\/74989\/"},"modified":"2025-05-04T19:54:08","modified_gmt":"2025-05-04T19:54:08","slug":"vladimir-poutine-soupconne-kiev-de-vouloir-gacher-son-9-mai","status":"publish","type":"post","link":"https:\/\/www.europesays.com\/fr\/74989\/","title":{"rendered":"Vladimir Poutine soup\u00e7onne Kiev de vouloir g\u00e2cher \u00abson\u00bb 9\u00a0mai"},"content":{"rendered":"<p>Des rumeurs d\u2019attaques contre le \u00ab\u00a0d\u00e9fil\u00e9 de la Victoire\u00a0\u00bb sur la place Rouge circulent apr\u00e8s le refus des bellig\u00e9rants d\u2019envisager une tr\u00eave.<\/p>\n<p class=\"fig-paragraph\">\u00c0 la veille de ce week-end, Moscou s\u2019est couvert d\u2019une neige tardive au grand \u00e9tonnement de ses habitants. Vendredi 9\u00a0mai, ce sont d\u2019autres al\u00e9as, beaucoup plus s\u00e9rieux, qui planent sur les comm\u00e9morations du quatre-vingti\u00e8me anniversaire du \u00ab\u00a0Jour de la victoire\u00a0\u00bb de 1945, rendez-vous majeur dans le calendrier du Kremlin. Ces craintes ont pris forme depuis la semaine derni\u00e8re, apr\u00e8s diverses d\u00e9clarations venues de Kiev, et notamment celles de\u00a0<a href=\"http:\/\/www.lefigaro.fr\/international\/guerre-en-ukraine-zelensky-ne-croit-pas-que-la-russie-respectera-le-cessez-le-feu-de-trois-jours-20250504\" data-fig-type=\"NewsFlash\" data-gtm-custom-categorie=\"navigation\" data-gtm-custom-action=\"crossclick\" data-gtm-custom-label=\"Contextuel\" data-gtm-event=\"customEventSPE\" data-fig-domain=\"LEFIGARO\" rel=\"nofollow noopener\" target=\"_blank\">Volodymyr Zelensky<\/a>.<\/p>\n<p class=\"fig-paragraph\">En effet, le pr\u00e9sident ukrainien a indiqu\u00e9 samedi que Kiev ne pourrait garantir la \u00ab\u00a0s\u00e9curit\u00e9\u00a0\u00bb de la vingtaine de chefs d\u2019\u00c9tat et de gouvernement qui devraient \u00eatre pr\u00e9sents sur la place Rouge pour assister \u00e0 la traditionnelle parade militaire.\u00a0<a href=\"http:\/\/www.lefigaro.fr\/international\/chine-russie-le-president-chinois-xi-jinping-en-visite-en-russie-du-7-au-10-mai-annonce-le-kremlin-20250504\" data-fig-type=\"NewsFlash\" data-gtm-custom-categorie=\"navigation\" data-gtm-custom-action=\"crossclick\" data-gtm-custom-label=\"Contextuel\" data-gtm-event=\"customEventSPE\" data-fig-domain=\"LEFIGARO\" rel=\"nofollow noopener\" target=\"_blank\">Parmi les invit\u00e9s, on note le pr\u00e9sident chinois, Xi Jinping<\/a>, dont la venue a \u00e9t\u00e9 confirm\u00e9e officiellement dimanche ainsi que le Br\u00e9silien Ignacio Lula da Silva, mais aussi les alli\u00e9s traditionnels de Moscou tels que la Bi\u00e9lorussie, le Kazakhstan, Cuba ou encore le Venezuela.<\/p>\n<p>Tr\u00eave militaire<\/p>\n<p class=\"fig-paragraph\">M.\u00a0Zelensky\u2026<\/p>\n<p class=\"fig-premium-paywall__infos\">\n        Cet article est r\u00e9serv\u00e9 aux abonn\u00e9s.        Il vous reste 78% \u00e0 d\u00e9couvrir.\n    <\/p>\n<p>                <img  data- alt=\"Le Figaro\" class=\"fig-img--complete fig-img\"\/><\/p>\n<p class=\"fig-premium-paywall__title\">Je m&rsquo;informe, je m&rsquo;inspire, je m&rsquo;abonne.<\/p>\n<p class=\"fig-premium-paywall__subtitle\">D\u00e9couvrez notre offre de bienvenue.<\/p>\n<p class=\"fig-premium-paywall__connect\">\n                D\u00e9j\u00e0 abonn\u00e9\u00a0?                <a class=\"fig-premium-paywall__connect-link\" href=\"https:\/\/connect.lefigaro.fr\/login?client=horizon_web&amp;type=main&amp;redirect_uri=https%3A%2F%2Fwww.lefigaro.fr%2Finternational%2Fvladimir-poutine-soupconne-kiev-de-vouloir-gacher-son-9-mai-20250504\" data-js-gtm=\"{&quot;customCategorie&quot;: &quot;conversion&quot;, &quot;customAction&quot;: &quot;before_Landing_Connexion_paywall_auto&quot;, &quot;customLabel&quot;: &quot;bGVmaWdhcm8uZnJfXzFmMDI4ZTZjLWJkOWUtNmU4OC1hN2MwLWQ5YzVkYmUxNTI5NF9fQXJ0aWNsZQ==_Vladimir Poutine soup\u00e7onne Kiev de vouloir g\u00e2cher \u00abson\u00bb 9\u00a0mai_3&quot;, &quot;customIDSPE&quot;: &quot;bGVmaWdhcm8uZnJfXzFmMDI4ZTZjLWJkOWUtNmU4OC1hN2MwLWQ5YzVkYmUxNTI5NF9fQXJ0aWNsZQ==&quot;, &quot;event&quot;: &quot;customEventSPE&quot;}\" rel=\"nofollow noopener\" target=\"_blank\"><br \/>\n                    Connectez-vous<br \/>\n                <\/a>\n            <\/p>\n","protected":false},"excerpt":{"rendered":"Des rumeurs d\u2019attaques contre le \u00ab\u00a0d\u00e9fil\u00e9 de la Victoire\u00a0\u00bb sur la place Rouge circulent apr\u00e8s le refus des&hellip;\n","protected":false},"author":2,"featured_media":74990,"comment_status":"","ping_status":"","sticky":false,"template":"","format":"standard","meta":{"footnotes":""},"categories":[2],"tags":[259,11,260,1011,27,14,261,12,262,135],"class_list":{"0":"post-74989","1":"post","2":"type-post","3":"status-publish","4":"format-standard","5":"has-post-thumbnail","7":"category-actualites","8":"tag-actualite-internationale","9":"tag-actualites","10":"tag-affaires-etrangeres","11":"tag-fr","12":"tag-france","13":"tag-international","14":"tag-ministere-des-affaires-etrangeres","15":"tag-news","16":"tag-politique-etrangere","17":"tag-vladimir-poutine"},"share_on_mastodon":{"url":"https:\/\/pubeurope.com\/@fr\/114451320946118750","error":""},"_links":{"self":[{"href":"https:\/\/www.europesays.com\/fr\/wp-json\/wp\/v2\/posts\/74989","targetHints":{"allow":["GET"]}}],"collection":[{"href":"https:\/\/www.europesays.com\/fr\/wp-json\/wp\/v2\/posts"}],"about":[{"href":"https:\/\/www.europesays.com\/fr\/wp-json\/wp\/v2\/types\/post"}],"author":[{"embeddable":true,"href":"https:\/\/www.europesays.com\/fr\/wp-json\/wp\/v2\/users\/2"}],"replies":[{"embeddable":true,"href":"https:\/\/www.europesays.com\/fr\/wp-json\/wp\/v2\/comments?post=74989"}],"version-history":[{"count":0,"href":"https:\/\/www.europesays.com\/fr\/wp-json\/wp\/v2\/posts\/74989\/revisions"}],"wp:featuredmedia":[{"embeddable":true,"href":"https:\/\/www.europesays.com\/fr\/wp-json\/wp\/v2\/media\/74990"}],"wp:attachment":[{"href":"https:\/\/www.europesays.com\/fr\/wp-json\/wp\/v2\/media?parent=74989"}],"wp:term":[{"taxonomy":"category","embeddable":true,"href":"https:\/\/www.europesays.com\/fr\/wp-json\/wp\/v2\/categories?post=74989"},{"taxonomy":"post_tag","embeddable":true,"href":"https:\/\/www.europesays.com\/fr\/wp-json\/wp\/v2\/tags?post=74989"}],"curies":[{"name":"wp","href":"https:\/\/api.w.org\/{rel}","templated":true}]}}