{"id":75021,"date":"2025-05-04T20:18:15","date_gmt":"2025-05-04T20:18:15","guid":{"rendered":"https:\/\/www.europesays.com\/fr\/75021\/"},"modified":"2025-05-04T20:18:15","modified_gmt":"2025-05-04T20:18:15","slug":"transports-cette-station-du-metro-de-toulouse-va-etre-fermee-pendant-quinze-jours","status":"publish","type":"post","link":"https:\/\/www.europesays.com\/fr\/75021\/","title":{"rendered":"Transports. Cette station du m\u00e9tro de Toulouse va \u00eatre ferm\u00e9e pendant quinze jours"},"content":{"rendered":"<p>            Par<br \/>\n        <strong><br \/>\n            <a href=\"https:\/\/actu.fr\/auteur\/lucie-2\" title=\"Consulter tous les articles de Lucie Fraisse\" target=\"_blank\" rel=\"noopener\">Lucie Fraisse<\/a><br \/>\n        <\/strong><\/p>\n<p>        Publi\u00e9 le<\/p>\n<p>            4 mai 2025 \u00e0 17h08        <\/p>\n<p>La station de <strong>m\u00e9tro La Vache<\/strong>, sur la ligne B du m\u00e9tro de <a href=\"https:\/\/actu.fr\/toulouse\/\" target=\"_blank\" rel=\"noopener\">Toulouse<\/a>, sera inaccessible du 5 au 20 mai 2025 : une fermeture n\u00e9cessaire pour le chantier de <strong>remplacement des escaliers m\u00e9caniques<\/strong> de la station.<\/p>\n<p>Le chantier a d\u00e9j\u00e0 d\u00e9but\u00e9<\/p>\n<p class=\" wall-content\">Ceux qui l\u2019empruntent r\u00e9guli\u00e8rement l\u2019auront sans doute remarqu\u00e9\u00a0 : le chantier a commenc\u00e9 \u00e0 \u00eatre install\u00e9 voici plusieurs jours. Comme dans toutes les autres stations de la <strong>Ligne B du m\u00e9tro<\/strong>, les escaliers m\u00e9caniques de La Vache doivent \u00eatre chang\u00e9s.<\/p>\n<p class=\" wall-content\">D\u2019ici 2030, c\u2019est l\u2019ensemble des escaliers m\u00e9caniques du m\u00e9tro toulousain (ligne A et B) qui seront remplac\u00e9s par de nouveaux mod\u00e8les.<\/p>\n<p>Un chantier \u00e0 1 million d\u2019euros<\/p>\n<p class=\" wall-content\">Pour la seule ligne B, le plan de remplacement est \u00e0 <strong>22,2 millions d\u2019euros hors taxe pour les 20 stations<\/strong>, dont 1 million d\u2019euros hors taxe pour la seule station La Vache.<\/p>\n<p class=\" wall-content\">Pendant les quinze jours de fermeture de la station, l\u2019ancien escalier sera sorti de la station pour laisser la place au nouveau. Du 5 au 20 mai, des bus seront d\u00e9vi\u00e9s pour permettre aux usagers habituels de la station La Vache de rallier la ligne B.\u00a0<\/p>\n<p>Vid\u00e9os : en ce moment sur ActuDes bus d\u00e9vi\u00e9s\u00a0<\/p>\n<p class=\" wall-content\">Le<strong> Lin\u00e9o 10<\/strong> est d\u00e9vi\u00e9 par le chemin du S\u00e9minaire et la route de Launaguet dans les deux sens de circulation. Le Lin\u00e9o 10 aura pour terminus temporaire la station Trois Cocus.\u00a0<\/p>\n<p class=\" wall-content\">L\u2019<strong>itin\u00e9raire du 59 est d\u00e9vi\u00e9<\/strong> par l\u2019avenue de Fronton et le boulevard Pierre et Marie Curie dans les deux sens de circulation et desservira la station Barri\u00e8re de Paris.<\/p>\n<p class=\" wall-content\">Les<strong> lignes 69 et 169<\/strong> emprunteront le chemin du S\u00e9minaire et desserviront la station Trois Cocus, avec pour terminus La Vache.<\/p>\n<p class=\" wall-content\">Les itin\u00e9raires des<strong> lignes 15 et 29<\/strong> et restent inchang\u00e9s. \u00a0Les voyageurs pourront rejoindre \u00e0 pied les stations \u00ab Trois Cocus \u00bb ou \u00ab Barri\u00e8re de Paris \u00bb (en moyenne, 15 minutes \u00e0 pied).<\/p>\n<p class=\" wall-content\">La station rouvrira le 21 mai. Une r\u00e9ouverture qui ne signe pas pour autant la fin des travaux qui doivent s\u2019achever en juin.<\/p>\n<p class=\" wall-content\">Suivez toute l\u2019actualit\u00e9 de vos villes et m\u00e9dias favoris en vous inscrivant \u00e0 <a href=\"https:\/\/moncompte.actu.fr\" title=\"D\u00e9couvez Mon Actu\" rel=\"nofollow noopener\" data-trk=\"{&quot;cta&quot;:{&quot;action&quot;:&quot;https:\\\/\\\/moncompte.actu.fr&quot;,&quot;category&quot;:&quot;mon compte&quot;,&quot;from&quot;:&quot;article footer&quot;,&quot;name&quot;:&quot;Mon actu&quot;,&quot;type&quot;:&quot;cta&quot;}}\" target=\"_blank\">Mon Actu<\/a>.<\/p>\n","protected":false},"excerpt":{"rendered":"Par Lucie Fraisse Publi\u00e9 le 4 mai 2025 \u00e0 17h08 La station de m\u00e9tro La Vache, sur la&hellip;\n","protected":false},"author":2,"featured_media":75022,"comment_status":"","ping_status":"","sticky":false,"template":"","format":"standard","meta":{"footnotes":""},"categories":[2816],"tags":[1111,11,1777,674,1011,27,4047,12,2680,25,104,5400,2312],"class_list":{"0":"post-75021","1":"post","2":"type-post","3":"status-publish","4":"format-standard","5":"has-post-thumbnail","7":"category-toulouse","8":"tag-actu","9":"tag-actualites","10":"tag-eu","11":"tag-europe","12":"tag-fr","13":"tag-france","14":"tag-metro","15":"tag-news","16":"tag-occitanie","17":"tag-republique-francaise","18":"tag-societe","19":"tag-tisseo","20":"tag-toulouse"},"share_on_mastodon":{"url":"https:\/\/pubeurope.com\/@fr\/114451415256348424","error":""},"_links":{"self":[{"href":"https:\/\/www.europesays.com\/fr\/wp-json\/wp\/v2\/posts\/75021","targetHints":{"allow":["GET"]}}],"collection":[{"href":"https:\/\/www.europesays.com\/fr\/wp-json\/wp\/v2\/posts"}],"about":[{"href":"https:\/\/www.europesays.com\/fr\/wp-json\/wp\/v2\/types\/post"}],"author":[{"embeddable":true,"href":"https:\/\/www.europesays.com\/fr\/wp-json\/wp\/v2\/users\/2"}],"replies":[{"embeddable":true,"href":"https:\/\/www.europesays.com\/fr\/wp-json\/wp\/v2\/comments?post=75021"}],"version-history":[{"count":0,"href":"https:\/\/www.europesays.com\/fr\/wp-json\/wp\/v2\/posts\/75021\/revisions"}],"wp:featuredmedia":[{"embeddable":true,"href":"https:\/\/www.europesays.com\/fr\/wp-json\/wp\/v2\/media\/75022"}],"wp:attachment":[{"href":"https:\/\/www.europesays.com\/fr\/wp-json\/wp\/v2\/media?parent=75021"}],"wp:term":[{"taxonomy":"category","embeddable":true,"href":"https:\/\/www.europesays.com\/fr\/wp-json\/wp\/v2\/categories?post=75021"},{"taxonomy":"post_tag","embeddable":true,"href":"https:\/\/www.europesays.com\/fr\/wp-json\/wp\/v2\/tags?post=75021"}],"curies":[{"name":"wp","href":"https:\/\/api.w.org\/{rel}","templated":true}]}}