{"id":75031,"date":"2025-05-04T20:25:18","date_gmt":"2025-05-04T20:25:18","guid":{"rendered":"https:\/\/www.europesays.com\/fr\/75031\/"},"modified":"2025-05-04T20:25:18","modified_gmt":"2025-05-04T20:25:18","slug":"lyon-une-violente-averse-de-grele-fait-fuir-une-petite-chienne-retrouvee-saine-et-sauve-le-lendemain","status":"publish","type":"post","link":"https:\/\/www.europesays.com\/fr\/75031\/","title":{"rendered":"Lyon. Une violente averse de gr\u00eale fait fuir une petite chienne, retrouv\u00e9e saine et sauve le lendemain"},"content":{"rendered":"<p>Il est environ 17h30 lorsque de lourds nuages noirs s\u2019amoncellent au-dessus de Lyon. Aby, une petite chienne particuli\u00e8rement craintive face aux intemp\u00e9ries, se trouvait alors dans le jardin familial, \u00e0 La Mulati\u00e8re. Profitant d\u2019un moment d\u2019inattention, elle dispara\u00eet, affol\u00e9e par le bruit de l\u2019orage.<\/p>\n<p>  \u00ab\u00a0Elle a d\u00fb s\u2019enfuir car elle a extr\u00eamement peur de l\u2019orage et du tonnerre\u00a0\u00bb<\/p>\n<p>Sa disparition plonge imm\u00e9diatement sa famille dans l\u2019angoisse. Manon, la fille de la propri\u00e9taire, lance plusieurs appels \u00e0 l\u2019aide sur les r\u00e9seaux sociaux, notamment sur la page Facebook <a href=\"https:\/\/www.leprogres.fr\/rhone-69\/2018\/08\/12\/le-reflexe-pet-alert-69-pour-retrouver-son-animal-perdu\" target=\"_blank\" rel=\"noopener\">Pet Alert Rh\u00f4ne 69<\/a> \u00a0: \u00ab\u00a0Elle a d\u00fb s\u2019enfuir car elle a extr\u00eamement peur de l\u2019orage et du tonnerre. Si vous la voyez ou l\u2019avez recueillie, merci de m\u2019appeler \u00e0 n\u2019importe quelle heure. Elle doit \u00eatre terroris\u00e9e.\u00a0\u00bb<\/p>\n<p>Heureusement, Aby a \u00e9t\u00e9 retrouv\u00e9e saine et sauve au petit matin pr\u00e8s d\u2019une \u00e9cole primaire, avant d\u2019\u00eatre mise \u00e0 l\u2019abri pour la nuit. La famille, soulag\u00e9e, a pu retrouver sa chienne, tremblante mais en bonne sant\u00e9.<\/p>\n","protected":false},"excerpt":{"rendered":"Il est environ 17h30 lorsque de lourds nuages noirs s\u2019amoncellent au-dessus de Lyon. Aby, une petite chienne particuli\u00e8rement&hellip;\n","protected":false},"author":2,"featured_media":75032,"comment_status":"","ping_status":"","sticky":false,"template":"","format":"standard","meta":{"footnotes":""},"categories":[1889],"tags":[1111,11,2430,2757,3154,436,1777,674,1011,27,17973,2428,2756,8423,12,25,2429],"class_list":{"0":"post-75031","1":"post","2":"type-post","3":"status-publish","4":"format-standard","5":"has-post-thumbnail","7":"category-lyon","8":"tag-actu","9":"tag-actualites","10":"tag-auvergne-rhone-alpes","11":"tag-edition-lyon-villeurbanne","12":"tag-edition-sud-lyonnais","13":"tag-environnement","14":"tag-eu","15":"tag-europe","16":"tag-fr","17":"tag-france","18":"tag-la-mulatiere","19":"tag-lyon","20":"tag-lyon-bassin","21":"tag-meteorologie-climat","22":"tag-news","23":"tag-republique-francaise","24":"tag-rhone"},"share_on_mastodon":{"url":"https:\/\/pubeurope.com\/@fr\/114451442877493101","error":""},"_links":{"self":[{"href":"https:\/\/www.europesays.com\/fr\/wp-json\/wp\/v2\/posts\/75031","targetHints":{"allow":["GET"]}}],"collection":[{"href":"https:\/\/www.europesays.com\/fr\/wp-json\/wp\/v2\/posts"}],"about":[{"href":"https:\/\/www.europesays.com\/fr\/wp-json\/wp\/v2\/types\/post"}],"author":[{"embeddable":true,"href":"https:\/\/www.europesays.com\/fr\/wp-json\/wp\/v2\/users\/2"}],"replies":[{"embeddable":true,"href":"https:\/\/www.europesays.com\/fr\/wp-json\/wp\/v2\/comments?post=75031"}],"version-history":[{"count":0,"href":"https:\/\/www.europesays.com\/fr\/wp-json\/wp\/v2\/posts\/75031\/revisions"}],"wp:featuredmedia":[{"embeddable":true,"href":"https:\/\/www.europesays.com\/fr\/wp-json\/wp\/v2\/media\/75032"}],"wp:attachment":[{"href":"https:\/\/www.europesays.com\/fr\/wp-json\/wp\/v2\/media?parent=75031"}],"wp:term":[{"taxonomy":"category","embeddable":true,"href":"https:\/\/www.europesays.com\/fr\/wp-json\/wp\/v2\/categories?post=75031"},{"taxonomy":"post_tag","embeddable":true,"href":"https:\/\/www.europesays.com\/fr\/wp-json\/wp\/v2\/tags?post=75031"}],"curies":[{"name":"wp","href":"https:\/\/api.w.org\/{rel}","templated":true}]}}