{"id":75033,"date":"2025-05-04T20:26:09","date_gmt":"2025-05-04T20:26:09","guid":{"rendered":"https:\/\/www.europesays.com\/fr\/75033\/"},"modified":"2025-05-04T20:26:09","modified_gmt":"2025-05-04T20:26:09","slug":"intemperies-les-fortes-pluies-a-lyon-provoquent-un-effondrement-de-la-chaussee-montee-de-la-boucle","status":"publish","type":"post","link":"https:\/\/www.europesays.com\/fr\/75033\/","title":{"rendered":"Intemp\u00e9ries. Les fortes pluies \u00e0 Lyon provoquent un effondrement de la chauss\u00e9e mont\u00e9e de la Boucle"},"content":{"rendered":"<p>Quel week-end\u00a0! Apr\u00e8s les orages et la gr\u00eale, Lyon se retrouve de dimanche en proie \u00e0 de fortes pluies. Ces pr\u00e9cipitations ont engendr\u00e9 un effondrement de la chauss\u00e9e Mont\u00e9e de la Boucle du c\u00f4t\u00e9 de Lyon, constat\u00e9 par un riverain aux alentours de 18h50.<\/p>\n<p>La police est intervenue pour couper l&rsquo;acc\u00e8s \u00e0 cette voie, le temps que la chauss\u00e9e, jonch\u00e9e de terre et de gravats, soit d\u00e9blay\u00e9e. Et en attendant que les services de la voirie de la M\u00e9tropole estiment les d\u00e9g\u00e2ts et engagent les travaux n\u00e9cessaires.<\/p>\n<p>  Les Croix-roussiens \u00ab\u00a0bloqu\u00e9s sur le plateau\u00a0\u00bb<\/p>\n<p>Un sacr\u00e9 caillou dans la chaussure pour les habitants de la Croix-rousse et de Caluire, cet incident venant s\u2019ajouter aux diff\u00e9rents travaux actuellement en cours dans le secteur.<\/p>\n<p>Sur le r\u00e9seau social X, un internaute temp\u00eate\u00a0: Avec \u00ab <a href=\"https:\/\/www.leprogres.fr\/transport\/2023\/09\/19\/montee-saint-sebastien-le-tribunal-administratif-rejette-le-recours-de-la-droite-lyonnaise\" target=\"_blank\" rel=\"noopener\">la mont\u00e9e Saint-S\u00e9bastien<\/a> ferm\u00e9e, Eug\u00e8ne-Pons (qui a vu sons sens de circulation <a href=\"https:\/\/www.leprogres.fr\/transport\/2024\/12\/06\/a-la-croix-rousse-la-rue-eugene-pons-change-de-sens-a-cause-des-navettes-ca-rale-a-mi-pentes\" target=\"_blank\" rel=\"noopener\">\u00eatre invers\u00e9<\/a> au mois de d\u00e9cembre dernier N.D.L.R) et la mont\u00e9e Bonafous <a href=\"https:\/\/www.leprogres.fr\/economie\/2024\/12\/04\/quatre-ans-apres-l-incendie-montee-bonafous-je-ne-suis-jamais-retourne-vers-l-immeuble-je-n-ai-pas-eu-la-force\" target=\"_blank\" rel=\"noopener\">toujours pas rouverte \u00e0 la circulation<\/a> depuis 3 ans, tu te retrouves bloqu\u00e9 sur le plateau.\u00a0\u00bb<\/p>\n<p>Et de proph\u00e9tiser\u00a0: \u00ab\u00a0Demain matin \u00e7a va \u00eatre un r\u00e9gal de partir au boulot!\u00a0\u00bb<\/p>\n","protected":false},"excerpt":{"rendered":"Quel week-end\u00a0! Apr\u00e8s les orages et la gr\u00eale, Lyon se retrouve de dimanche en proie \u00e0 de fortes&hellip;\n","protected":false},"author":2,"featured_media":75034,"comment_status":"","ping_status":"","sticky":false,"template":"","format":"standard","meta":{"footnotes":""},"categories":[1889],"tags":[1111,11,2430,15842,3542,2757,1777,674,274,107,1011,27,3059,2428,8423,12,25,2429],"class_list":{"0":"post-75033","1":"post","2":"type-post","3":"status-publish","4":"format-standard","5":"has-post-thumbnail","7":"category-lyon","8":"tag-actu","9":"tag-actualites","10":"tag-auvergne-rhone-alpes","11":"tag-caluire-et-cuire","12":"tag-circulation","13":"tag-edition-lyon-villeurbanne","14":"tag-eu","15":"tag-europe","16":"tag-faits-divers-justice","17":"tag-fil-info","18":"tag-fr","19":"tag-france","20":"tag-intemperies","21":"tag-lyon","22":"tag-meteorologie-climat","23":"tag-news","24":"tag-republique-francaise","25":"tag-rhone"},"share_on_mastodon":{"url":"https:\/\/pubeurope.com\/@fr\/114451446745855205","error":""},"_links":{"self":[{"href":"https:\/\/www.europesays.com\/fr\/wp-json\/wp\/v2\/posts\/75033","targetHints":{"allow":["GET"]}}],"collection":[{"href":"https:\/\/www.europesays.com\/fr\/wp-json\/wp\/v2\/posts"}],"about":[{"href":"https:\/\/www.europesays.com\/fr\/wp-json\/wp\/v2\/types\/post"}],"author":[{"embeddable":true,"href":"https:\/\/www.europesays.com\/fr\/wp-json\/wp\/v2\/users\/2"}],"replies":[{"embeddable":true,"href":"https:\/\/www.europesays.com\/fr\/wp-json\/wp\/v2\/comments?post=75033"}],"version-history":[{"count":0,"href":"https:\/\/www.europesays.com\/fr\/wp-json\/wp\/v2\/posts\/75033\/revisions"}],"wp:featuredmedia":[{"embeddable":true,"href":"https:\/\/www.europesays.com\/fr\/wp-json\/wp\/v2\/media\/75034"}],"wp:attachment":[{"href":"https:\/\/www.europesays.com\/fr\/wp-json\/wp\/v2\/media?parent=75033"}],"wp:term":[{"taxonomy":"category","embeddable":true,"href":"https:\/\/www.europesays.com\/fr\/wp-json\/wp\/v2\/categories?post=75033"},{"taxonomy":"post_tag","embeddable":true,"href":"https:\/\/www.europesays.com\/fr\/wp-json\/wp\/v2\/tags?post=75033"}],"curies":[{"name":"wp","href":"https:\/\/api.w.org\/{rel}","templated":true}]}}