{"id":75037,"date":"2025-05-04T20:28:11","date_gmt":"2025-05-04T20:28:11","guid":{"rendered":"https:\/\/www.europesays.com\/fr\/75037\/"},"modified":"2025-05-04T20:28:11","modified_gmt":"2025-05-04T20:28:11","slug":"quelles-perturbations-prevoir-pour-la-ratp-et-la-sncf-cette-semaine-3","status":"publish","type":"post","link":"https:\/\/www.europesays.com\/fr\/75037\/","title":{"rendered":"Quelles perturbations pr\u00e9voir pour la RATP et la SNCF cette semaine\u00a0?"},"content":{"rendered":"<p>Chaque semaine, les transports parisiens et franciliens sont concern\u00e9s par des perturbations. Celle qui va du lundi\u00a05 au dimanche 11\u00a0mai 2025 ne fait pas figure d\u2019exception, bien au contraire. En plus des travaux, un mouvement de gr\u00e8ve (pour une hausse des r\u00e9mun\u00e9rations et une modification d\u2019un logiciel de planning) aura un impact sur les changements sur les lignes de m\u00e9tro, RER, francilien et tramway. Voici tout ce que vous devez savoir afin d\u2019appr\u00e9hender vos trajets\u00a0:<\/p>\n<p>M\u00e9tro<\/p>\n<ul>\n<li>Ligne 10\u00a0: du lundi\u00a05 au dimanche 11\u00a0mai, le trafic sera interrompu entre Duroc et Boulogne Pont de Saint-Cloud (travaux). Des bus de sustitution seront mis en place.<\/li>\n<li>Ligne 13\u00a0: du vendredi\u00a09 au dimanche 11\u00a0mai, le trafic sera interrompu entre La Fourche et Asni\u00e8res \u2013 Gennevilliers Les Courtilles (travaux). Des bus de sustitution seront mis en place.<\/li>\n<\/ul>\n<p>RER<\/p>\n<ul>\n<li>RER A\u00a0: du lundi\u00a05 au dimanche 11\u00a0mai, le trafic sera interrompu entre Maisons-Laffitte et Poissy (travaux), d\u00e8s 22h15. Les samedi\u00a010 et dimanche 11\u00a0mai, le trafic sera interrompu, toute la journ\u00e9e, entre Maisons-Laffitte et Poissy.<\/li>\n<li><a href=\"https:\/\/www.20minutes.fr\/dossier\/rer_b\" class=\"color-ultramarine c-link\" rel=\"nofollow noopener\" target=\"_blank\">RER B<\/a>\u00a0: Un mouvement social d\u00e9marre le lundi 5\u00a0mai. Du lundi 5\u00a0mai au mercredi 7\u00a0mai, d\u00e8s 22h45, le trafic sera interrompu entre Gare du Nord et A\u00e9roport Charles de Gaulle 2 \u2013 TGV via Mitry \u2013 Claye (travaux). Des bus de sustitution seront mis en place. Du lundi\u00a05 au vendredi 9\u00a0mai, d\u00e8s 22h45, le trafic sera interrompu entre Gare du Nord et A\u00e9roport Charles de Gaulle 2 \u2013 TGV via Mitry \u2013 Claye (travaux).<\/li>\n<li>RER C\u00a0: l\u2019arr\u00eat n\u2019est pas desservi \u00e0 Issy pour des raisons de s\u00e9curit\u00e9. Un mouvement social est pr\u00e9vu. Le dimanche 11\u00a0mai, le trafic sera interrompu entre Dourdan et Paris Austerlitz, avec un dernier train au d\u00e9part de Dourdan pour Paris Austerlitz \u00e0 21h07. Dernier train au d\u00e9part de Paris Austerlitz pour Dourdan \u00e0 22h15. Le trafic sera interrompu entre Saint-Martin d\u2019Etampes et Paris Austerlitz, avec un dernier train au d\u00e9part de Saint-Martin d\u2019\u00c9tampes pour Paris Austerlitz \u00e0 21h41. Dernier train au d\u00e9part de Paris Austerlitz pour Saint-Martin d\u2019Etampes \u00e0 22h45. Du jeudi\u00a08 au dimanche 11\u00a0mai, Aucun train ne circule entre Champ de Mars \u2013 Montigny Beauchamp et Pontoise (travaux). Du lundi\u00a05 au mercredi 7\u00a0mai, le trafic sera interrompu ente Paris Austerlitz et Juvisy via Choisy le Roi \u00e0 partir de 22h29 (travaux). Des bus de sustitution seront mis en place. Du lundi\u00a05 au mercredi 7\u00a0mai, le trafic est interrompu entre Avenue Henri Martin et Montigny-Beauchamp d\u00e8s 22h25. Le trafic est interrompu entre Avenue Henri Martin et Pontoise \u00e0 partir de 21h40 (travaux). Des bus de sustitution seront mis en place. Du lundi\u00a05 au mercredi 7\u00a0mai, le trafic sera interrompu entre Dourdan et Paris Austerlitz \u00e0 partir de 21h07. Le trafic sera interrompu entre Saint-Martin d\u2019\u00c9tampes et Paris Austerlitz \u00e0 partir de 21h41 (travaux). Des bus de sustitution seront mis en place. M\u00eame interruption entre Javel et St-Quentin en <a href=\"https:\/\/www.20minutes.fr\/societe\/yvelines\/\" class=\"color-ultramarine c-link\" rel=\"nofollow noopener\" target=\"_blank\">Yvelines<\/a> \u00e0 partir de 23 heures. M\u00eame chose entre entre Versailles Ch\u00e2teau Rive Gauche et Javel d\u00e8s 22h25. Du jeudi\u00a08 au dimanche 11\u00a0mai jusqu\u2019\u00e0 17 heures, Le trafic sera interrompu entre Br\u00e9tigny \u2013 Dourdan et Br\u00e9tigny \u2013 Saint-Martin d\u2019\u00c9tampes dans les 2 sens de circulation (travaux). Bus de remplacement entre Paris Austerlitz-Dourdan\/Saint-Martin d\u2019\u00c9tampes. Le jeudi 8\u00a0mai, le trafic sera interrompu entre Paris Austerlitz et Br\u00e9tigny d\u00e8s 23h30.<\/li>\n<li>RER D\u00a0: du lundi au mercredi 7\u00a0mai, d\u00e8s 23h20, le trafic sera interrompu entre Gare du Nord et Creil (travaux). Des bus de sustitution seront mis en place. Lundi\u00a05, mardi\u00a06, mercredi\u00a07, vendredi 8\u00a0mai, le trafic sera interrompu Trafic interrompu entre Paris Gare du Nord et Creil \u00e0 partir de 23h35 (travaux). Des bus de sustitution seront mis en place. Lundi\u00a05, mardi\u00a06, mercredi\u00a07, vendredi 8\u00a0mai, les trains ne marquent pas l\u2019arr\u00eat \u00e0 Maisons-Alfort, Vert de Maisons, Cr\u00e9teil Pompadour et Villeneuve-Triage d\u00e8s 22h30 (travaux). Des bus de sustitution seront mis en place. Les samedi\u00a010 et dimanche 11\u00a0mai, le trafic sera interrompu entre Creil et Orry-la-Ville (travaux). Certains <a href=\"https:\/\/www.20minutes.fr\/dossier\/ter\" class=\"color-ultramarine c-link\" rel=\"nofollow noopener\" target=\"_blank\">TER<\/a> au d\u00e9part de Creil et au d\u00e9part de Paris Nord Surface desservent les gares de Orry-la-Ville, Chantilly Gouvieux et Creil.<\/li>\n<li><a href=\"https:\/\/www.20minutes.fr\/societe\/rer\/\" class=\"color-ultramarine c-link\" rel=\"nofollow noopener\" target=\"_blank\">RER<\/a> E\u00a0: du lundi\u00a05 au vendredi 9\u00a0mai, le trafic sera interrompu entre Nanterre-la-Folie et Chelles Gournay \u00e0 partir de 22h45 (travaux). Des bus de sustitution seront mis en place. Du lundi\u00a05 au vendredi 9\u00a0mai, le trafic sera interrompu entre Nanterre-La-Folie et <a href=\"https:\/\/www.20minutes.fr\/dossier\/villiers_sur_marne\" class=\"color-ultramarine c-link\" rel=\"nofollow noopener\" target=\"_blank\">Villiers-sur-Marne<\/a> \u2013 Le Plessis-Tr\u00e9vise et entre Nanterre-la-Folie et Tournan d\u00e8s 22h25. Samedi\u00a010 et dimanche 11\u00a0mai, le trafic sera interrompu entre Nanterre-la-Folie et Chelles Gournay d\u00e8s 22h45.<\/li>\n<\/ul>\n<p>Transilien<\/p>\n<ul>\n<li>Ligne H\u00a0: un mouvement social perturbera la ligne H, du lundi\u00a05 au vendredi 9\u00a0mai, le trafic sera interrompu entre Paris Gare du Nord et Persan \u2013 Beaumont via Montsoult \u2013 Maffliers (travaux). Dernier d\u00e9part de train \u00e0 22h34. Du lundi\u00a05 au vendredi 9\u00a0mai, le trafic sera interrompu entre Paris Gare du Nord et Luzarches. Dernier d\u00e9part \u00e0 21h50. Des bus de sustitution seront mis en place. Du lundi\u00a05 au vendredi 9\u00a0mai, le trafic sera interrompu entre Paris Nord et <a href=\"https:\/\/www.20minutes.fr\/dossier\/pontoise\" class=\"color-ultramarine c-link\" rel=\"nofollow noopener\" target=\"_blank\">Pontoise<\/a>. Dernier d\u00e9part \u00e0 22h41. Le jeudi 8\u00a0mai, le trafic sera interrompu jusqu\u2019\u00e0 8h50, de Paris Gare du Nord et Ermont Eaubonne (travaux). M\u00eame interruption entre Paris Gare du Nord et <a href=\"https:\/\/www.20minutes.fr\/societe\/sarcelles\/\" class=\"color-ultramarine c-link\" rel=\"nofollow noopener\" target=\"_blank\">Sarcelles<\/a>.<\/li>\n<li>Ligne J\u00a0: du lundi au mercredi 7\u00a0mai, de 21h40 \u00e0 23 heures, le trafic sera interrompu entre Gare Saint-Lazare et Mantes-la-Jolie via Poissy vers Vernon \u2013 Giverny et Gare Saint-Lazare.<\/li>\n<li>Ligne L\u00a0: du lundi au mercredi 7\u00a0mai, d\u00e8s 22 heures, le trafic sera interrompu entre B\u00e9con les Bruy\u00e8res et Nanterre Universit\u00e9\/Maisons-Laffitte (travaux). Des bus de sustitution seront mis en place entre B\u00e9con les Bruy\u00e8res et Sartrouville. Le vendredi 9\u00a0mai, le trafic sera interrompu entre Paris Saint-Lazare et Nanterre Universit\u00e9 de 10h00 \u00e0 16h30 (travaux). Des bus de sustitution seront mis en place.<\/li>\n<li>Ligne N\u00a0: un mouvement social va se d\u00e9rouler \u00e0 partir du lundi 5\u00a0mai. Autrement, du lundi au vendredi 9\u00a0mai, le trafic sera interrompu de Paris Montparnasse vers Mantes-la-Jolie d\u00e8s 21h30 (travaux). M\u00eame interruption d\u00e8s 21 heures entre Paris Montparnasse et Dreux. Des bus de sustitution seront mis en place. M\u00eame chose entre Paris Montparnasse et Plaisir \u2013 Grignon d\u00e8s 23 heures et Paris Montparnasse et Rambouillet d\u00e8s 23 heures. Le jeudi 8\u00a0mai, le trafic sera interrompu \u00e0 partir de 0h45 entre Montparnasse et <a href=\"https:\/\/www.20minutes.fr\/dossier\/rambouillet\" class=\"color-ultramarine c-link\" rel=\"nofollow noopener\" target=\"_blank\">Rambouillet<\/a>. Des bus de sustitution seront mis en place. Samedi\u00a010 et dimanche 11\u00a0mai, le trafic sera interrompu entre Paris Montparnasse et Versailles Chantiers (travaux).<\/li>\n<li>Ligne P\u00a0: les samedi\u00a010 et dimanche 11\u00a0mai, d\u00e8s 23 heures, le trafic sera interrompu entre Paris Est et Ch\u00e2teau-Thierry (travaux). Des bus de sustitution seront mis en place et desserviront les gares interm\u00e9diaires. Du lundi\u00a05 au vendredi 9\u00a0mai, d\u00e8s 22h20, le trafic sera interrompu entre Paris Est et <a href=\"https:\/\/www.20minutes.fr\/dossier\/meaux\" class=\"color-ultramarine c-link\" rel=\"nofollow noopener\" target=\"_blank\">Meaux<\/a>. Des bus de sustitution seront mis en place. M\u00eame interruption entre Paris Est et Coulommiers d\u00e8s 22h15 et entre Paris Est et Ch\u00e2teau-Thierry d\u00e8s 22 heures. Des bus de sustitution seront mis en place.<\/li>\n<li>Ligne R\u00a0: du lundi\u00a05 au vendredi 9\u00a0mai, d\u00e8s 22h44, le trafic sera interrompu entre Melun et Montereau via Moret \u2013 Veneux-les-Sablons, et entre Melun et Montargis (travaux). Des bus de sustitution seront mis en place. Le lundi\u00a05, mardi\u00a06, mercredi\u00a07 et vendredi 9\u00a0mai, le trafic sera interrompu entre Melun et Moret Veneux les Sablons (travaux). Des bus de sustitution seront mis en place. Il en sera de m\u00eame d\u00e8s 23h45 entre Melun et Montargis et entre Melun et Montereau.<\/li>\n<li>Ligne U\u00a0: \u00c0 partir du lundi 5\u00a0mai 2025, un mouvement social d\u00e9marre.<\/li>\n<\/ul>\n<p>Tramway<\/p>\n<ul>\n<li>T2\u00a0: du lundi\u00a05 au dimanche 11\u00a0mai, le trafic sera interrompu entre Porte de Versailles et Suzanne Lenglen (travaux).<\/li>\n<\/ul>\n","protected":false},"excerpt":{"rendered":"Chaque semaine, les transports parisiens et franciliens sont concern\u00e9s par des perturbations. Celle qui va du lundi\u00a05 au&hellip;\n","protected":false},"author":2,"featured_media":75038,"comment_status":"","ping_status":"","sticky":false,"template":"","format":"standard","meta":{"footnotes":""},"categories":[1592],"tags":[1111,11,1777,674,1011,27,17975,17974,662,12,626,625,1306,25,2215],"class_list":{"0":"post-75037","1":"post","2":"type-post","3":"status-publish","4":"format-standard","5":"has-post-thumbnail","7":"category-ile-de-france","8":"tag-actu","9":"tag-actualites","10":"tag-eu","11":"tag-europe","12":"tag-fr","13":"tag-france","14":"tag-greve-ratp","15":"tag-greve-sncf","16":"tag-ile-de-france","17":"tag-news","18":"tag-paris","19":"tag-ratp","20":"tag-regions","21":"tag-republique-francaise","22":"tag-sncf"},"share_on_mastodon":{"url":"https:\/\/pubeurope.com\/@fr\/114451454624194305","error":""},"_links":{"self":[{"href":"https:\/\/www.europesays.com\/fr\/wp-json\/wp\/v2\/posts\/75037","targetHints":{"allow":["GET"]}}],"collection":[{"href":"https:\/\/www.europesays.com\/fr\/wp-json\/wp\/v2\/posts"}],"about":[{"href":"https:\/\/www.europesays.com\/fr\/wp-json\/wp\/v2\/types\/post"}],"author":[{"embeddable":true,"href":"https:\/\/www.europesays.com\/fr\/wp-json\/wp\/v2\/users\/2"}],"replies":[{"embeddable":true,"href":"https:\/\/www.europesays.com\/fr\/wp-json\/wp\/v2\/comments?post=75037"}],"version-history":[{"count":0,"href":"https:\/\/www.europesays.com\/fr\/wp-json\/wp\/v2\/posts\/75037\/revisions"}],"wp:featuredmedia":[{"embeddable":true,"href":"https:\/\/www.europesays.com\/fr\/wp-json\/wp\/v2\/media\/75038"}],"wp:attachment":[{"href":"https:\/\/www.europesays.com\/fr\/wp-json\/wp\/v2\/media?parent=75037"}],"wp:term":[{"taxonomy":"category","embeddable":true,"href":"https:\/\/www.europesays.com\/fr\/wp-json\/wp\/v2\/categories?post=75037"},{"taxonomy":"post_tag","embeddable":true,"href":"https:\/\/www.europesays.com\/fr\/wp-json\/wp\/v2\/tags?post=75037"}],"curies":[{"name":"wp","href":"https:\/\/api.w.org\/{rel}","templated":true}]}}