{"id":75043,"date":"2025-05-04T20:31:19","date_gmt":"2025-05-04T20:31:19","guid":{"rendered":"https:\/\/www.europesays.com\/fr\/75043\/"},"modified":"2025-05-04T20:31:19","modified_gmt":"2025-05-04T20:31:19","slug":"paris-le-prestigieux-hotel-westin-paris-vendome-ferme-pour-des-travaux-colossaux-a-un-milliard-deuros","status":"publish","type":"post","link":"https:\/\/www.europesays.com\/fr\/75043\/","title":{"rendered":"Paris\u00a0: le prestigieux h\u00f4tel Westin Paris Vend\u00f4me ferme pour des travaux colossaux\u2026 \u00e0 un milliard d\u2019euros"},"content":{"rendered":"<p class=\"paragraph text_align_left\">\u00ab Clap de fin \u00bb, \u00ab le chapitre est ferm\u00e9 \u00bb. Les mots des salari\u00e9s sont poignants. Le c\u00e9l\u00e8bre h\u00f4tel Westin Paris Vend\u00f4me de la rue de Castiglione, dans le Ier arrondissement de Paris, a dit au revoir \u00e0 ses clients et son personnel fin avril. Le soir, les lumi\u00e8res aux fen\u00eatres des chambres de cet embl\u00e9matique \u00e9tablissement parisien sont \u00e9teintes, pour de bon. Et les grilles d\u2019entr\u00e9e sont closes par des cha\u00eenes cadenass\u00e9es.<\/p>\n<p class=\"paragraph text_align_left\">L\u2019<a href=\"https:\/\/www.leparisien.fr\/paris-75\/a-paris-liconique-palace-lutetia-entre-dans-le-giron-du-groupe-mandarin-oriental-10-12-2024-43224TAGLVGPZG4VYXV7RQASZU.php\" target=\"_blank\" rel=\"nofollow noopener\">h\u00f4tel<\/a> 4 \u00e9toiles aux 423 chambres dont 80 suites \u2014 certaines offrant une vue de prestige sur le jardin des Tuileries et le Louvre en arri\u00e8re-plan \u2014 a accueilli ses derniers clients la semaine pass\u00e9e, tirant sa r\u00e9v\u00e9rence le 27 avril. \u00ab Nous vous remercions sinc\u00e8rement d\u2019avoir fait partie de notre communaut\u00e9 et d\u2019avoir suivi notre parcours \u00bb, \u00e9crit l\u2019h\u00f4tel dans un court message sur ses r\u00e9seaux sociaux.<\/p>\n","protected":false},"excerpt":{"rendered":"\u00ab Clap de fin \u00bb, \u00ab le chapitre est ferm\u00e9 \u00bb. Les mots des salari\u00e9s sont poignants. Le&hellip;\n","protected":false},"author":2,"featured_media":75044,"comment_status":"","ping_status":"","sticky":false,"template":"","format":"standard","meta":{"footnotes":""},"categories":[1888],"tags":[11,1777,674,1011,27,1944,12,626,25],"class_list":{"0":"post-75043","1":"post","2":"type-post","3":"status-publish","4":"format-standard","5":"has-post-thumbnail","7":"category-paris","8":"tag-actualites","9":"tag-eu","10":"tag-europe","11":"tag-fr","12":"tag-france","13":"tag-ma-ville","14":"tag-news","15":"tag-paris","16":"tag-republique-francaise"},"share_on_mastodon":{"url":"https:\/\/pubeurope.com\/@fr\/114451466406552174","error":""},"_links":{"self":[{"href":"https:\/\/www.europesays.com\/fr\/wp-json\/wp\/v2\/posts\/75043","targetHints":{"allow":["GET"]}}],"collection":[{"href":"https:\/\/www.europesays.com\/fr\/wp-json\/wp\/v2\/posts"}],"about":[{"href":"https:\/\/www.europesays.com\/fr\/wp-json\/wp\/v2\/types\/post"}],"author":[{"embeddable":true,"href":"https:\/\/www.europesays.com\/fr\/wp-json\/wp\/v2\/users\/2"}],"replies":[{"embeddable":true,"href":"https:\/\/www.europesays.com\/fr\/wp-json\/wp\/v2\/comments?post=75043"}],"version-history":[{"count":0,"href":"https:\/\/www.europesays.com\/fr\/wp-json\/wp\/v2\/posts\/75043\/revisions"}],"wp:featuredmedia":[{"embeddable":true,"href":"https:\/\/www.europesays.com\/fr\/wp-json\/wp\/v2\/media\/75044"}],"wp:attachment":[{"href":"https:\/\/www.europesays.com\/fr\/wp-json\/wp\/v2\/media?parent=75043"}],"wp:term":[{"taxonomy":"category","embeddable":true,"href":"https:\/\/www.europesays.com\/fr\/wp-json\/wp\/v2\/categories?post=75043"},{"taxonomy":"post_tag","embeddable":true,"href":"https:\/\/www.europesays.com\/fr\/wp-json\/wp\/v2\/tags?post=75043"}],"curies":[{"name":"wp","href":"https:\/\/api.w.org\/{rel}","templated":true}]}}