{"id":75062,"date":"2025-05-04T20:41:08","date_gmt":"2025-05-04T20:41:08","guid":{"rendered":"https:\/\/www.europesays.com\/fr\/75062\/"},"modified":"2025-05-04T20:41:08","modified_gmt":"2025-05-04T20:41:08","slug":"greve-sncf-la-loi-du-racket","status":"publish","type":"post","link":"https:\/\/www.europesays.com\/fr\/75062\/","title":{"rendered":"\u00abGr\u00e8ve SNCF, la loi du racket\u00bb"},"content":{"rendered":"<p>M\u00eame au pays des Gaulois r\u00e9fractaires, attach\u00e9s aux droits syndicaux et prompts \u00e0 manifester, la patience a des limites.<\/p>\n<p class=\"fig-paragraph\">\u00ab Pour le bien de la plan\u00e8te, laissez tomber votre voiture et prenez le train\u00a0\u00bb, serine-t-on \u00e0 longueur de journ\u00e9e aux automobilistes, ces b\u00eates noires de la civilisation moderne, \u00e0 qui l\u2019on interdit l\u2019entr\u00e9e des centres-villes. Merci du conseil\u00a0! M\u00eame les plus dociles risquent de ne pas y acc\u00e9der cette semaine, victimes d\u2019<a href=\"http:\/\/www.lefigaro.fr\/social\/greve-sncf-nous-sommes-loin-d-une-semaine-noire-assure-le-pdg-de-la-sncf-voyageurs-20250504\" data-fig-type=\"NewsFlash\" data-gtm-custom-categorie=\"navigation\" data-gtm-custom-action=\"crossclick\" data-gtm-custom-label=\"Contextuel\" data-gtm-event=\"customEventSPE\" data-fig-domain=\"LEFIGARO\" target=\"_blank\" rel=\"noopener\">une nouvelle gr\u00e8ve \u00e0 la SNCF<\/a>, qui empoisonne des millions de familles.<\/p>\n<p class=\"fig-paragraph\">Quel p\u00e9ril menace donc l\u2019entreprise publique pour provoquer un tel barnum\u00a0? L\u2019emploi est-il en danger\u00a0? Le statut enviable des cheminots est-il sur la sellette\u00a0? Le rail est-il laiss\u00e9 pour compte\u00a0? Rien de tout cela\u00a0: un logiciel de gestion des plannings ne convient pas\u00a0<a href=\"http:\/\/www.lefigaro.fr\/social\/primes-a-foison-fortes-augmentations-logement-ces-tres-precieux-avantages-dont-beneficient-les-controleurs-et-conducteurs-sncf-20250502\" data-fig-type=\"NewsFlash\" data-gtm-custom-categorie=\"navigation\" data-gtm-custom-action=\"crossclick\" data-gtm-custom-label=\"Contextuel\" data-gtm-event=\"customEventSPE\" data-fig-domain=\"LEFIGARO\" target=\"_blank\" rel=\"noopener\">aux contr\u00f4leurs, et les conducteurs<\/a>, apr\u00e8s avoir d\u00e9j\u00e0 empoch\u00e9 leur d\u00fb, exigent de nouvelles revalorisations salariales.<\/p>\n<p>Un mouvement purement corporatiste<\/p>\n<p class=\"fig-paragraph\">En deux mots, ce mouvement, purement corporatiste, est un scandale. Il symbolise la conception du syndicalisme radical pratiqu\u00e9 par la CGT et SUD-rail dans l\u2019entreprise la plus subventionn\u00e9e\u2026<\/p>\n<p class=\"fig-premium-paywall__infos\">\n        Cet article est r\u00e9serv\u00e9 aux abonn\u00e9s.        Il vous reste 53% \u00e0 d\u00e9couvrir.\n    <\/p>\n<p>                <img  data- alt=\"Le Figaro\" class=\"fig-img--complete fig-img\"\/><\/p>\n<p class=\"fig-premium-paywall__title\">Je m&rsquo;informe, je m&rsquo;inspire, je m&rsquo;abonne.<\/p>\n<p class=\"fig-premium-paywall__subtitle\">D\u00e9couvrez notre offre de bienvenue.<\/p>\n<p class=\"fig-premium-paywall__connect\">\n                D\u00e9j\u00e0 abonn\u00e9\u00a0?                <a class=\"fig-premium-paywall__connect-link\" href=\"https:\/\/connect.lefigaro.fr\/login?client=horizon_web&amp;type=main&amp;redirect_uri=https%3A%2F%2Fwww.lefigaro.fr%2Fvox%2Feconomie%2Fl-editorial-de-gaetan-de-capele-greve-sncf-la-loi-du-racket-20250504\" data-js-gtm=\"{&quot;customCategorie&quot;: &quot;conversion&quot;, &quot;customAction&quot;: &quot;before_Landing_Connexion_paywall_auto&quot;, &quot;customLabel&quot;: &quot;bGVmaWdhcm8uZnJfXzFmMDI5MTM1LWM3OTQtNjEyNC1iZGJjLWIxMTJmZjVkNzNmZl9fQXJ0aWNsZQ==_L\u2019\u00e9ditorial de Ga\u00ebtan de Cap\u00e8le\u00a0: \u00abGr\u00e8ve SNCF, la loi du racket\u00bb_180&quot;, &quot;customIDSPE&quot;: &quot;bGVmaWdhcm8uZnJfXzFmMDI5MTM1LWM3OTQtNjEyNC1iZGJjLWIxMTJmZjVkNzNmZl9fQXJ0aWNsZQ==&quot;, &quot;event&quot;: &quot;customEventSPE&quot;}\" target=\"_blank\" rel=\"noopener\"><br \/>\n                    Connectez-vous<br \/>\n                <\/a>\n            <\/p>\n","protected":false},"excerpt":{"rendered":"M\u00eame au pays des Gaulois r\u00e9fractaires, attach\u00e9s aux droits syndicaux et prompts \u00e0 manifester, la patience a des&hellip;\n","protected":false},"author":2,"featured_media":75063,"comment_status":"","ping_status":"","sticky":false,"template":"","format":"standard","meta":{"footnotes":""},"categories":[2],"tags":[11,1428,1292,8427,8426,33,8425,1429,1011,27,12,1427,1426,25,2215],"class_list":{"0":"post-75062","1":"post","2":"type-post","3":"status-publish","4":"format-standard","5":"has-post-thumbnail","7":"category-actualites","8":"tag-actualites","9":"tag-chroniqueurs","10":"tag-debat","11":"tag-debat-economie","12":"tag-debats-economiques","13":"tag-economie","14":"tag-editorial-figaro","15":"tag-figarovox","16":"tag-fr","17":"tag-france","18":"tag-news","19":"tag-opinions","20":"tag-questions","21":"tag-republique-francaise","22":"tag-sncf"},"share_on_mastodon":{"url":"https:\/\/pubeurope.com\/@fr\/114451505710668168","error":""},"_links":{"self":[{"href":"https:\/\/www.europesays.com\/fr\/wp-json\/wp\/v2\/posts\/75062","targetHints":{"allow":["GET"]}}],"collection":[{"href":"https:\/\/www.europesays.com\/fr\/wp-json\/wp\/v2\/posts"}],"about":[{"href":"https:\/\/www.europesays.com\/fr\/wp-json\/wp\/v2\/types\/post"}],"author":[{"embeddable":true,"href":"https:\/\/www.europesays.com\/fr\/wp-json\/wp\/v2\/users\/2"}],"replies":[{"embeddable":true,"href":"https:\/\/www.europesays.com\/fr\/wp-json\/wp\/v2\/comments?post=75062"}],"version-history":[{"count":0,"href":"https:\/\/www.europesays.com\/fr\/wp-json\/wp\/v2\/posts\/75062\/revisions"}],"wp:featuredmedia":[{"embeddable":true,"href":"https:\/\/www.europesays.com\/fr\/wp-json\/wp\/v2\/media\/75063"}],"wp:attachment":[{"href":"https:\/\/www.europesays.com\/fr\/wp-json\/wp\/v2\/media?parent=75062"}],"wp:term":[{"taxonomy":"category","embeddable":true,"href":"https:\/\/www.europesays.com\/fr\/wp-json\/wp\/v2\/categories?post=75062"},{"taxonomy":"post_tag","embeddable":true,"href":"https:\/\/www.europesays.com\/fr\/wp-json\/wp\/v2\/tags?post=75062"}],"curies":[{"name":"wp","href":"https:\/\/api.w.org\/{rel}","templated":true}]}}