{"id":75066,"date":"2025-05-04T20:44:11","date_gmt":"2025-05-04T20:44:11","guid":{"rendered":"https:\/\/www.europesays.com\/fr\/75066\/"},"modified":"2025-05-04T20:44:11","modified_gmt":"2025-05-04T20:44:11","slug":"omnisports-les-resultats-sportifs-du-dimanche-dans-les-vosges","status":"publish","type":"post","link":"https:\/\/www.europesays.com\/fr\/75066\/","title":{"rendered":"Omnisports . Les r\u00e9sultats sportifs du dimanche dans les Vosges"},"content":{"rendered":"<p>  &#13;<br \/>\n      <a href=\"https:\/\/cdn-s-www.vosgesmatin.fr\/images\/2e8f0588-6745-470f-8083-e9d6956ca1e6\/NW_raw\/les-loyas-defient-l-apm-metz-ce-dimanche-photo-jerome-humbrecht-1745832724.jpg\" title=\"Les Loyas d\u00e9fient l&#039;APM Metz ce dimanche. Photo J\u00e9r\u00f4me Humbrecht\" class=\"chocolat-image GA-tracking\" data-ga_type=\"click\" data-ga_category=\"D\u00e9tail\" data-ga_action=\"zoomer\" data-ga_label=\"agrandir image\" target=\"_blank\" rel=\"noopener\">&#13;<br \/>\n          <img loading=\"lazy\" decoding=\"async\" src=\"https:\/\/www.europesays.com\/fr\/wp-content\/uploads\/2025\/05\/les-loyas-defient-l-apm-metz-ce-dimanche-photo-jerome-humbrecht-1745832724.jpg\" data-mobile=\"NW_listC_M|1745832724\" data-base=\"NW_listC|1745832724\" alt=\"Les Loyas d\u00e9fient l'APM Metz ce dimanche. Photo J\u00e9r\u00f4me Humbrecht\"\/>&#13;<br \/>\n      <\/a>&#13;<\/p>\n<p>Les Loyas d\u00e9fient l&rsquo;APM Metz ce dimanche. Photo J\u00e9r\u00f4me Humbrecht<\/p>\n<p>&#13;<\/p>\n<p><strong>FOOTBALL<\/strong><\/p>\n<p><strong>R\u00e9gional 1 f\u00e9minine<\/strong><\/p>\n<p>Molsheim \u2013 Raon-l\u2019Etape\u00a0: <strong>Forfait visiteur<\/strong><\/p>\n<p><a href=\"https:\/\/www.vosgesmatin.fr\/sport\/calendrier-resultats\/football\/regional-ligue-grand-est-regional-1-(f)-poule-a\/20\" target=\"_blank\" rel=\"noopener\">Calendrier et r\u00e9sultats\u00a0<\/a><\/p>\n<p><a href=\"https:\/\/www.vosgesmatin.fr\/sport\/classement\/football\/regional-ligue-grand-est-regional-1-(f)-poule-a\" target=\"_blank\" rel=\"noopener\">Classement<\/a><\/p>\n<p><strong>R\u00e9gional 2<\/strong><\/p>\n<p>Laneuveville \u2013 Epinal 2\u00a0:\u00a0<strong>2-2<\/strong><\/p>\n<p>Thaon 2 \u2013 Lay\/Bouxi\u00e8res\u00a0:<strong> 6-0<\/strong><\/p>\n<p>Eloyes \u2013 APM Metz\u00a0: <strong>2-1<\/strong><\/p>\n<p><a href=\"https:\/\/www.vosgesmatin.fr\/sport\/calendrier-resultats\/football\/regional-ligue-grand-est-regional-2-poule-c\" target=\"_blank\" rel=\"noopener\">Calendrier et r\u00e9sultats\u00a0<\/a><\/p>\n<p><a href=\"https:\/\/www.vosgesmatin.fr\/sport\/classement\/football\/regional-ligue-grand-est-regional-2-poule-c\" target=\"_blank\" rel=\"noopener\">Classement<\/a><\/p>\n<p>Raon-l\u2019Etape 2 \u2013 Saint-Di\u00e9 Kellermann\u00a0:\u00a0<strong>0-4<\/strong><\/p>\n<p><a href=\"https:\/\/www.vosgesmatin.fr\/sport\/calendrier-resultats\/football\/regional-ligue-grand-est-regional-2-poule-f\" target=\"_blank\" rel=\"noopener\">Calendrier et r\u00e9sultats\u00a0<\/a><\/p>\n<p><a href=\"https:\/\/www.vosgesmatin.fr\/sport\/classement\/football\/regional-ligue-grand-est-regional-2-poule-f\" target=\"_blank\" rel=\"noopener\">Classement<\/a><\/p>\n<p><strong>R\u00e9gional 3<\/strong><\/p>\n<p>Chalindrey &#8211; ES Avi\u00e8re\u00a0: <strong>0-2<\/strong><\/p>\n<p>Harou\u00e9\/Benney \u2013 Girancourt\u00a0:\u00a0<strong>4-1<\/strong><\/p>\n<p>Epinal 3 \u2013 Bar-sur-Seine\u00a0:\u00a0<strong>5-0<\/strong><\/p>\n<p><a href=\"https:\/\/www.vosgesmatin.fr\/sport\/calendrier-resultats\/football\/regional-ligue-grand-est-regional-3-poule-d\" target=\"_blank\" rel=\"noopener\">Calendrier et r\u00e9sultats\u00a0<\/a><\/p>\n<p><a href=\"https:\/\/www.vosgesmatin.fr\/sport\/classement\/football\/regional-ligue-grand-est-regional-3-poule-d\" target=\"_blank\" rel=\"noopener\">Classement<\/a><\/p>\n<p>Saint-Di\u00e9 Kellermann 2 \u2013 Rhinau\u00a0: <strong>2-0<\/strong><\/p>\n<p><a href=\"https:\/\/www.vosgesmatin.fr\/sport\/calendrier-resultats\/football\/regional-ligue-grand-est-regional-3-poule-l\" target=\"_blank\" rel=\"noopener\">Calendrier et r\u00e9sultats\u00a0<\/a><\/p>\n<p><a href=\"https:\/\/www.vosgesmatin.fr\/sport\/classement\/football\/regional-ligue-grand-est-regional-3-poule-l\" target=\"_blank\" rel=\"noopener\">Classement<\/a><\/p>\n<p><strong>D\u00e9partemental 1<\/strong><\/p>\n<p>Golbey 2 \u2013 Vagney\u00a0:\u00a0<strong>1-4<\/strong><\/p>\n<p>Dommartin-l\u00e8s-Remiremont \u2013 Saint-Nabord\u00a0: <strong>0-2<\/strong><\/p>\n<p>FC Haute Moselotte \u2013 Charmes\u00a0: 5<strong>-0<\/strong><\/p>\n<p>Nomexy \u2013 Hadol\/Dounoux : <strong>0-1<\/strong><\/p>\n<p>Sainte-Marguerite \u2013 Eloyes 2\u00a0: <strong>1-3<\/strong><\/p>\n<p>Xertigny\/Amerey \u2013 Saint-Maurice\/Fresse\u00a0:\u00a0<strong>2-1<\/strong><\/p>\n<p><a href=\"https:\/\/www.vosgesmatin.fr\/sport\/calendrier-resultats\/football\/departemental-district-vosges-premiere-division\" target=\"_blank\" rel=\"noopener\">Calendrier et r\u00e9sultats\u00a0<\/a><\/p>\n<p><a href=\"https:\/\/www.vosgesmatin.fr\/sport\/classement\/football\/departemental-district-vosges-premiere-division\" target=\"_blank\" rel=\"noopener\">Classement<\/a><\/p>\n<p><strong>VOLLEY<\/strong><\/p>\n<p><strong>Pr\u00e9nationale masculine<\/strong><\/p>\n<p>Epinal\/Golbey B \u2013 Grand-Nancy D\u00a0:\u00a0<strong>3-2<\/strong><\/p>\n<p><a href=\"https:\/\/www.vosgesmatin.fr\/sport\/calendrier-resultats\/volley-ball\/regional-ligue-grand-est-prenationale-masculine-poule-a\" target=\"_blank\" rel=\"noopener\">Calendrier et r\u00e9sultats\u00a0<\/a><\/p>\n<p><a href=\"https:\/\/www.vosgesmatin.fr\/sport\/classement\/volley-ball\/regional-ligue-grand-est-prenationale-masculine-poule-a\" target=\"_blank\" rel=\"noopener\">Classement<\/a><\/p>\n","protected":false},"excerpt":{"rendered":"&#13; &#13; &#13; &#13; Les Loyas d\u00e9fient l&rsquo;APM Metz ce dimanche. Photo J\u00e9r\u00f4me Humbrecht &#13; FOOTBALL R\u00e9gional 1&hellip;\n","protected":false},"author":2,"featured_media":22828,"comment_status":"","ping_status":"","sticky":false,"template":"","format":"standard","meta":{"footnotes":""},"categories":[1417],"tags":[1796,1797,1798,1799,107,1701,17649,1795,1011,27,1793,1794,517,1700,60,8430,1470,1469,774],"class_list":{"0":"post-75066","1":"post","2":"type-post","3":"status-publish","4":"format-standard","5":"has-post-thumbnail","7":"category-volley","8":"tag-edition-epinal","9":"tag-edition-la-plaine","10":"tag-edition-remiremont-gerardmer","11":"tag-edition-saint-die","12":"tag-fil-info","13":"tag-fil-info-sport","14":"tag-fil-print","15":"tag-fil-web","16":"tag-fr","17":"tag-france","18":"tag-sas-football-epinal","19":"tag-sas-volley-epinal","20":"tag-sport","21":"tag-sport-lorrain","22":"tag-sports","23":"tag-us-raon-football","24":"tag-volley","25":"tag-volleyball","26":"tag-vosges"},"share_on_mastodon":{"url":"https:\/\/pubeurope.com\/@fr\/114451517486335449","error":""},"_links":{"self":[{"href":"https:\/\/www.europesays.com\/fr\/wp-json\/wp\/v2\/posts\/75066","targetHints":{"allow":["GET"]}}],"collection":[{"href":"https:\/\/www.europesays.com\/fr\/wp-json\/wp\/v2\/posts"}],"about":[{"href":"https:\/\/www.europesays.com\/fr\/wp-json\/wp\/v2\/types\/post"}],"author":[{"embeddable":true,"href":"https:\/\/www.europesays.com\/fr\/wp-json\/wp\/v2\/users\/2"}],"replies":[{"embeddable":true,"href":"https:\/\/www.europesays.com\/fr\/wp-json\/wp\/v2\/comments?post=75066"}],"version-history":[{"count":0,"href":"https:\/\/www.europesays.com\/fr\/wp-json\/wp\/v2\/posts\/75066\/revisions"}],"wp:featuredmedia":[{"embeddable":true,"href":"https:\/\/www.europesays.com\/fr\/wp-json\/wp\/v2\/media\/22828"}],"wp:attachment":[{"href":"https:\/\/www.europesays.com\/fr\/wp-json\/wp\/v2\/media?parent=75066"}],"wp:term":[{"taxonomy":"category","embeddable":true,"href":"https:\/\/www.europesays.com\/fr\/wp-json\/wp\/v2\/categories?post=75066"},{"taxonomy":"post_tag","embeddable":true,"href":"https:\/\/www.europesays.com\/fr\/wp-json\/wp\/v2\/tags?post=75066"}],"curies":[{"name":"wp","href":"https:\/\/api.w.org\/{rel}","templated":true}]}}