{"id":75069,"date":"2025-05-04T20:46:09","date_gmt":"2025-05-04T20:46:09","guid":{"rendered":"https:\/\/www.europesays.com\/fr\/75069\/"},"modified":"2025-05-04T20:46:09","modified_gmt":"2025-05-04T20:46:09","slug":"casper-ruud-remporte-son-premier-masters-1000-a-madrid","status":"publish","type":"post","link":"https:\/\/www.europesays.com\/fr\/75069\/","title":{"rendered":"Casper Ruud remporte son premier Masters 1000 \u00e0 Madrid"},"content":{"rendered":"<p>Vainqueur en trois sets de Jack Draper, le Norv\u00e9gien s\u2019offre le plus grand titre de sa carri\u00e8re.<\/p>\n<p class=\"fig-paragraph\">Enfin\u00a0!\u00a0<a href=\"http:\/\/www.lefigaro.fr\/flash-actu\/tennis-ruud-en-finale-a-madrid-apres-sa-victoire-contre-cerundolo-20250502\" target=\"_blank\" data-fig-type=\"NewsFlash\" rel=\"noopener nofollow\" data-gtm-custom-categorie=\"navigation\" data-gtm-custom-action=\"crossclick\" data-gtm-custom-label=\"Contextuel\" data-gtm-event=\"customEventSPE\" data-fig-domain=\"LEFIGARO\">Casper Ruud<\/a>\u00a0tient sa victoire dans un grand tournoi\u00a0: le Norv\u00e9gien, double finaliste \u00e0 Roland-Garros, a battu dimanche le Britannique Jack Draper 7-5, 3-6, 6-4 en finale \u00e0 Madrid pour d\u00e9crocher son premier titre en Masters 1000. Avec ce sacre, qui intervient \u00e0 trois semaines de Roland-Garros, le Norv\u00e9gien de 26 ans (15e) compte d\u00e9sormais 13 titres \u00e0 son palmar\u00e8s, dont 12 sur sa surface de pr\u00e9dilection la terre battue.<\/p>\n<p class=\"fig-paragraph\">Jusqu\u2019ici, l\u2019ancien N.2 mondial, qui r\u00e9int\u00e9grera le top 10 lundi, faisait figure d\u2019\u00e9ternel finaliste malheureux dans les plus grands rendez-vous: Roland-Garros en 2022 et 2023, contre Rafael Nadal puis Novak Djokovic, mais aussi en finales d\u2019un troisi\u00e8me Grand Chelem, l\u2019US Open en 2022, et de deux Masters 1000 \u00e0 Miami en 2022 et \u00e0 Monte-Carlo en 2024. Fils de Christian Ruud, ancien 39e mondial, le Norv\u00e9gien a pour idole de jeunesse Rafael Nadal, dont il a toujours lou\u00e9 l\u2019humilit\u00e9.<\/p>\n<p class=\"fig-paragraph\">Humble lui aussi, Casper Ruud est un joueur discret, profond en dehors des courts, n\u2019h\u00e9sitant pas \u00e0 \u00e9laborer sur ses probl\u00e8mes de sant\u00e9 mentale, comme cette semaine \u00e0 Madrid. \u00abJe ne veux pas trop m\u2019\u00e9tendre sur le sujet mais j\u2019ai travers\u00e9 des probl\u00e8mes de sant\u00e9 mentale cette ann\u00e9e. J\u2019ai donc consult\u00e9 un professionnel et cela m\u2019a beaucoup aid\u00e9\u00bb, a-t-il confi\u00e9.<\/p>\n<p>\u00abComme un hamster dans sa roue\u00bb<\/p>\n<p class=\"fig-paragraph\">\u00abJe me sentais comme un hamster dans sa roue, avan\u00e7ant sans cesse. Le calendrier actuel m\u2019emp\u00eache de m\u2019arr\u00eater , j\u2019avais besoin de sortir de cette spirale et de r\u00e9fl\u00e9chir \u00e0 ma vie (&#8230;) Je suis de retour dans la roue du hamster que le circuit nous impose, mais avec un bien meilleur \u00e9tat d\u2019esprit\u00bb, a poursuivi le Norv\u00e9gien.<\/p>\n<p class=\"fig-paragraph\">En finale \u00e0 Madrid, Ruud jouait la sensation de ce d\u00e9but de saison le puissant gaucher Jack Draper, vainqueur \u00e0 Indian Wells en mars, qui disputait sa premi\u00e8re finale sur terre battue et qui int\u00e9grera le top 5 lundi. Les deux joueurs ont chacun eu un passage \u00e0 vide dimanche. Draper le premier\u00a0: au moment de servir pour le set, le Britannique a encha\u00een\u00e9 les fautes directes, permettant \u00e0 Ruud de d\u00e9breaker et prendre la manche.<\/p>\n<p class=\"fig-paragraph\">Plus conqu\u00e9rant, le gaucher de 23 ans est mieux rentr\u00e9 dans le 2e set, profitant du trou d\u2019air du Norv\u00e9gien. Dans le dernier set, Draper \u00e9tait sur un fil et Ruud est parvenu \u00e0 le breaker au bout de sa 5e tentative pour mener 3-2 et filer vers la victoire, en terminant par un jeu blanc sur son service. Le tournoi de Madrid \u00e9tait tr\u00e8s ouvert apr\u00e8s le forfait du N.3 mondial Carlos Alcaraz et des sorties pr\u00e9coces de Novak Djokovic, d\u00e8s son entr\u00e9e en lice, et du N.2 mondial Alexander Zverev en huiti\u00e8mes.<\/p>\n","protected":false},"excerpt":{"rendered":"Vainqueur en trois sets de Jack Draper, le Norv\u00e9gien s\u2019offre le plus grand titre de sa carri\u00e8re. Enfin\u00a0!\u00a0Casper&hellip;\n","protected":false},"author":2,"featured_media":75070,"comment_status":"","ping_status":"","sticky":false,"template":"","format":"standard","meta":{"footnotes":""},"categories":[1415],"tags":[47,4169,525,15536,1981,4178,4179,1011,27,1114,3996,4177,4176,4174,4175,1980,4171,60,1467,4172,4173,4170],"class_list":{"0":"post-75069","1":"post","2":"type-post","3":"status-publish","4":"format-standard","5":"has-post-thumbnail","7":"category-tennis","8":"tag-actualite","9":"tag-atp","10":"tag-calendrier","11":"tag-casper-ruud","12":"tag-classement","13":"tag-coupe-davis","14":"tag-fed-cup","15":"tag-fr","16":"tag-france","17":"tag-infos","18":"tag-jeux-olympiques","19":"tag-masters-1000","20":"tag-masters-500","21":"tag-masters-series","22":"tag-open-daustralie","23":"tag-resultats","24":"tag-roland-garros","25":"tag-sports","26":"tag-tennis","27":"tag-us-open","28":"tag-wimbledon","29":"tag-wta"},"share_on_mastodon":{"url":"https:\/\/pubeurope.com\/@fr\/114451525330394271","error":""},"_links":{"self":[{"href":"https:\/\/www.europesays.com\/fr\/wp-json\/wp\/v2\/posts\/75069","targetHints":{"allow":["GET"]}}],"collection":[{"href":"https:\/\/www.europesays.com\/fr\/wp-json\/wp\/v2\/posts"}],"about":[{"href":"https:\/\/www.europesays.com\/fr\/wp-json\/wp\/v2\/types\/post"}],"author":[{"embeddable":true,"href":"https:\/\/www.europesays.com\/fr\/wp-json\/wp\/v2\/users\/2"}],"replies":[{"embeddable":true,"href":"https:\/\/www.europesays.com\/fr\/wp-json\/wp\/v2\/comments?post=75069"}],"version-history":[{"count":0,"href":"https:\/\/www.europesays.com\/fr\/wp-json\/wp\/v2\/posts\/75069\/revisions"}],"wp:featuredmedia":[{"embeddable":true,"href":"https:\/\/www.europesays.com\/fr\/wp-json\/wp\/v2\/media\/75070"}],"wp:attachment":[{"href":"https:\/\/www.europesays.com\/fr\/wp-json\/wp\/v2\/media?parent=75069"}],"wp:term":[{"taxonomy":"category","embeddable":true,"href":"https:\/\/www.europesays.com\/fr\/wp-json\/wp\/v2\/categories?post=75069"},{"taxonomy":"post_tag","embeddable":true,"href":"https:\/\/www.europesays.com\/fr\/wp-json\/wp\/v2\/tags?post=75069"}],"curies":[{"name":"wp","href":"https:\/\/api.w.org\/{rel}","templated":true}]}}