{"id":750694,"date":"2026-02-21T22:08:12","date_gmt":"2026-02-21T22:08:12","guid":{"rendered":"https:\/\/www.europesays.com\/fr\/750694\/"},"modified":"2026-02-21T22:08:12","modified_gmt":"2026-02-21T22:08:12","slug":"ras-le-bol-de-pourquoi-elle-a-lev","status":"publish","type":"post","link":"https:\/\/www.europesays.com\/fr\/750694\/","title":{"rendered":"\u00ab\u00a0Ras-le-bol de&#8230;\u00a0\u00bb, pourquoi elle a lev &#8230;"},"content":{"rendered":"<p>EN BREF<\/p>\n<ul class=\"bloc_resume_post_list\">\n<li>Mathilde Seigner, actrice fran\u00e7aise, revient avec une<br \/>\nfiction sociale sur le monde agricole apr\u00e8s une pause m\u00e9diatique<br \/>\nli\u00e9e au d\u00e9c\u00e8s de son p\u00e8re il y a cinq ans.<\/li>\n<li>Elle choisit de s\u00a0\u00bbimpliquer davantage dans ses projets en<br \/>\ninitiant et produisant des \u0153uvres, marquant un tournant dans sa<br \/>\ncarri\u00e8re.<\/li>\n<li>Son engagement pour le monde agricole et son d\u00e9sir de<br \/>\ncr\u00e9er un seul-en-sc\u00e8ne r\u00e9v\u00e8lent une nouvelle direction artistique<br \/>\net personnelle.<\/li>\n<\/ul>\n<p>Moins pr\u00e9sente sur les \u00e9crans depuis quelques ann\u00e9es, Mathilde<br \/>\nSeigner n&rsquo;a pourtant pas raccroch\u00e9. <a href=\"https:\/\/www.telestar.fr\/people\/mathilde-seigner-a-t-elle-violente-sa-soeur-marie-amelie-de-tres-lourdes-accusations-a-son-encontre-1713263\" rel=\"nofollow noopener\" target=\"_blank\"><br \/>\nL&rsquo;actrice<\/a> revient sur le devant de la sc\u00e8ne avec une fiction<br \/>\nsociale qu&rsquo;elle a elle-m\u00eame initi\u00e9e, centr\u00e9e sur la d\u00e9tresse du<br \/>\nmonde agricole. Une d\u00e9marche militante, port\u00e9e par une femme qui a<br \/>\nd\u00e9cid\u00e9 de reprendre les r\u00eanes de sa carri\u00e8re.<\/p>\n<p>La perte de son p\u00e8re, un tournant d\u00e9cisif<\/p>\n<p>Derri\u00e8re ce relatif effacement m\u00e9diatique se cache une blessure<br \/>\npersonnelle. Il y a cinq ans, Mathilde Seigner a perdu son p\u00e8re, et<br \/>\nce deuil a profond\u00e9ment remis en question son rapport au m\u00e9tier. En<br \/>\nfaisant ce travail de deuil, elle a pris conscience qu&rsquo;une partie<br \/>\nde son investissement professionnel \u00e9tait li\u00e9e \u00e0 cette figure<br \/>\npaternelle. \u00ab\u00a0J&rsquo;en ai eu ras le bol de subir\u00a0\u00bb,<br \/>\nconfie-t-elle sans d\u00e9tour.<\/p>\n<p>Plut\u00f4t que de continuer \u00e0 encha\u00eener les r\u00f4les par habitude ou<br \/>\npar obligation, elle a choisi de marquer une pause pour mieux<br \/>\nrepartir. D\u00e9sormais, son ambition est claire : ne plus se contenter<br \/>\nd&rsquo;\u00eatre devant la cam\u00e9ra, mais s&rsquo;impliquer en amont, faire na\u00eetre et<br \/>\naccompagner ses propres projets. Un changement de cap radical,<br \/>\nassum\u00e9 pleinement.<\/p>\n<p>Productrice dans l&rsquo;\u00e2me, auteure en<br \/>\ndevenir<\/p>\n<p>Cette volont\u00e9 de prise en main se traduit concr\u00e8tement. C&rsquo;est en<br \/>\nregardant Le Feuilleton des Fran\u00e7ais, une \u00e9mission diffus\u00e9e sur<br \/>\nFrance 2 le dimanche apr\u00e8s-midi, que l&rsquo;id\u00e9e d&rsquo;Au c\u0153ur de nos terres<br \/>\na germ\u00e9. Touch\u00e9e par les difficult\u00e9s travers\u00e9es par les exploitants<br \/>\nagricoles, l&rsquo;actrice a souhait\u00e9 porter ce sujet \u00e0 l&rsquo;\u00e9cran. Le<br \/>\ntournage s&rsquo;est d\u00e9roul\u00e9 \u00e0 Serm\u00e9rieu, en Is\u00e8re, une r\u00e9gion ch\u00e8re \u00e0<br \/>\nson c\u0153ur puisque c&rsquo;est l\u00e0 qu&rsquo;est n\u00e9 son grand-p\u00e8re, le com\u00e9dien<br \/>\nLouis Seigner.<\/p>\n<p>En parall\u00e8le, elle travaille actuellement \u00e0 l&rsquo;\u00e9criture d&rsquo;un<br \/>\nseul-en-sc\u00e8ne qu&rsquo;elle d\u00e9crit comme \u00ab\u00a0une sorte de master class<br \/>\nd\u00e9guis\u00e9e avec le public\u00a0\u00bb. C\u00f4t\u00e9 cin\u00e9ma en revanche, rien \u00e0<br \/>\nl&rsquo;horizon pour l&rsquo;instant : \u00ab\u00a0Je ne veux plus tourner que par<br \/>\nplaisir\u00a0\u00bb, tranche-t-elle. Une position ferme, qui dit beaucoup<br \/>\nsur l&rsquo;\u00e9tat d&rsquo;esprit dans lequel se trouve aujourd&rsquo;hui <a href=\"https:\/\/www.telestar.fr\/culture\/mathilde-seigner-j-ai-trop-les-jetons-ce-qu-elle-n-a-pas-encore-essaye-pour-combattre-le-temps-806013\" rel=\"nofollow noopener\" target=\"_blank\"><br \/>\nla petite fille de Louis Seigner<\/a>.<\/p>\n<p>Interview \u00e0 retrouver en int\u00e9gralit\u00e9 dans votre magazine<br \/>\nT\u00e9l\u00e9 Star en kiosque et en version num\u00e9rique ce lundi 23 f\u00e9vrier<br \/>\n2026<\/p>\n","protected":false},"excerpt":{"rendered":"EN BREF Mathilde Seigner, actrice fran\u00e7aise, revient avec une fiction sociale sur le monde agricole apr\u00e8s une pause&hellip;\n","protected":false},"author":2,"featured_media":750695,"comment_status":"","ping_status":"","sticky":false,"template":"","format":"standard","meta":{"footnotes":"","_share_on_mastodon":"0"},"categories":[8],"tags":[548,58,59,8644,1011,27],"class_list":["post-750694","post","type-post","status-publish","format-standard","has-post-thumbnail","category-divertissement","tag-article-simple","tag-divertissement","tag-entertainment","tag-exclu","tag-fr","tag-france"],"share_on_mastodon":{"url":"https:\/\/pubeurope.com\/@fr\/116110904898186032","error":""},"_links":{"self":[{"href":"https:\/\/www.europesays.com\/fr\/wp-json\/wp\/v2\/posts\/750694","targetHints":{"allow":["GET"]}}],"collection":[{"href":"https:\/\/www.europesays.com\/fr\/wp-json\/wp\/v2\/posts"}],"about":[{"href":"https:\/\/www.europesays.com\/fr\/wp-json\/wp\/v2\/types\/post"}],"author":[{"embeddable":true,"href":"https:\/\/www.europesays.com\/fr\/wp-json\/wp\/v2\/users\/2"}],"replies":[{"embeddable":true,"href":"https:\/\/www.europesays.com\/fr\/wp-json\/wp\/v2\/comments?post=750694"}],"version-history":[{"count":0,"href":"https:\/\/www.europesays.com\/fr\/wp-json\/wp\/v2\/posts\/750694\/revisions"}],"wp:featuredmedia":[{"embeddable":true,"href":"https:\/\/www.europesays.com\/fr\/wp-json\/wp\/v2\/media\/750695"}],"wp:attachment":[{"href":"https:\/\/www.europesays.com\/fr\/wp-json\/wp\/v2\/media?parent=750694"}],"wp:term":[{"taxonomy":"category","embeddable":true,"href":"https:\/\/www.europesays.com\/fr\/wp-json\/wp\/v2\/categories?post=750694"},{"taxonomy":"post_tag","embeddable":true,"href":"https:\/\/www.europesays.com\/fr\/wp-json\/wp\/v2\/tags?post=750694"}],"curies":[{"name":"wp","href":"https:\/\/api.w.org\/{rel}","templated":true}]}}