{"id":750726,"date":"2026-02-21T22:26:14","date_gmt":"2026-02-21T22:26:14","guid":{"rendered":"https:\/\/www.europesays.com\/fr\/750726\/"},"modified":"2026-02-21T22:26:14","modified_gmt":"2026-02-21T22:26:14","slug":"municipales-a-rennes-nouveaux-inscrits-qui-feraient-basculer-lelection-marchepied-exhume-les-echos-de-campagne","status":"publish","type":"post","link":"https:\/\/www.europesays.com\/fr\/750726\/","title":{"rendered":"Municipales \u00e0 Rennes. Nouveaux inscrits qui feraient basculer l\u2019\u00e9lection, marchepied exhum\u00e9\u00a0: les \u00e9chos de campagne"},"content":{"rendered":"<p>\n                Article premium,<br \/>\n                    R\u00e9serv\u00e9 aux\u00a0abonn\u00e9s\n            <\/p>\n<p class=\"su-standfirst chapeau\">\u00c9chos de campagne volume 15. Pol\u00e9miques, grandes ou petites, commentaires acerbes ou coups de col\u00e8re\u00a0: \u00e0 mois d\u2019un mois du premier tour des \u00e9lections municipales les 15 et 22\u00a0mars 2026, la campagne \u00e9lectorale bat son plein \u00e0 Rennes\u00a0(Ille-et-Vilaine). Voici quelques \u00e9chos de campagne s\u00e9lectionn\u00e9s par la r\u00e9daction, samedi 21\u00a0f\u00e9vrier 2026.<\/p>\n<p>                                        <img decoding=\"async\" class=\"su-media\" src=\"https:\/\/media.ouest-france.fr\/v1\/pictures\/MjAyNjAyZWJmNTRmNjkyMjIyM2RiOWRhOWMwMTY0NDUxZGMyMTg?width=1260&amp;height=708&amp;focuspoint=50%2C25&amp;cropresize=1&amp;client_id=bpeditorial&amp;sign=3d0a07e3f151a807ff4ca4b620f5b5325e8a0800cba8fa482387c9e5a9ceeeff\" alt=\"Pour qui voteront les 12\u00a0000\u00a0nouveaux inscrits rennais\u00a0?\"  \/><\/p>\n<p>                            Pour qui voteront les 12\u00a0000\u00a0nouveaux inscrits rennais\u00a0? | OUEST-FRANCE<\/p>\n<p>                            fermer<\/p>\n<ul class=\"su-row su-carrousel-container su-not-list\" data-suswipe=\"{\" rambo=\"\" .carrousel-nav-bas=\"\" .item=\"\">\n<li class=\"su-col-xs-6 su-col-md-24 carrousel-contenu su-carrousel-item\" data-ofvwidth=\"{\" mobileonly=\"\"><img decoding=\"async\" data-ofmaxheight=\"\" class=\"su-media lazyload\" alt=\"Pour qui voteront les 12\u00a0000\u00a0nouveaux inscrits rennais\u00a0?\" src=\"data:image\/png;base64,iVBORw0KGgoAAAANSUhEUgAAABAAAAAJCAYAAAA7KqwyAAAAGXRFWHRTb2Z0d2FyZQBBZG9iZSBJbWFnZVJlYWR5ccllPAAAABhJREFUeNpi\/P\/\/PwMlgHHUgFEDgAAgwAD+lBrvy+NcxAAAAABJRU5ErkJggg==\" data-oflazyload=\"{&quot;srcset&quot;:&quot;https:\/\/media.ouest-france.fr\/v1\/pictures\/MjAyNjAyZWJmNTRmNjkyMjIyM2RiOWRhOWMwMTY0NDUxZGMyMTg?width=320&amp;focuspoint=50%2C25&amp;cropresize=1&amp;client_id=bpeditorial&amp;sign=38a289872181f8f0730e754d68794b4a1e6d6aca7421fefd83d0b7bfe71acd81 320w,https:\/\/media.ouest-france.fr\/v1\/pictures\/MjAyNjAyZWJmNTRmNjkyMjIyM2RiOWRhOWMwMTY0NDUxZGMyMTg?width=375&amp;focuspoint=50%2C25&amp;cropresize=1&amp;client_id=bpeditorial&amp;sign=32fb9c839fbdcc4bcff3ce1a277f9ad2f7611439411d328b5dcd12d2af362bda 360w,https:\/\/media.ouest-france.fr\/v1\/pictures\/MjAyNjAyZWJmNTRmNjkyMjIyM2RiOWRhOWMwMTY0NDUxZGMyMTg?width=480&amp;focuspoint=50%2C25&amp;cropresize=1&amp;client_id=bpeditorial&amp;sign=8e6b445ff2d5461aab90e6837df8d6a4199199e20288366e605309e58b9e4bf7 480w,https:\/\/media.ouest-france.fr\/v1\/pictures\/MjAyNjAyZWJmNTRmNjkyMjIyM2RiOWRhOWMwMTY0NDUxZGMyMTg?width=630&amp;focuspoint=50%2C25&amp;cropresize=1&amp;client_id=bpeditorial&amp;sign=4a51e364d06c2b91d4fb9e3b8943ec3ae9a237e46717cbef0bfe72b31f5e69c1 630w,https:\/\/media.ouest-france.fr\/v1\/pictures\/MjAyNjAyZWJmNTRmNjkyMjIyM2RiOWRhOWMwMTY0NDUxZGMyMTg?width=940&amp;focuspoint=50%2C25&amp;cropresize=1&amp;client_id=bpeditorial&amp;sign=4307e8c405f3b6fe23167d47a8f39a817e24291b778cf4ced95e36a61b580f77 940w,https:\/\/media.ouest-france.fr\/v1\/pictures\/MjAyNjAyZWJmNTRmNjkyMjIyM2RiOWRhOWMwMTY0NDUxZGMyMTg?width=1260&amp;focuspoint=50%2C25&amp;cropresize=1&amp;client_id=bpeditorial&amp;sign=f0bd6977b87de89cfffc17a81ee38a158d2e1cf8cd58e3e93c1f5ebf41e9352b 1260w&quot;}\"\/>Pour qui voteront les 12\u00a0000\u00a0nouveaux inscrits rennais\u00a0? | OUEST-FRANCE<\/li>\n<\/ul>\n<p>        Publi\u00e9 le 21\/02\/2026  \u00e0 09h10<\/p>\n<p>                            Lire plus tard<\/p>\n<p>                            Partager<\/p>\n<ul id=\"partage-col-gauche\" class=\"su-not-list su-hidden su-margin-top-xs\">\n<li>FacebookFacebook<\/li>\n<li>BlueSkyBlueSky<\/li>\n<li>FlipboardFlipboard<\/li>\n<li>linkedinLinkedIn<\/li>\n<\/ul>\n<p>Pol\u00e9miques, grandes ou petites, commentaires acerbes ou coups de col\u00e8re\u00a0: \u00e0 mois d\u2019un mois du premier tour des \u00e9lections municipales les 15 et 22\u00a0mars 2026, la campagne \u00e9lectorale bat son plein \u00e0 Rennes\u00a0(Ille-et-Vilaine). Voici quelques \u00e9chos de campagne s\u00e9lectionn\u00e9s par la r\u00e9daction, samedi 21\u00a0f\u00e9vrier 2026.<\/p>\n<p>On l\u2019a d\u00e9j\u00e0 \u00e9voqu\u00e9\u00a0: il y aura <a href=\"https:\/\/www.ouest-france.fr\/elections\/municipales\/municipales-mathilde-panot-a-rennes-cout-politique-de-lincinerateur-et-voix-convoitees-les-nouvelles-de-la-campagne-f82db874-05e1-11f1-b002-a12469be8537\" target=\"_blank\" rel=\"nofollow noopener\">12\u00a0700\u00a0voix de plus<\/a> des nouveaux inscrits sur les listes \u00e9lectorales \u00e0 se partager lors du scrutin rennais du mois prochain. Un sacr\u00e9 pactole. En effet, \u00e0 titre de comparaison, en 2020, Nathalie App\u00e9r\u00e9 avait&#8230;<\/p>\n<p style=\"text-align: center; background-color: #dbbe4d; padding-top: 5px; padding-bottom: 5px; font-size: 14px;\"><strong>D\u00e9j\u00e0 abonn\u00e9 ? <\/strong><a data-trkartmonet=\"Identification\" data-trk-sipa=\"{\" blockcategory=\"\" paywall=\"\" href=\"http:\/\/www.ouest-france.fr\/login?redirect=https:\/\/www.ouest-france.fr\/elections\/municipales\/municipales-a-rennes-nouveaux-inscrits-qui-feraient-basculer-lelection-marchepied-exhume-les-echos-de-campagne-594f6476-0ccd-11f1-b839-4d59eb76df60\" rel=\"nofollow noopener\" title=\"Se connecter \u00e0 Ouest-France\" class=\"su-link-light\" target=\"_blank\">Connectez-vous<\/a><\/p>\n<p style=\"text-align: center; padding-top: 15px; padding-bottom: 8px; vertical-align: bottom;\">bloqu\u00e9<strong> Pour lire la suite, abonnez-vous<\/strong><\/p>\n<p style=\"text-align: center;\"><strong>1er mois \u00e0 1\u20ac<\/strong><\/p>\n<p style=\"text-align: center; margin-top: -5px;\">Annulable \u00e0 tout moment<\/p>\n<p style=\"text-align: center;\">\u00a0<\/p>\n<p style=\"text-align: center;\"><a data-ida=\"\" data-trkartmonet=\"Tunnel OF+\" data-trk-sipa=\"{&#010;\" blockcategory=\"\" paywall=\"\" :=\"\" m=\"\" of=\"\" class=\"&#010;        su-button&#010;        su-subscription&#010;        &#010;        &#010;    \" data-trk-bloc=\"paywall\" href=\"https:\/\/abonnement.ouest-france.fr\/tunnel\/pack-essentiel-article\/122096117101?int_medium=lien&amp;int_campaign=PWFR0225-OF&amp;int_content=page-article-payant_boutonjaune-paywall&amp;marquesource=OF&amp;rt=https:\/\/www.ouest-france.fr\/elections\/municipales\/municipales-a-rennes-nouveaux-inscrits-qui-feraient-basculer-lelection-marchepied-exhume-les-echos-de-campagne-594f6476-0ccd-11f1-b839-4d59eb76df60\" rel=\"nofollow noopener\" target=\"_blank\"><br \/>\n    <strong>Je m&rsquo;abonne<\/strong><br \/>\n<\/a><\/p>\n<p style=\"text-align: center; padding-top: 10px; padding-bottom: 10px;\"><img decoding=\"async\" src=\"https:\/\/media.ouest-france.fr\/v1\/fonts\/be7723fcee3f1866f1ce99184077fc6f-carte-bancaire.svg?height=36\" alt=\"CB\"\/>\u00a0\u00a0<img decoding=\"async\" src=\"https:\/\/media.ouest-france.fr\/v1\/fonts\/1819d54c599d8afa64539cfba4ac9dde-rib.svg?height=36\" alt=\"RIB\"\/>\u00a0\u00a0<img decoding=\"async\" src=\"https:\/\/media.ouest-france.fr\/v1\/fonts\/065fc80d7b6a03d14a834c224ce723e1-paypal.svg?height=36\" alt=\"PAYPAL\"\/><\/p>\n","protected":false},"excerpt":{"rendered":"Article premium, R\u00e9serv\u00e9 aux\u00a0abonn\u00e9s \u00c9chos de campagne volume 15. Pol\u00e9miques, grandes ou petites, commentaires acerbes ou coups de&hellip;\n","protected":false},"author":2,"featured_media":750727,"comment_status":"","ping_status":"","sticky":false,"template":"","format":"standard","meta":{"footnotes":"","_share_on_mastodon":"0"},"categories":[2821],"tags":[1111,11,829,5949,1777,674,1011,27,2338,6319,3554,12,316,584,25],"class_list":["post-750726","post","type-post","status-publish","format-standard","has-post-thumbnail","category-rennes","tag-actu","tag-actualites","tag-bretagne","tag-elections","tag-eu","tag-europe","tag-fr","tag-france","tag-la-france-insoumise","tag-les-republicains","tag-municipales","tag-news","tag-politique","tag-rennes","tag-republique-francaise"],"share_on_mastodon":{"url":"https:\/\/pubeurope.com\/@fr\/116110975919377469","error":""},"_links":{"self":[{"href":"https:\/\/www.europesays.com\/fr\/wp-json\/wp\/v2\/posts\/750726","targetHints":{"allow":["GET"]}}],"collection":[{"href":"https:\/\/www.europesays.com\/fr\/wp-json\/wp\/v2\/posts"}],"about":[{"href":"https:\/\/www.europesays.com\/fr\/wp-json\/wp\/v2\/types\/post"}],"author":[{"embeddable":true,"href":"https:\/\/www.europesays.com\/fr\/wp-json\/wp\/v2\/users\/2"}],"replies":[{"embeddable":true,"href":"https:\/\/www.europesays.com\/fr\/wp-json\/wp\/v2\/comments?post=750726"}],"version-history":[{"count":0,"href":"https:\/\/www.europesays.com\/fr\/wp-json\/wp\/v2\/posts\/750726\/revisions"}],"wp:featuredmedia":[{"embeddable":true,"href":"https:\/\/www.europesays.com\/fr\/wp-json\/wp\/v2\/media\/750727"}],"wp:attachment":[{"href":"https:\/\/www.europesays.com\/fr\/wp-json\/wp\/v2\/media?parent=750726"}],"wp:term":[{"taxonomy":"category","embeddable":true,"href":"https:\/\/www.europesays.com\/fr\/wp-json\/wp\/v2\/categories?post=750726"},{"taxonomy":"post_tag","embeddable":true,"href":"https:\/\/www.europesays.com\/fr\/wp-json\/wp\/v2\/tags?post=750726"}],"curies":[{"name":"wp","href":"https:\/\/api.w.org\/{rel}","templated":true}]}}