{"id":750728,"date":"2026-02-21T22:27:20","date_gmt":"2026-02-21T22:27:20","guid":{"rendered":"https:\/\/www.europesays.com\/fr\/750728\/"},"modified":"2026-02-21T22:27:20","modified_gmt":"2026-02-21T22:27:20","slug":"asse-une-pepite-dans-le-viseur-de-rennes-et-du-losc","status":"publish","type":"post","link":"https:\/\/www.europesays.com\/fr\/750728\/","title":{"rendered":"ASSE : Une p\u00e9pite dans le viseur de Rennes et du LOSC"},"content":{"rendered":"<p>Auteur d\u2019une belle saison avec l\u2019ASSE, le jeune K\u00e9vin Pedro a tap\u00e9 dans l\u2019\u0153il de plusieurs clubs de Ligue 1.<\/p>\n<p>\u00c0 seulement 19 ans, K\u00e9vin Pedro s\u2019impose comme l\u2019une des grandes promesses de l\u2019AS Saint-\u00c9tienne. Form\u00e9 au club, le jeune d\u00e9fenseur a sign\u00e9 son premier contrat professionnel \u00e0 l\u2019\u00e9t\u00e9 2025 avant de prolonger en janvier jusqu\u2019en 2030, preuve de la confiance plac\u00e9e en lui par les dirigeants st\u00e9phanois. D\u00e9j\u00e0 aper\u00e7u \u00e0 plusieurs reprises avec l\u2019\u00e9quipe premi\u00e8re en Ligue 2 et en Coupe de France, il ne cache pas son attachement aux Verts : il se dit \u00ab\u00a0tr\u00e8s content et fier de prolonger au sein de [son] club formateur\u00a0\u00bb et promet de \u00ab\u00a0continuer \u00e0 beaucoup travailler pour obtenir du temps de jeu\u00a0\u00bb.<\/p>\n<p>Des offres all\u00e9chantes cet \u00e9t\u00e9 ?<\/p>\n<p>Mais la progression rapide du joueur attire d\u00e9sormais les regards. Selon les informations du m\u00e9dia Jeunes Footeux, le LOSC, le Stade Rennais et le RC Strasbourg ont inscrit son nom en haut de leur liste pour le prochain mercato estival. Malgr\u00e9 son contrat longue dur\u00e9e, l\u2019ASSE pourrait avoir du mal \u00e0 r\u00e9sister en cas d\u2019offres concr\u00e8tes, surtout si la mont\u00e9e en Ligue 1 n\u2019est pas au rendez-vous.<\/p>\n<p>Le club for\u00e9zien esp\u00e8re toutefois construire autour de sa p\u00e9pite, qui pourrait devenir sa prochaine grosse vente. D\u2019ici l\u00e0, la fin de saison s\u2019annonce d\u00e9cisive : performances sportives et projet de club p\u00e8seront lourd dans l\u2019avenir d\u2019un talent d\u00e9j\u00e0 tr\u00e8s courtis\u00e9.<\/p>\n<blockquote class=\"twitter-tweet\">\n<p lang=\"fr\" dir=\"ltr\">Titulaire indiscutable \u00e0 l\u2019ASSE, Kevin Pedro marche dans les pas de Saliba et Fofana et suscite d\u00e9j\u00e0 l\u2019int\u00e9r\u00eat ! \ud83d\udea8<\/p>\n<p>Cet hiver, plusieurs clubs ambitieux de Ligue 1 se sont renseign\u00e9s. La F\u00e9d\u00e9ration congolaise garde aussi un \u0153il attentif sur le d\u00e9fenseur. \ud83d\udc40\ud83c\udde8\ud83c\udde9 <a href=\"https:\/\/t.co\/Ql8xHjdawa\" rel=\"nofollow\">pic.twitter.com\/Ql8xHjdawa<\/a><\/p>\n<p>\u2014 Foot Mercato (@footmercato) <a href=\"https:\/\/twitter.com\/footmercato\/status\/2022614183519334408?ref_src=twsrc%5Etfw\" rel=\"nofollow noopener\" target=\"_blank\">February 14, 2026<\/a><\/p><\/blockquote>\n<p><script async src=\"https:\/\/platform.twitter.com\/widgets.js\" charset=\"utf-8\"><\/script><\/p>\n","protected":false},"excerpt":{"rendered":"Auteur d\u2019une belle saison avec l\u2019ASSE, le jeune K\u00e9vin Pedro a tap\u00e9 dans l\u2019\u0153il de plusieurs clubs de&hellip;\n","protected":false},"author":2,"featured_media":739537,"comment_status":"","ping_status":"","sticky":false,"template":"","format":"standard","meta":{"footnotes":"","_share_on_mastodon":"0"},"categories":[2821],"tags":[1111,11,829,1777,674,1011,27,12,584,25],"class_list":["post-750728","post","type-post","status-publish","format-standard","has-post-thumbnail","category-rennes","tag-actu","tag-actualites","tag-bretagne","tag-eu","tag-europe","tag-fr","tag-france","tag-news","tag-rennes","tag-republique-francaise"],"share_on_mastodon":{"url":"https:\/\/pubeurope.com\/@fr\/116110980048770772","error":""},"_links":{"self":[{"href":"https:\/\/www.europesays.com\/fr\/wp-json\/wp\/v2\/posts\/750728","targetHints":{"allow":["GET"]}}],"collection":[{"href":"https:\/\/www.europesays.com\/fr\/wp-json\/wp\/v2\/posts"}],"about":[{"href":"https:\/\/www.europesays.com\/fr\/wp-json\/wp\/v2\/types\/post"}],"author":[{"embeddable":true,"href":"https:\/\/www.europesays.com\/fr\/wp-json\/wp\/v2\/users\/2"}],"replies":[{"embeddable":true,"href":"https:\/\/www.europesays.com\/fr\/wp-json\/wp\/v2\/comments?post=750728"}],"version-history":[{"count":0,"href":"https:\/\/www.europesays.com\/fr\/wp-json\/wp\/v2\/posts\/750728\/revisions"}],"wp:featuredmedia":[{"embeddable":true,"href":"https:\/\/www.europesays.com\/fr\/wp-json\/wp\/v2\/media\/739537"}],"wp:attachment":[{"href":"https:\/\/www.europesays.com\/fr\/wp-json\/wp\/v2\/media?parent=750728"}],"wp:term":[{"taxonomy":"category","embeddable":true,"href":"https:\/\/www.europesays.com\/fr\/wp-json\/wp\/v2\/categories?post=750728"},{"taxonomy":"post_tag","embeddable":true,"href":"https:\/\/www.europesays.com\/fr\/wp-json\/wp\/v2\/tags?post=750728"}],"curies":[{"name":"wp","href":"https:\/\/api.w.org\/{rel}","templated":true}]}}