{"id":750759,"date":"2026-02-21T22:47:14","date_gmt":"2026-02-21T22:47:14","guid":{"rendered":"https:\/\/www.europesays.com\/fr\/750759\/"},"modified":"2026-02-21T22:47:14","modified_gmt":"2026-02-21T22:47:14","slug":"plus-dun-millier-de-manifestants-a-paris-pour-soutenir-lukraine-apres-quatre-ans-de-guerre","status":"publish","type":"post","link":"https:\/\/www.europesays.com\/fr\/750759\/","title":{"rendered":"Plus d&rsquo;un millier de manifestants \u00e0 Paris pour soutenir l&rsquo;Ukraine apr\u00e8s quatre ans de guerre"},"content":{"rendered":"<p class=\"mb-4 text-lg md:leading-8 break-words\">Plus d&rsquo;un millier de personnes ont d\u00e9fil\u00e9 samedi \u00e0 Paris pour marquer un \u00ab\u00a0soutien massif\u00a0\u00bb intact \u00e0 l&rsquo;Ukraine, \u00e0 l&rsquo;approche du quatri\u00e8me anniversaire de l&rsquo;invasion russe, a constat\u00e9 l&rsquo;AFP.<\/p>\n<p class=\"mb-4 text-lg md:leading-8 break-words\">\u00ab\u00a0L&rsquo;Ukraine on la soutient contre Poutine qui l&rsquo;assassine\u00a0\u00bb, \u00ab\u00a0Avoirs russes gel\u00e9s, il faut les confisquer, c&rsquo;est \u00e0 l&rsquo;Ukraine qu&rsquo;ils reviennent\u00a0\u00bb, ont scand\u00e9 les manifestants.<\/p>\n<p class=\"mb-4 text-lg md:leading-8 break-words\">Le nombre de manifestants a \u00e9t\u00e9 estim\u00e9 \u00e0 2.000 par la pr\u00e9fecture de police de Paris.<\/p>\n<p class=\"mb-4 text-lg md:leading-8 break-words\">\u00ab\u00a0Dans l&rsquo;opinion publique, il y a un soutien massif \u00e0 l&rsquo;Ukraine qui ne s&rsquo;est pas d\u00e9menti depuis le premier jour de l&rsquo;invasion totale\u00a0\u00bb du pays par l&rsquo;arm\u00e9e russe le 24 f\u00e9vrier 2022, a estim\u00e9 aupr\u00e8s de l&rsquo;AFP l&rsquo;eurod\u00e9put\u00e9 Rapha\u00ebl Glucksmann.<\/p>\n<p class=\"mb-4 text-lg md:leading-8 break-words\">\u00ab\u00a0Par contre dans la classe politique fran\u00e7aise, il y a une musique de renoncement qui se fait jour. Tant \u00e0 l&rsquo;extr\u00eame gauche qu&rsquo;\u00e0 l&rsquo;extr\u00eame droite, il y a des voix de la capitulation qui parlent de plus en plus fort\u00a0\u00bb, a poursuivi le dirigeant du mouvement Place Publique (gauche).<\/p>\n<p class=\"mb-4 text-lg md:leading-8 break-words\">Dans la foule, Irina Kryvosheia, une Ukrainienne arriv\u00e9e en France depuis plusieurs ann\u00e9es, a \u00ab\u00a0remerci\u00e9 de tout son c\u0153ur les gens pr\u00e9sents\u00a0\u00bb pour \u00ab\u00a0rappeler que ce qui se passe depuis quatre ans, ce n&rsquo;est pas une normalit\u00e9, ce n&rsquo;est pas juste\u00a0\u00bb.<\/p>\n<p class=\"mb-4 text-lg md:leading-8 break-words\">Mme Kryvosheia a expliqu\u00e9 rester en contact quotidien avec ses parents \u00e0 Kiev, qui lui ont racont\u00e9 comment ils ont \u00e9t\u00e9 priv\u00e9s \u00ab\u00a0pendant plusieurs jours\u00a0\u00bb de chauffage, d&rsquo;\u00e9lectricit\u00e9, d&rsquo;eau chaude et froide suite aux bombardements intenses de l&rsquo;arm\u00e9e russe.<\/p>\n<p class=\"mb-4 text-lg md:leading-8 break-words\">Pr\u00e9sident de l&rsquo;ONG \u00ab\u00a0Aide m\u00e9dicale Ukraine\u00a0\u00bb, Fran\u00e7ois Grunewald revient pour sa part d&rsquo;un mois de mission dans le pays, o\u00f9 son organisation a livr\u00e9 une quarantaine de g\u00e9n\u00e9rateurs depuis le d\u00e9but de l&rsquo;ann\u00e9e.<\/p>\n<p class=\"mb-4 text-lg md:leading-8 break-words\">\u00ab\u00a0Plus que de la lassitude, j&rsquo;ai surtout constat\u00e9 de la col\u00e8re (chez les Ukrainiens), contre la Russie, contre (le pr\u00e9sident am\u00e9ricain Donald) Trump, et aussi un peu contre les Europ\u00e9ens\u00a0\u00bb, pour un engagement jug\u00e9 parfois insuffisant, a-t-il rapport\u00e9.<\/p>\n<p class=\"mb-4 text-lg md:leading-8 break-words\">La Russie a lanc\u00e9 son invasion \u00e0 grande \u00e9chelle de l&rsquo;Ukraine le 24 f\u00e9vrier 2022, cr\u00e9ant un choc dans le monde entier et d\u00e9clenchant le conflit le plus sanglant et destructeur en Europe depuis la Deuxi\u00e8me Guerre mondiale.<\/p>\n<p class=\"mb-4 text-lg md:leading-8 break-words\">Depuis, des dizaines, voire des centaines de milliers de personnes ont \u00e9t\u00e9 tu\u00e9es des deux c\u00f4t\u00e9s et des millions de r\u00e9fugi\u00e9s ont fui l&rsquo;Ukraine, o\u00f9 de vastes territoires ont \u00e9t\u00e9 ravag\u00e9s par des combats.<\/p>\n<p class=\"mb-4 text-lg md:leading-8 break-words\">La Russie occupe\u00a0pr\u00e8s de 20% du territoire ukrainien, bombarde quotidiennement des zones civiles et des infrastructures, entra\u00eenant r\u00e9cemment la pire crise \u00e9nerg\u00e9tique dans le pays depuis le d\u00e9but de l&rsquo;invasion de 2022.<\/p>\n<p class=\"mb-4 text-lg md:leading-8 break-words\">bb-sc\/alv<\/p>\n","protected":false},"excerpt":{"rendered":"Plus d&rsquo;un millier de personnes ont d\u00e9fil\u00e9 samedi \u00e0 Paris pour marquer un \u00ab\u00a0soutien massif\u00a0\u00bb intact \u00e0 l&rsquo;Ukraine,&hellip;\n","protected":false},"author":2,"featured_media":750760,"comment_status":"","ping_status":"","sticky":false,"template":"","format":"standard","meta":{"footnotes":"","_share_on_mastodon":"0"},"categories":[1888],"tags":[1111,1928,11,1927,1777,674,1011,27,70285,2489,12,1926,83621,626,1925,25],"class_list":["post-750759","post","type-post","status-publish","format-standard","has-post-thumbnail","category-paris","tag-actu","tag-actu-paris","tag-actualites","tag-actualites-paris","tag-eu","tag-europe","tag-fr","tag-france","tag-l39ukraine","tag-la-russie","tag-news","tag-news-paris","tag-nombre-de-manifestants","tag-paris","tag-paris-news","tag-republique-francaise"],"share_on_mastodon":{"url":"https:\/\/pubeurope.com\/@fr\/116111058364905535","error":""},"_links":{"self":[{"href":"https:\/\/www.europesays.com\/fr\/wp-json\/wp\/v2\/posts\/750759","targetHints":{"allow":["GET"]}}],"collection":[{"href":"https:\/\/www.europesays.com\/fr\/wp-json\/wp\/v2\/posts"}],"about":[{"href":"https:\/\/www.europesays.com\/fr\/wp-json\/wp\/v2\/types\/post"}],"author":[{"embeddable":true,"href":"https:\/\/www.europesays.com\/fr\/wp-json\/wp\/v2\/users\/2"}],"replies":[{"embeddable":true,"href":"https:\/\/www.europesays.com\/fr\/wp-json\/wp\/v2\/comments?post=750759"}],"version-history":[{"count":0,"href":"https:\/\/www.europesays.com\/fr\/wp-json\/wp\/v2\/posts\/750759\/revisions"}],"wp:featuredmedia":[{"embeddable":true,"href":"https:\/\/www.europesays.com\/fr\/wp-json\/wp\/v2\/media\/750760"}],"wp:attachment":[{"href":"https:\/\/www.europesays.com\/fr\/wp-json\/wp\/v2\/media?parent=750759"}],"wp:term":[{"taxonomy":"category","embeddable":true,"href":"https:\/\/www.europesays.com\/fr\/wp-json\/wp\/v2\/categories?post=750759"},{"taxonomy":"post_tag","embeddable":true,"href":"https:\/\/www.europesays.com\/fr\/wp-json\/wp\/v2\/tags?post=750759"}],"curies":[{"name":"wp","href":"https:\/\/api.w.org\/{rel}","templated":true}]}}