{"id":750787,"date":"2026-02-21T23:07:12","date_gmt":"2026-02-21T23:07:12","guid":{"rendered":"https:\/\/www.europesays.com\/fr\/750787\/"},"modified":"2026-02-21T23:07:12","modified_gmt":"2026-02-21T23:07:12","slug":"charly-raby-sur-la-touche-actualite","status":"publish","type":"post","link":"https:\/\/www.europesays.com\/fr\/750787\/","title":{"rendered":"Charly Raby sur la touche &#8211; Actualit\u00e9"},"content":{"rendered":"<p>Pour sa premi\u00e8re course de la saison, <strong><a class=\"rider-link mention\" href=\"https:\/\/www.directvelo.com\/coureur\/46140\/charly-raby\" rel=\"external nofollow noopener\" data-rider=\"46140\" target=\"_blank\">Charly Raby<\/a><\/strong> est tomb\u00e9 ce vendredi dans la quatri\u00e8me manche du Circuit des Plages vend\u00e9ennes. Le coureur du Team LMP-La Roche Vend\u00e9e Cyclisme annonce sur ses r\u00e9seaux sociaux qu&rsquo;il souffre d&rsquo;une fracture du coude.<\/p>\n<p>Mais le coureur de 19 ans se fend d&rsquo;un message o\u00f9 il d\u00e9crit \u00a0ce qu&rsquo;il a vu en course, \u00ab\u00a0un engagement qui d\u00e9passe parfois la limite. Un individualisme pouss\u00e9 \u00e0 l&rsquo;extr\u00eame. Des passages forc\u00e9s, des risques inconsid\u00e9r\u00e9s, des d\u00e9cisions prises en une fraction de seconde&#8230; pour gagner quoi, au fond ? Une place (&#8230;) Le parcours n&rsquo;est pas responsable des choix que nous faisons. L&rsquo;intensit\u00e9 ne justifie pas l&rsquo;irrespect. La performance ne devrait jamais se construire au d\u00e9triment de la s\u00e9curit\u00e9\u00a0\u00bb.<\/p>\n<p>Dans cette m\u00eame course, <a href=\"https:\/\/www.directvelo.com\/actualite\/127039\/une-fracture-pour-adam-mitchell\" target=\"_blank\" rel=\"noopener nofollow\"><strong>Adam Mitchell s&rsquo;est fractur\u00e9 le scapho\u00efde<\/strong><\/a>.<\/p>\n<p>Charly Raby s&rsquo;est class\u00e9 4e de la Penn Ar Bed-Bro an Hirwazh en 2024.<\/p>\n","protected":false},"excerpt":{"rendered":"Pour sa premi\u00e8re course de la saison, Charly Raby est tomb\u00e9 ce vendredi dans la quatri\u00e8me manche du&hellip;\n","protected":false},"author":2,"featured_media":750788,"comment_status":"","ping_status":"","sticky":false,"template":"","format":"standard","meta":{"footnotes":"","_share_on_mastodon":"0"},"categories":[1411],"tags":[834,828,836,829,837,827,83,826,824,823,1154,207,814,817,815,816,822,821,832,211,839,1011,27,820,818,819,835,831,830,833,838,60,212,208,825],"class_list":["post-750787","post","type-post","status-publish","format-standard","has-post-thumbnail","category-cyclisme","tag-attaque","tag-belgique","tag-braquet","tag-bretagne","tag-chute","tag-competition","tag-coupe-de-france","tag-coureur","tag-course-cyclisme","tag-course-cycliste","tag-cycling","tag-cyclisme","tag-direct","tag-direct-velo","tag-directvelo","tag-directvelo-com","tag-epreuve","tag-epreuve-cycliste","tag-federation-francaise-de-cyclisme","tag-ffc","tag-flandres","tag-fr","tag-france","tag-live","tag-live-course","tag-live-epreuve","tag-peloton","tag-radio-peloton","tag-radio-tour","tag-ravitaillement","tag-relance","tag-sports","tag-uci","tag-velo","tag-velos"],"share_on_mastodon":{"url":"https:\/\/pubeurope.com\/@fr\/116111137089561811","error":""},"_links":{"self":[{"href":"https:\/\/www.europesays.com\/fr\/wp-json\/wp\/v2\/posts\/750787","targetHints":{"allow":["GET"]}}],"collection":[{"href":"https:\/\/www.europesays.com\/fr\/wp-json\/wp\/v2\/posts"}],"about":[{"href":"https:\/\/www.europesays.com\/fr\/wp-json\/wp\/v2\/types\/post"}],"author":[{"embeddable":true,"href":"https:\/\/www.europesays.com\/fr\/wp-json\/wp\/v2\/users\/2"}],"replies":[{"embeddable":true,"href":"https:\/\/www.europesays.com\/fr\/wp-json\/wp\/v2\/comments?post=750787"}],"version-history":[{"count":0,"href":"https:\/\/www.europesays.com\/fr\/wp-json\/wp\/v2\/posts\/750787\/revisions"}],"wp:featuredmedia":[{"embeddable":true,"href":"https:\/\/www.europesays.com\/fr\/wp-json\/wp\/v2\/media\/750788"}],"wp:attachment":[{"href":"https:\/\/www.europesays.com\/fr\/wp-json\/wp\/v2\/media?parent=750787"}],"wp:term":[{"taxonomy":"category","embeddable":true,"href":"https:\/\/www.europesays.com\/fr\/wp-json\/wp\/v2\/categories?post=750787"},{"taxonomy":"post_tag","embeddable":true,"href":"https:\/\/www.europesays.com\/fr\/wp-json\/wp\/v2\/tags?post=750787"}],"curies":[{"name":"wp","href":"https:\/\/api.w.org\/{rel}","templated":true}]}}