{"id":750831,"date":"2026-02-21T23:40:26","date_gmt":"2026-02-21T23:40:26","guid":{"rendered":"https:\/\/www.europesays.com\/fr\/750831\/"},"modified":"2026-02-21T23:40:26","modified_gmt":"2026-02-21T23:40:26","slug":"une-personne-percutee-par-un-tgv-a-rennes-le-trafic-ferroviaire-vers-brest-perturbe","status":"publish","type":"post","link":"https:\/\/www.europesays.com\/fr\/750831\/","title":{"rendered":"Une personne percut\u00e9e par un TGV \u00e0 Rennes\u00a0: le trafic ferroviaire vers Brest perturb\u00e9"},"content":{"rendered":"<p>Un TGV qui effectuait la liaison Paris \u2013 Brest a percut\u00e9 une personne \u00e0 la hauteur de la rue Micheline Ostermeyer \u00e0 l\u2019ouest de Rennes, non loin de la rocade. L\u2019accident s\u2019est produit vers 18 h 50 alors que le train venait de repartir de la gare de Rennes, \u00e0 18 h 33. Les pompiers alert\u00e9s sont intervenus sur place. La personne est d\u00e9c\u00e9d\u00e9e dans le choc. La police \u00e9tait \u00e9galement sur les lieux afin de proc\u00e9der aux constatations d\u2019usage. Le TGV impliqu\u00e9 dans cet accident qui devait arriver \u00e0 Brest \u00e0 20 h 40 a pu reprendre son trajet vers 20 h 30. Un autre TGV et trois TER qui circulaient dans les deux sens de circulation ont \u00e9t\u00e9 impact\u00e9s par cet \u00e9v\u00e9nement et enregistraient environ deux heures de retard. Des boissons ont \u00e9t\u00e9 distribu\u00e9es aux clients contraints de patienter que leurs trains puissent repartir. La SNCF envisageait une reprise du trafic vers 21 h 30.<\/p>\n","protected":false},"excerpt":{"rendered":"Un TGV qui effectuait la liaison Paris \u2013 Brest a percut\u00e9 une personne \u00e0 la hauteur de la&hellip;\n","protected":false},"author":2,"featured_media":750832,"comment_status":"","ping_status":"","sticky":false,"template":"","format":"standard","meta":{"footnotes":"","_share_on_mastodon":"0"},"categories":[2821],"tags":[1111,11,829,765,1777,674,118,1011,27,848,12,584,25],"class_list":["post-750831","post","type-post","status-publish","format-standard","has-post-thumbnail","category-rennes","tag-actu","tag-actualites","tag-bretagne","tag-en-continu","tag-eu","tag-europe","tag-faits-divers","tag-fr","tag-france","tag-ille-et-vilaine","tag-news","tag-rennes","tag-republique-francaise"],"share_on_mastodon":{"url":"https:\/\/pubeurope.com\/@fr\/116111266593256690","error":""},"_links":{"self":[{"href":"https:\/\/www.europesays.com\/fr\/wp-json\/wp\/v2\/posts\/750831","targetHints":{"allow":["GET"]}}],"collection":[{"href":"https:\/\/www.europesays.com\/fr\/wp-json\/wp\/v2\/posts"}],"about":[{"href":"https:\/\/www.europesays.com\/fr\/wp-json\/wp\/v2\/types\/post"}],"author":[{"embeddable":true,"href":"https:\/\/www.europesays.com\/fr\/wp-json\/wp\/v2\/users\/2"}],"replies":[{"embeddable":true,"href":"https:\/\/www.europesays.com\/fr\/wp-json\/wp\/v2\/comments?post=750831"}],"version-history":[{"count":0,"href":"https:\/\/www.europesays.com\/fr\/wp-json\/wp\/v2\/posts\/750831\/revisions"}],"wp:featuredmedia":[{"embeddable":true,"href":"https:\/\/www.europesays.com\/fr\/wp-json\/wp\/v2\/media\/750832"}],"wp:attachment":[{"href":"https:\/\/www.europesays.com\/fr\/wp-json\/wp\/v2\/media?parent=750831"}],"wp:term":[{"taxonomy":"category","embeddable":true,"href":"https:\/\/www.europesays.com\/fr\/wp-json\/wp\/v2\/categories?post=750831"},{"taxonomy":"post_tag","embeddable":true,"href":"https:\/\/www.europesays.com\/fr\/wp-json\/wp\/v2\/tags?post=750831"}],"curies":[{"name":"wp","href":"https:\/\/api.w.org\/{rel}","templated":true}]}}