{"id":75084,"date":"2025-05-04T20:55:17","date_gmt":"2025-05-04T20:55:17","guid":{"rendered":"https:\/\/www.europesays.com\/fr\/75084\/"},"modified":"2025-05-04T20:55:17","modified_gmt":"2025-05-04T20:55:17","slug":"cette-nouvelle-serie-du-top-netflix-a-seduit-les-internautes","status":"publish","type":"post","link":"https:\/\/www.europesays.com\/fr\/75084\/","title":{"rendered":"Cette nouvelle s\u00e9rie du top Netflix a s\u00e9duit les internautes"},"content":{"rendered":"<p>Mise en ligne sur <a href=\"https:\/\/www.programme-tv.net\/guide-netflix\/\" target=\"_blank\" rel=\"noopener\">la plateforme de streaming Netflix<\/a> le 17 avril dernier, cette s\u00e9rie a d\u00e9j\u00e0 s\u00e9duit les spectateurs qui sont nombreux \u00e0 partager leur enthousiasme sur les r\u00e9seaux sociaux. Adapt\u00e9e des romans \u00e9ponymes de Jodi Thomas, publi\u00e9s entre 2015 et 2019, <a href=\"https:\/\/www.programme-tv.net\/news\/series-tv\/376862-netflix-apres-virgin-river-la-serie-ransom-canyon-sera-votre-nouvelle-addiction-et-voici-pourquoi\/\" data-api-deeplink=\"teleloisirs:\/\/news\/376862\" target=\"_blank\" rel=\"noopener\">Ransom Canyon<\/a> s\u2019est install\u00e9e en haut du top Netflix. Un succ\u00e8s obtenu autant en France qu\u2019aux \u00c9tats-Unis. Si la s\u00e9rie a quelques accointances avec Yellowstone ou Virgin River, l\u2019un de ses com\u00e9diens, Jack Schumacher, qui joue le r\u00f4le de Yancy Grey, a indiqu\u00e9 aupr\u00e8s du site ScreenRant que <a href=\"https:\/\/www.programme-tv.net\/news\/series-tv\/377351-nous-ne-voulons-pas-etre-yellowstone-un-acteur-de-ransom-canyon-repond-aux-critiques\/\" data-api-deeplink=\"teleloisirs:\/\/news\/377351\" target=\"_blank\" rel=\"noopener\">Ransom Canyon \u00e9tait unique<\/a> : \u00ab\u00a0Ce qui me rend vraiment fier et enthousiaste avec Ransom Canyon, c&rsquo;est qu&rsquo;elle ne cherche pas \u00e0 ressembler \u00e0 Yellowstone. Elle ne cherche pas \u00e0 ressembler \u00e0 Virgin River\u00a0\u00bb, a-t-il not\u00e9, avant d\u2019ajouter : \u00ab\u00a0Je pense qu&rsquo;elle existe dans son propre monde. [\u2026] C&rsquo;est une excellente nouvelle s\u00e9rie ind\u00e9pendante dont je suis tr\u00e8s fier, et je pense que tous ceux qui y ont travaill\u00e9 seront tr\u00e8s, tr\u00e8s fiers.\u00a0\u00bb<\/p>\n<p><b>Nouvelle vie \u00e0 Ransom Canyon<\/b><b> : les internautes sont s\u00e9duits par cette s\u00e9rie Netflix qui leur rappelle <\/b><b>Yellowstone<\/b><\/p>\n<p>\u00c0 peine quelques jours apr\u00e8s sa mise en ligne sur Netflix, les internautes ont pris d\u2019assaut les r\u00e9seaux sociaux pour r\u00e9v\u00e9ler avoir \u00e9t\u00e9 s\u00e9duits par cette s\u00e9rie qui a chang\u00e9 quelques intrigues par rapport au livre, <a href=\"https:\/\/www.programme-tv.net\/news\/series-tv\/377077-ransom-canyon-netflix-cet-enorme-changement-sur-quinn-minka-kelly-et-son-terrible-secret-par-rapport-aux-livres-dans-la-serie\/\" data-api-deeplink=\"teleloisirs:\/\/news\/377077\" target=\"_blank\" rel=\"noopener\">comme pour Quinn et son secret<\/a>. \u00ab\u00a0J\u2019ai ador\u00e9 : on reste dans le m\u00eame genre que Yellowstone\u00a0\u00bb, \u00ab\u00a0Voil\u00e0, j\u2019ai fini la saison 1, total, j\u2019attends la saison 2 et la saison 5 de Yellowstone\u00a0\u00bb, \u00ab\u00a0J\u2019ai bien aim\u00e9\u00a0\u00bb, \u00ab\u00a0Je suis en train de la regarder. Pas mal pour l\u2019instant, \u00e0 voir par la suite\u00a0\u00bb, ou encore \u00ab\u00a0J\u2019ai ador\u00e9\u00a0\u00bb, ont notamment confi\u00e9 les internautes sur Facebook. De quoi rester optimiste pour un renouvellement de la s\u00e9rie. Si une saison 2 de Ransom Canyon est bien command\u00e9e par la plateforme de streaming, il ne faudra pas s\u2019attendre \u00e0 la voir sur les \u00e9crans avant 2026.<\/p>\n<p>                        <b>Nouvelle vie \u00e0 <\/b>Ransom Canyon : une saison 2 pour la s\u00e9rie de Netflix?<\/p>\n<p>Avec plus de 56 millions de visionnages apr\u00e8s sept jours de diffusion, Ransom Canyon pourrait bien avoir droit \u00e0 une saison 2 sur Netflix. En effet, la fin de la saison 1 de la s\u00e9rie, <a href=\"https:\/\/www.programme-tv.net\/news\/series-tv\/377105-ransom-canyon-netflix-la-ville-existe-t-elle-vraiment\/\" data-api-deeplink=\"teleloisirs:\/\/news\/377105\" target=\"_blank\" rel=\"noopener\">qui porte le nom d&rsquo;une ville des \u00c9tats-Unis<\/a> mais qui n\u2019a pas \u00e9t\u00e9 tourn\u00e9e sur place, est tr\u00e8s ouverte et, d\u2019apr\u00e8s le site am\u00e9ricain Deadline, le casting serait tout \u00e0 fait partant pour rempiler pour une saison 2. April Blair, la cr\u00e9atrice de la s\u00e9rie, a \u00e9galement r\u00e9v\u00e9l\u00e9 que de nouveaux \u00e9pisodes \u00e9taient en cours d\u2019\u00e9criture, tandis que Jack Schumacher a not\u00e9 aupr\u00e8s de <a href=\"https:\/\/www.dexerto.fr\/films-series\/nouvelle-vie-ransom-canyon-saison-2-mauvais-signe-yancy-1609113\/\" target=\"_blank\" rel=\"noopener\">Dexerto<\/a> \u00eatre \u00ab\u00a0au courant de certaines choses qu\u2019on nous concocte [pour la saison 2]\u00a0\u00bb. N\u00e9anmoins, Netflix n\u2019a pas encore donn\u00e9 son feu vert pour le moment.<\/p>\n<p>Article \u00e9crit avec la collaboration de 6Medias<\/p>\n","protected":false},"excerpt":{"rendered":"Mise en ligne sur la plateforme de streaming Netflix le 17 avril dernier, cette s\u00e9rie a d\u00e9j\u00e0 s\u00e9duit&hellip;\n","protected":false},"author":2,"featured_media":75085,"comment_status":"","ping_status":"","sticky":false,"template":"","format":"standard","meta":{"footnotes":""},"categories":[1356],"tags":[244,58,59,1011,27,127,17977,1722,1721,4496,129,252,1364],"class_list":{"0":"post-75084","1":"post","2":"type-post","3":"status-publish","4":"format-standard","5":"has-post-thumbnail","7":"category-television","8":"tag-commentaire","9":"tag-divertissement","10":"tag-entertainment","11":"tag-fr","12":"tag-france","13":"tag-netflix","14":"tag-nouvelle-vie-u00e0-ransom-canyon","15":"tag-pub-streaming-netflix","16":"tag-su00e9rie-netflix","17":"tag-superstream","18":"tag-svod","19":"tag-television","20":"tag-tv"},"share_on_mastodon":{"url":"https:\/\/pubeurope.com\/@fr\/114451560743471733","error":""},"_links":{"self":[{"href":"https:\/\/www.europesays.com\/fr\/wp-json\/wp\/v2\/posts\/75084","targetHints":{"allow":["GET"]}}],"collection":[{"href":"https:\/\/www.europesays.com\/fr\/wp-json\/wp\/v2\/posts"}],"about":[{"href":"https:\/\/www.europesays.com\/fr\/wp-json\/wp\/v2\/types\/post"}],"author":[{"embeddable":true,"href":"https:\/\/www.europesays.com\/fr\/wp-json\/wp\/v2\/users\/2"}],"replies":[{"embeddable":true,"href":"https:\/\/www.europesays.com\/fr\/wp-json\/wp\/v2\/comments?post=75084"}],"version-history":[{"count":0,"href":"https:\/\/www.europesays.com\/fr\/wp-json\/wp\/v2\/posts\/75084\/revisions"}],"wp:featuredmedia":[{"embeddable":true,"href":"https:\/\/www.europesays.com\/fr\/wp-json\/wp\/v2\/media\/75085"}],"wp:attachment":[{"href":"https:\/\/www.europesays.com\/fr\/wp-json\/wp\/v2\/media?parent=75084"}],"wp:term":[{"taxonomy":"category","embeddable":true,"href":"https:\/\/www.europesays.com\/fr\/wp-json\/wp\/v2\/categories?post=75084"},{"taxonomy":"post_tag","embeddable":true,"href":"https:\/\/www.europesays.com\/fr\/wp-json\/wp\/v2\/tags?post=75084"}],"curies":[{"name":"wp","href":"https:\/\/api.w.org\/{rel}","templated":true}]}}