{"id":750874,"date":"2026-02-22T00:06:27","date_gmt":"2026-02-22T00:06:27","guid":{"rendered":"https:\/\/www.europesays.com\/fr\/750874\/"},"modified":"2026-02-22T00:06:27","modified_gmt":"2026-02-22T00:06:27","slug":"le-royaume-uni-sattend-a-maintenir-des-echanges-commerciaux-favorables-avec-les-etats-unis-apres-la-decision-de-la-cour-supreme","status":"publish","type":"post","link":"https:\/\/www.europesays.com\/fr\/750874\/","title":{"rendered":"Le Royaume-Uni s&rsquo;attend \u00e0 maintenir des \u00e9changes commerciaux favorables avec les \u00c9tats-Unis apr\u00e8s la d\u00e9cision de la Cour supr\u00eame"},"content":{"rendered":"<p>                    La Grande-Bretagne pr\u00e9voit que sa position commerciale privil\u00e9gi\u00e9e avec les \u00c9tats-Unis se maintiendra apr\u00e8s que la Cour supr\u00eame am\u00e9ricaine a annul\u00e9 les droits de douane g\u00e9n\u00e9ralis\u00e9s impos\u00e9s par le pr\u00e9sident Donald Trump, a d\u00e9clar\u00e9 le gouvernement vendredi.<\/p>\n<p>En avril de l&rsquo;ann\u00e9e derni\u00e8re, Donald Trump avait annonc\u00e9 des droits de douane \u00ab\u00a0r\u00e9ciproques\u00a0\u00bb sur les produits import\u00e9s depuis la plupart des partenaires commerciaux des \u00c9tats-Unis, dont la Grande-Bretagne, en invoquant l&rsquo;International Emergency Economic Powers Act (IEEPA). Vendredi, la Cour supr\u00eame a jug\u00e9 que l&rsquo;utilisation de l&rsquo;IEEPA par Trump d\u00e9passait le cadre de ses pouvoirs.<\/p>\n<p>Le tarif de base auquel la Grande-Bretagne \u00e9tait soumise dans le cadre de ces droits de douane r\u00e9ciproques \u00e9tait de 10%.<\/p>\n<p>Cependant, la d\u00e9cision de vendredi n&rsquo;affectera pas la majorit\u00e9 des \u00e9changes bilat\u00e9raux relevant de l&rsquo;accord tarifaire distinct conclu entre la Grande-Bretagne et Washington<\/p>\n<p>, qui concerne principalement des droits sectoriels sp\u00e9cifiques relevant de diff\u00e9rentes comp\u00e9tences am\u00e9ricaines.<\/p>\n<p>\u00ab\u00a0Le Royaume-Uni b\u00e9n\u00e9ficie des droits de douane r\u00e9ciproques les plus bas au monde et, quel que soit le sc\u00e9nario, nous nous attendons \u00e0 ce que notre position commerciale privil\u00e9gi\u00e9e avec les \u00c9tats-Unis perdure\u00a0\u00bb, a d\u00e9clar\u00e9 un porte-parole du gouvernement britannique dans un communiqu\u00e9.<\/p>\n<p>\u00ab\u00a0Nous travaillerons avec l&rsquo;administration am\u00e9ricaine pour comprendre comment la d\u00e9cision affectera les droits de douane pour le Royaume-Uni et le reste du monde.\u00a0\u00bb<\/p>\n<p>Le porte-parole a ajout\u00e9 que le gouvernement soutiendrait les entreprises britanniques lorsque davantage de d\u00e9tails seraient communiqu\u00e9s.<\/p>\n<p>William Bain, responsable du commerce \u00e0 la British Chambers of Commerce (BCC), a estim\u00e9 que la d\u00e9cision \u00ab\u00a0n&rsquo;\u00e9claircissait gu\u00e8re la situation complexe pour les entreprises\u00a0\u00bb.<\/p>\n<p>Il reste \u00e9galement incertain de savoir comment les entreprises am\u00e9ricaines pourraient r\u00e9cup\u00e9rer les droits de douane pay\u00e9s et si les entreprises britanniques auraient droit \u00e0 une part d&rsquo;un \u00e9ventuel remboursement, a pr\u00e9cis\u00e9 Bain.<\/p>\n<p>\u00ab\u00a0Pour le Royaume-Uni, la priorit\u00e9 reste de r\u00e9duire les droits de douane partout o\u00f9 cela est possible\u00a0\u00bb, a-t-il ajout\u00e9, citant un accord visant \u00e0 diminuer les droits sur l&rsquo;acier dans le cadre du partenariat tarifaire am\u00e9ricano-britannique, qui n&rsquo;a pas encore \u00e9t\u00e9 appliqu\u00e9.<\/p>\n<p>\u00ab\u00a0Tout avantage concurrentiel que nous pourrons obtenir contribuera probablement \u00e0 stimuler nos exportations vers le pays avec lequel nous r\u00e9alisons le plus d&rsquo;\u00e9changes au monde.\u00a0\u00bb<\/p>\n","protected":false},"excerpt":{"rendered":"La Grande-Bretagne pr\u00e9voit que sa position commerciale privil\u00e9gi\u00e9e avec les \u00c9tats-Unis se maintiendra apr\u00e8s que la Cour supr\u00eame&hellip;\n","protected":false},"author":2,"featured_media":750875,"comment_status":"","ping_status":"","sticky":false,"template":"","format":"standard","meta":{"footnotes":"","_share_on_mastodon":"0"},"categories":[1588],"tags":[11,340,1777,674,12,473,1853,1851,1850,1852],"class_list":["post-750874","post","type-post","status-publish","format-standard","has-post-thumbnail","category-royaume-uni","tag-actualites","tag-bourse","tag-eu","tag-europe","tag-news","tag-royaume-uni","tag-royaume-uni-de-grande-bretagne-et-dirlande-du-nord","tag-uk","tag-united-kingdom","tag-united-kingdom-of-great-britain-and-northern-ireland"],"share_on_mastodon":{"url":"https:\/\/pubeurope.com\/@fr\/116111369051377172","error":""},"_links":{"self":[{"href":"https:\/\/www.europesays.com\/fr\/wp-json\/wp\/v2\/posts\/750874","targetHints":{"allow":["GET"]}}],"collection":[{"href":"https:\/\/www.europesays.com\/fr\/wp-json\/wp\/v2\/posts"}],"about":[{"href":"https:\/\/www.europesays.com\/fr\/wp-json\/wp\/v2\/types\/post"}],"author":[{"embeddable":true,"href":"https:\/\/www.europesays.com\/fr\/wp-json\/wp\/v2\/users\/2"}],"replies":[{"embeddable":true,"href":"https:\/\/www.europesays.com\/fr\/wp-json\/wp\/v2\/comments?post=750874"}],"version-history":[{"count":0,"href":"https:\/\/www.europesays.com\/fr\/wp-json\/wp\/v2\/posts\/750874\/revisions"}],"wp:featuredmedia":[{"embeddable":true,"href":"https:\/\/www.europesays.com\/fr\/wp-json\/wp\/v2\/media\/750875"}],"wp:attachment":[{"href":"https:\/\/www.europesays.com\/fr\/wp-json\/wp\/v2\/media?parent=750874"}],"wp:term":[{"taxonomy":"category","embeddable":true,"href":"https:\/\/www.europesays.com\/fr\/wp-json\/wp\/v2\/categories?post=750874"},{"taxonomy":"post_tag","embeddable":true,"href":"https:\/\/www.europesays.com\/fr\/wp-json\/wp\/v2\/tags?post=750874"}],"curies":[{"name":"wp","href":"https:\/\/api.w.org\/{rel}","templated":true}]}}