{"id":750876,"date":"2026-02-22T00:07:18","date_gmt":"2026-02-22T00:07:18","guid":{"rendered":"https:\/\/www.europesays.com\/fr\/750876\/"},"modified":"2026-02-22T00:07:18","modified_gmt":"2026-02-22T00:07:18","slug":"allemagne-1932-france-2026-lyon-12-fevrier-2026-lhorreur","status":"publish","type":"post","link":"https:\/\/www.europesays.com\/fr\/750876\/","title":{"rendered":"Allemagne 1932 \u2013 France 2026 &#8211; Lyon, 12 f\u00e9vrier 2026 : l\u2019horreur"},"content":{"rendered":"<p>        <b><br \/>\n    <\/b><\/p>\n<p>21 f\u00e9vrier 2026. \u00c0 Lyon, un jeune homme a \u00e9t\u00e9 jet\u00e9 \u00e0 terre par plusieurs hommes cagoul\u00e9s et arm\u00e9s. Sa t\u00eate a \u00e9t\u00e9 \u00e9cras\u00e9e \u00e0 coups de pied. Son crime\u00a0? Il appartenait \u00e0 un camp politique adverse de celui de ses bourreaux. Le plus cruel est que ceux-ci continuent de b\u00e9n\u00e9ficier du soutien du parti politique qui les a parrain\u00e9s. Le rapprochement est imm\u00e9diat avec un autre crime, le 9 ao\u00fbt 1932, qu\u2019un grand historien du nazisme vient de remettre en lumi\u00e8re.<\/p>\n<p><img decoding=\"async\" alt=\"Quentin Deranque victime de ses bourreaux (12 f\u00e9vrier 2026)\" class=\"droite\" src=\"https:\/\/www.europesays.com\/fr\/wp-content\/uploads\/2026\/02\/quentin-tf1-20260212.png\" style=\"float: right; width: 30%;\" title=\"Quentin Deranque victime de ses bourreaux (12 f\u00e9vrier 2026)\" loading=\"lazy\"\/>Rappelons les faits\u00a0: ce jeudi 12 f\u00e9vrier 2026, l\u2019\u00e9cole Sciences Po Lyon accueillait Rima Hassan, une militante palestinienne n\u00e9e 33 ans plus t\u00f4t dans un camp en Syrie et entr\u00e9e au Parlement europ\u00e9en en 2024 sur la liste de La France Insoumise (LFI). Ses propos sur les femmes et les juifs indignent une bonne partie des citoyennes et citoyens engag\u00e9s en politique, tant \u00e0 droite qu\u2019\u00e0 gauche. C\u2019est pourquoi la police avait \u00e9t\u00e9 mobilis\u00e9e lors de sa venue en raison de \u00ab\u00a0risque de troubles \u00e0 l\u2019ordre public\u00a0\u00bb.<\/p>\n<p>Derri\u00e8re l\u2019\u00e9cole, en soutien aux femmes opprim\u00e9es en Afghanistan et ailleurs, une poign\u00e9e de militantes f\u00e9ministes de la droite radicale avaient d\u00e9ploy\u00e9 une banderole d\u00e9non\u00e7ant \u00ab\u00a0l\u2019islamo-gauchisme\u00a0\u00bb. \u00c0 petite distance, une poign\u00e9e de jeunes gens, parmi lesquels la future victime Quentin Deranque, se tenaient pr\u00eats \u00e0 intervenir au cas o\u00f9 elles seraient agress\u00e9es.<\/p>\n<p>L\u00e0-dessus, la police est appel\u00e9e \u00e0 intervenir sur un autre site lyonnais o\u00f9 a \u00e9t\u00e9 signal\u00e9e une intrusion par un groupe de militants de l\u2019ultragauche, dits \u00ab\u00a0antifas\u00a0\u00bb pour \u00ab\u00a0antifascistes\u00a0\u00bb.<\/p>\n<p><img decoding=\"async\" alt=\"Un Juif humili\u00e9 par des miliciens lituaniens \u00e0 Lodz (1942 ou 1943)\" class=\"gauche\" src=\"https:\/\/www.europesays.com\/fr\/wp-content\/uploads\/2026\/02\/juif-lituanie.jpg\" style=\"float: left; width: 30%;\" title=\"Un Juif humili\u00e9 par des miliciens lituaniens \u00e0 Lodz (1942 ou 1943)\" loading=\"lazy\"\/>Derri\u00e8re Sciences Po Lyon, un autre groupe d\u2019antifas en profite pour se jeter sur les militantes f\u00e9ministes avant de se lancer \u00e0 la poursuite des jeunes gens qui tentaient de les prot\u00e9ger. L\u2019un d\u2019eux est rattrap\u00e9 et l\u2019on conna\u00eet h\u00e9las la suite.<\/p>\n<p>Cette violence aveugle et barbare a sid\u00e9r\u00e9 l\u2019opinion publique et moi-m\u00eame. J\u2019ai imm\u00e9diatement fait le rapprochement avec une image qui fait l\u2019ouverture du dossier Herodote.net sur <a href=\"https:\/\/www.herodote.net\/Aux_origines_du_genocide-synthese-334.php\" rel=\"nofollow noopener\" target=\"_blank\">la Shoah<\/a>.<\/p>\n<p>Cela se passe en Lituanie, pendant l\u2019occupation allemande, et l\u2019on y voit des hommes frapper \u00e0 coups de pied un vieux Juif \u00e0 terre sous le regard hilare de quelques nazis en uniforme\u2026<\/p>\n<p>\u00c9craser la \u00ab\u00a0vermine\u00a0\u00bb\n<\/p>\n<p>Les rixes entre jeunes hommes se rencontrent dans toutes les soci\u00e9t\u00e9s humaines. Elles ont valeur initiatique. Les gar\u00e7ons se \u00ab\u00a0castagnent\u00a0\u00bb \u00e0 coups de poing \u00e0 Toulouse (Claude Nougaro, \u00d4 Toulouse) comme \u00e0 New York (<a href=\"https:\/\/www.herodote.net\/Guerre_des_gangs_a_New_York-article-2772.php\" rel=\"nofollow noopener\" target=\"_blank\">West Side Story<\/a>) pour attester de leur virilit\u00e9 et en remontrer aux filles.<\/p>\n<p>Dans nos d\u00e9mocraties, chez les \u00e9tudiants issus de la bourgeoisie moyenne, de culture chr\u00e9tienne ou juive, ces rixes testost\u00e9ron\u00e9es se parent de motifs vaguement politiques. Parfois h\u00e9las, elles tournent mal. Ce fut le cas le 5 juin 2013 avec Claude M\u00e9ric, un jeune antifa victime d\u2019un mauvais coup port\u00e9 par un skinhead. Indiff\u00e9rents \u00e0 la politique, les jeunes prol\u00e9taires pr\u00e9f\u00e8rent quant \u00e0 eux s\u2019affronter le samedi soir dans les stades de foot et \u00e0 leurs alentours. C\u2019est PSG contre l\u2019OM.<\/p>\n<p>Le meurtre de Quentin Deranque se distingue de ces combats \u00ab\u00a0d\u2019homme \u00e0 homme\u00a0\u00bb somme toute universels. Les brutes qui ont frapp\u00e9 le jeune homme \u00e0 terre l\u2019ont d\u00e9shumanis\u00e9 comme les miliciens nazis de la Sturmabteilung (SA) d\u00e9shumanisaient les Juifs. Ils les frappaient \u00e0 coup de pieds comme on \u00e9crase la \u00ab\u00a0vermine\u00a0\u00bb (Ungeziefer), mot par lequel les nazis d\u00e9signaient les Juifs, et aucun ne se serait abaiss\u00e9 \u00e0 combattre un Juif poing \u00e0 poing.<\/p>\n<p>Les bourreaux retournent l\u2019accusation contre la victime<\/p>\n<p>Par leur inhumanit\u00e9 et leur l\u00e2chet\u00e9 absolues, les bourreaux de Lyon auraient d\u00fb \u00eatre vou\u00e9s \u00e0 la vindicte unanime de la classe politique. Il n\u2019en a rien \u00e9t\u00e9.<\/p>\n<p>Jean-Luc M\u00e9lenchon, qui fait figure de L\u00edder M\u00e1ximo de LFI, a \u00e9t\u00e9 imm\u00e9diatement mis en cause pour ses accointances avec les activistes de Lyon. \u00a0Il s\u2019est d\u00e9fendu en assurant que son parti n\u2019avait rien \u00e0 voir avec \u00ab\u00a0cette histoire\u00a0\u00bb, le lynchage d\u2019un jeune homme de 23 ans.<\/p>\n<p>L\u00e0-dessus, diff\u00e9rents repr\u00e9sentants de la gauche mod\u00e9r\u00e9e et de l\u2019intelligentsia ont qualifi\u00e9 de \u00ab\u00a0n\u00e9onazi\u00a0\u00bb la victime, une fa\u00e7on de d\u00e9douaner les meurtriers en sugg\u00e9rant qu\u2019il avait eu ce qu\u2019il m\u00e9ritait.<\/p>\n<p>\u00c0 ce qu\u2019on sait, ledit Quentin avait fr\u00e9quent\u00e9 dans son adolescence <a href=\"https:\/\/www.herodote.net\/7_cles_pour_comprendre-synthese-2277.php\" rel=\"nofollow noopener\" target=\"_blank\">Action fran\u00e7aise<\/a>, un mouvement autrefois tr\u00e8s influent et aujourd\u2019hui r\u00e9siduel, royaliste, un tantinet antis\u00e9mite, nationaliste et farouchement germanophobe et antinazi. Il y a quatre ans, il \u00e9tait revenu au catholicisme de son enfance. Avec ferveur, il s\u2019\u00e9tait plong\u00e9 dans la lecture des grands auteurs de l\u2019\u00c9glise et portait volontiers secours aux sans-abris de sa ville dans le cadre de \u00ab\u00a0maraudes\u00a0\u00bb vesp\u00e9rales. En m\u00eame temps, en marge de ses \u00e9tudes de maths, il continuait de fr\u00e9quenter les cercles nationalistes et identitaires sans jamais, semble-t-il, avoir particip\u00e9 \u00e0 des combats de rues. Autant dire que si tous les \u00ab\u00a0n\u00e9onazis\u00a0\u00bb \u00e9taient comme lui, nous pourrions dormir tranquilles.<\/p>\n<p>En m\u00eame temps, LFI s\u2019est appliqu\u00e9 \u00e0 montrer que l\u2019extr\u00eame-droite reste beaucoup plus dangereuse que son pendant de gauche. \u00ab\u00a0Depuis 2022 dans ce pays, l&rsquo;extr\u00eame droite \u2013 des groupes li\u00e9s \u00e0 l&rsquo;extr\u00eame droite, des militants identitaires comme on dit \u2013 a tu\u00e9 12 personnes,\u00a0\u00bb a lanc\u00e9 Manuel Bompard, lieutenant de Jean-Luc M\u00e9lenchon. \u00a0<\/p>\n<p>Ces chiffres viennent de sociologues qui attribuent tout bonnement \u00e0 l\u2019extr\u00eame-droite tous les crimes qui impliquent des victimes \u00ab\u00a0racis\u00e9es\u00a0\u00bb et des tueurs b\u00eatement racistes. Ainsi d\u2019un <a href=\"https:\/\/www.herodote.net\/almanach-ID-3737.php\" rel=\"nofollow noopener\" target=\"_blank\">jeune Malien<\/a> tu\u00e9 dans une mosqu\u00e9e par un Rom \u00e0 moiti\u00e9 musulman et \u00e0 la nationalit\u00e9 incertaine, au motif que celui-ci voulait \u00ab\u00a0se faire un Noir\u00a0\u00bb. Aucun de ces faits divers sordides ne met en cause un groupe d\u2019activistes, encore moins un parti politique (<a href=\"https:\/\/www.radiofrance.fr\/franceinfo\/podcasts\/le-vrai-ou-faux\/le-vrai-ou-faux-du-vendredi-20-fevrier-2026-4416671\" target=\"_blank\" rel=\"nofollow noopener\">source<\/a>).<\/p>\n<p>Mais tr\u00e8s vite, la campagne a d\u00e9rap\u00e9 quand l\u2019enqu\u00eate de police a montr\u00e9 l\u2019implication directe dans le meurtre d\u2019une organisation tr\u00e8s proche de LFI et nagu\u00e8re encens\u00e9e par Jean-Luc M\u00e9lenchon lui-m\u00eame\u00a0: la \u00ab\u00a0Jeune Garde antifasciste\u00a0\u00bb.<\/p>\n<p>Cette organisation compte aujourd\u2019hui cent \u00e0 deux cents militants. Elle a \u00e9t\u00e9 fond\u00e9e \u00e0 Lyon en 2018 par un d\u00e9nomm\u00e9 Rapha\u00ebl Archenault qui a choisi de se faire appeler \u00ab\u00a0Arnault\u00a0\u00bb (pour \u00e9viter l\u2019opprobre \u00e0 sa famille\u00a0?). Fich\u00e9 S (abr\u00e9viation de \u00ab\u00a0s\u00fbret\u00e9 de l\u2019\u00c9tat\u00a0\u00bb) en raison de ses m\u00e9faits pass\u00e9s et de ses liens avec le narcotrafic, il a acc\u00e9d\u00e9 \u00e0 la notori\u00e9t\u00e9 en se faisant \u00e9lire d\u00e9put\u00e9 du Vaucluse en 2022, sous les couleurs de LFI, face \u00e0 la d\u00e9put\u00e9e sortante du Rassemblement National (RN) et gr\u00e2ce \u00e0 un \u00ab\u00a0front r\u00e9publicain\u00a0\u00bb allant de la droite \u00e0 l\u2019extr\u00eame-gauche.<\/p>\n<p>Devenu d\u00e9put\u00e9, Archenault-Arnault a quitt\u00e9 officiellement la Jeune Garde tout en recrutant comme assistants parlementaires et comme stagiaire trois de ses membres, lesquels sont aujourd\u2019hui inculp\u00e9s ou mis en cause dans le drame du 12 f\u00e9vrier pour avoir eux-m\u00eames port\u00e9 des coups \u00e0 la victime.<\/p>\n<p>Confront\u00e9 \u00e0 ces donn\u00e9es factuelles, tout homme politique normal, dans une d\u00e9mocratie normale, aurait pris ses distances avec l\u2019organisation et son fondateur. Jean-Luc M\u00e9lenchon n\u2019en a rien fait et, bien au contraire, a r\u00e9it\u00e9r\u00e9 son soutien \u00e0 Archenault-Arnault.<\/p>\n<p>Son attitude est conforme \u00e0 la d\u00e9marche r\u00e9volutionnaire et insurrectionnelle qu\u2019il revendique. Plus gravement, elle rappelle un troublant pr\u00e9c\u00e9dent mis en lumi\u00e8re par Johann Chapoutot.<\/p>\n<p>Retournements de l\u2019Histoire<\/p>\n<p>Par une stup\u00e9fiante co\u00efncidence, quelques jours avant le drame de Lyon, le grand historien du nazisme a r\u00e9\u00e9dit\u00e9 au format de poche un essai qu\u2019il avait publi\u00e9 en 2010 sous le titre\u00a0: Le meurtre de Weimar (PUF, 2026, 158 pages, 10\u20ac). Il raconte un meurtre sordide \u00e0 Potempa, bourgade de Haute-Sil\u00e9sie, le 9 ao\u00fbt 1932.<\/p>\n<p>Cinq SA avin\u00e9s entrent en pleine nuit chez un jeune syndicaliste communiste du nom de Konrad Pietzuch et le rouent de coups jusqu\u2019\u00e0 le tuer. Les meurtriers sont prestement arr\u00eat\u00e9s, jug\u00e9s et condamn\u00e9s \u00e0 mort par la justice allemande. Mais leur chef Adolf Hitler refuse de condamner leur acte, si l\u00e2che qu\u2019il f\u00fbt, et obtient du gouvernement qu\u2019il commue leur peine, en violation de l\u2019\u00c9tat de droit et de la s\u00e9paration des pouvoirs.<\/p>\n<p>Johann Chapoutot voit dans ce recul du pouvoir la premi\u00e8re d\u2019une longue s\u00e9rie de concessions qui vont mener au IIIe Reich. Il \u00e9crit\u00a0: \u00ab\u00a0Ce fait divers, et sa prise en charge par la hi\u00e9rarchie nazie, donnait \u00e0 voir l\u2019inversion de la r\u00e9alit\u00e9 si symptomatique de cette culture politique\u00a0: autovictimisation syst\u00e9matique, j\u00e9r\u00e9miades sans fin, auto-apitoiement inlassable, accusations tous azimuts contre une justice partiale, un \u00c9tat oppresseur, une gauche sanguinaire \u00e0 qui la responsabilit\u00e9 de l\u2019agression et de la violence \u00e9tait toujours attribu\u00e9e\u00a0\u00bb (pages 16-17).<\/p>\n<p>Remplacez \u00ab\u00a0nazie\u00a0\u00bb par LFI et \u00ab\u00a0gauche\u00a0\u00bb par \u00ab\u00a0extr\u00eame-droite\u00a0\u00bb et vous avez la description exacte de la situation politique dans la France de 2026. Tout y est au mot pr\u00e8s.<\/p>\n<p>Johann Chapoutot et le \u00ab\u00a0syndrome de B\u00e9n\u00e8s\u00a0\u00bb\n<\/p>\n<p>Le grand historien du nazisme a bien d\u00e9crit le caract\u00e8re r\u00e9versible de l&rsquo;accession de Hitler \u00e0 la dictature. Il a \u00e9t\u00e9 rendu possible par les erreurs de jugement des uns et des autres (sous-\u00e9valuation par von Papen de l&rsquo;habilet\u00e9 man\u0153uvri\u00e8re de Hitler) et \u00e9galement par des hasards malheureux (Br\u00fcning gripp\u00e9 quand on aurait eu besoin de lui).<br \/>Malheureusement aveugl\u00e9 par son engagement inconditionnel \u00e0 gauche de la gauche, Johann Chapoutot perd la hauteur de vue n\u00e9cessaire \u00e0 l&rsquo;historien pour d\u00e9m\u00ealer l&rsquo;\u00e9cheveau de l&rsquo;actualit\u00e9.\u00a0 C&rsquo;est ainsi que, dressant un parall\u00e8le entre l&rsquo;Allemagne de 1932 et la France de 2026, il peint le RN de Bardella-Le Pen dans la couleur brune du NSDAP de Hitler et ne veut rien envisager d&rsquo;autre.<br \/>Il est en cela victime d&rsquo;une erreur h\u00e9las fr\u00e9quente pour qui s&rsquo;en tient \u00e0 une vision univoque de l\u2019Histoire, ce que j\u2019appelle le \u00ab\u00a0syndrome de B\u00e9n\u00e8s\u00a0\u00bb du nom d\u2019<a href=\"https:\/\/www.herodote.net\/Un_chef_politique_deux_fois_aveugle_par_l_Histoire-synthese-3648.php\" rel=\"nofollow noopener\" target=\"_blank\">\u00c9douard B\u00e9n\u00e8s<\/a>, un leader tch\u00e8que (1884-1948) qui se laissa \u00e0 deux reprises aveugler par le pass\u00e9 et ne saisit pas les retournements de l\u2019Histoire, pour son malheur et celui de son pays.<\/p>\n<p>Andr\u00e9 Laran\u00e9<\/p>\n<p>Publi\u00e9 ou mis \u00e0 jour le : 2026-02-22 00:23:35<\/p>\n","protected":false},"excerpt":{"rendered":"21 f\u00e9vrier 2026. \u00c0 Lyon, un jeune homme a \u00e9t\u00e9 jet\u00e9 \u00e0 terre par plusieurs hommes cagoul\u00e9s et&hellip;\n","protected":false},"author":2,"featured_media":750877,"comment_status":"","ping_status":"","sticky":false,"template":"","format":"standard","meta":{"footnotes":"","_share_on_mastodon":"0"},"categories":[1587],"tags":[11,672,1804,1805,1803,1777,674,1801,12,1802],"class_list":["post-750876","post","type-post","status-publish","format-standard","has-post-thumbnail","category-allemagne","tag-actualites","tag-allemagne","tag-bundesrepublik-deutschland","tag-de","tag-deutschland","tag-eu","tag-europe","tag-germany","tag-news","tag-republique-federale-dallemagne"],"share_on_mastodon":{"url":"https:\/\/pubeurope.com\/@fr\/116111372936254304","error":""},"_links":{"self":[{"href":"https:\/\/www.europesays.com\/fr\/wp-json\/wp\/v2\/posts\/750876","targetHints":{"allow":["GET"]}}],"collection":[{"href":"https:\/\/www.europesays.com\/fr\/wp-json\/wp\/v2\/posts"}],"about":[{"href":"https:\/\/www.europesays.com\/fr\/wp-json\/wp\/v2\/types\/post"}],"author":[{"embeddable":true,"href":"https:\/\/www.europesays.com\/fr\/wp-json\/wp\/v2\/users\/2"}],"replies":[{"embeddable":true,"href":"https:\/\/www.europesays.com\/fr\/wp-json\/wp\/v2\/comments?post=750876"}],"version-history":[{"count":0,"href":"https:\/\/www.europesays.com\/fr\/wp-json\/wp\/v2\/posts\/750876\/revisions"}],"wp:featuredmedia":[{"embeddable":true,"href":"https:\/\/www.europesays.com\/fr\/wp-json\/wp\/v2\/media\/750877"}],"wp:attachment":[{"href":"https:\/\/www.europesays.com\/fr\/wp-json\/wp\/v2\/media?parent=750876"}],"wp:term":[{"taxonomy":"category","embeddable":true,"href":"https:\/\/www.europesays.com\/fr\/wp-json\/wp\/v2\/categories?post=750876"},{"taxonomy":"post_tag","embeddable":true,"href":"https:\/\/www.europesays.com\/fr\/wp-json\/wp\/v2\/tags?post=750876"}],"curies":[{"name":"wp","href":"https:\/\/api.w.org\/{rel}","templated":true}]}}