{"id":75090,"date":"2025-05-04T21:00:09","date_gmt":"2025-05-04T21:00:09","guid":{"rendered":"https:\/\/www.europesays.com\/fr\/75090\/"},"modified":"2025-05-04T21:00:09","modified_gmt":"2025-05-04T21:00:09","slug":"guillaume-et-noemie-de-lamour-est-dans-le-pre-annoncent-un-heureux-evenement","status":"publish","type":"post","link":"https:\/\/www.europesays.com\/fr\/75090\/","title":{"rendered":"Guillaume et No\u00e9mie de \u00ab\u00a0L&rsquo;amour est dans le pr\u00e9\u00a0\u00bb annoncent un heureux \u00e9v\u00e8nement"},"content":{"rendered":"<p>C\u2019est une belle histoire d\u2019amour n\u00e9e devant les cam\u00e9ras qui prend aujourd\u2019hui une nouvelle tournure. Guillaume et No\u00e9mie, r\u00e9v\u00e9l\u00e9s dans <strong>la saison 17<\/strong> de L\u2019amour est dans le pr\u00e9, <strong>vont bient\u00f4t devenir parents<\/strong>.<\/p>\n<p>Les deux anciens candidats, tr\u00e8s soud\u00e9s <strong>malgr\u00e9 les \u00e9preuves<\/strong>, ont partag\u00e9 la nouvelle sur Instagram ce dimanche 4 mai. Un moment \u00e9mouvant qui a touch\u00e9 les fans de l\u2019\u00e9mission et rappel\u00e9 la magie du programme.<\/p>\n<p>Guillaume et No\u00e9mie de L\u2019amour est dans le pr\u00e9, bient\u00f4t parents<\/p>\n<p>Depuis leur rencontre <strong>en 2022<\/strong>, Guillaume et No\u00e9mie forment <strong>un couple discret<\/strong> mais solide. S\u2019ils ont connu des hauts <a href=\"https:\/\/www.public.fr\/lamour-est-dans-le-pre-ludovic-et-la-triste-annonce-sa-nouvelle-compagne-atteinte-dune-maladie-hereditaire-et-incurable\" target=\"_blank\" rel=\"noopener\">et des bas<\/a>, leur amour n\u2019a jamais flanch\u00e9. Cette grossesse vient couronner <strong>trois ann\u00e9es de complicit\u00e9<\/strong>, de tendresse et de projets communs.<\/p>\n<p>Sur les r\u00e9seaux sociaux, les amoureux ont annonc\u00e9 la nouvelle avec \u00e9motion. En l\u00e9gende de l\u2019\u00e9chographie de leur futur b\u00e9b\u00e9, ils \u00e9crivent : \u201cOn a r\u00e9ussi \u00e0 cr\u00e9er un petit \u00eatre <strong>qui nous comble d\u00e9j\u00e0<\/strong>.\u201d<\/p>\n<p>Une d\u00e9claration qui <strong>a \u00e9mu leurs abonn\u00e9s<\/strong> et les fid\u00e8les du programme de M6. Le b\u00e9b\u00e9 devrait pointer le bout de son nez <strong>\u00e0 l\u2019automne<\/strong>, selon les indices laiss\u00e9s par No\u00e9mie dans une autre publication.<\/p>\n<p><img loading=\"lazy\" decoding=\"async\" width=\"578\" height=\"1024\" src=\"https:\/\/www.europesays.com\/fr\/wp-content\/uploads\/2025\/05\/d8393335-e8e6-432f-a6a2-fac1ce58d016-578x1024.jpg\" alt=\"Capture \u00e9cran story Instagram @ornoemie\"  \/><\/p>\n<p>Une histoire d\u2019amour n\u00e9e dans L\u2019amour est dans le pr\u00e9<\/p>\n<p>Guillaume, \u00e9leveur dans le Limousin, avait \u00e9t\u00e9 <strong>particuli\u00e8rement touch\u00e9<\/strong> par la lettre de No\u00e9mie lors du tournage. La photo de son chien husky, gliss\u00e9e dans l\u2019enveloppe, lui avait rappel\u00e9 de tendres souvenirs. D\u00e8s les premiers instants, le lien entre eux <strong>semblait \u00e9vident<\/strong>.<\/p>\n<p>Depuis, les deux candidats n&rsquo;ont cess\u00e9 d\u2019avancer ensemble. En 2023, ils avaient d\u00e9j\u00e0 confirm\u00e9 <strong>vivre sous le m\u00eame toit<\/strong> et vouloir <strong><a href=\"https:\/\/www.public.fr\/salon-de-lagriculture-guillaume-de-lamour-est-dans-le-pre-et-son-cheri-ont-adopte\" target=\"_blank\" rel=\"noopener\">fonder une famille<\/a><\/strong>. Ils vivent aujourd\u2019hui dans une maison r\u00e9nov\u00e9e \u00e0 la campagne, avec plusieurs animaux, dont deux chiens et des chevaux. Aujourd\u2019hui, <strong>ce projet se concr\u00e9tise<\/strong> pour leur plus grand bonheur.<\/p>\n<p>Karine Le Marchand, une marraine de c\u0153ur pour Guillaume et No\u00e9mie<\/p>\n<p>Pr\u00e9sente depuis les d\u00e9buts du programme, Karine Le Marchand <strong>suit de pr\u00e8s<\/strong> les parcours des anciens candidats. Nul doute qu\u2019elle sera ravie par cette heureuse annonce. Elle n\u2019a jamais cach\u00e9 <strong>son attachement<\/strong> \u00e0 ceux qui, comme Guillaume et No\u00e9mie, vivent une belle histoire apr\u00e8s l\u2019\u00e9mission.<\/p>\n<p>En janvier dernier, M6 lan\u00e7ait <strong>la 20e saison<\/strong> de L\u2019amour est dans le pr\u00e9. Et pendant que de nouveaux agriculteurs esp\u00e8rent trouver l\u2019amour, d\u2019autres, comme Guillaume et No\u00e9mie, prouvent que l\u2019\u00e9mission peut aussi offrir le plus beau des cadeaux : <strong>une famille<\/strong>. Le couple devrait <strong>faire une apparition<\/strong> dans un prochain num\u00e9ro de Que sont-ils devenus, <strong>attendu cet \u00e9t\u00e9<\/strong>.<\/p>\n<p>      Mentionn\u00e9s dans cet article<\/p>\n<p>\u00c0 lire aussi<\/p>\n","protected":false},"excerpt":{"rendered":"C\u2019est une belle histoire d\u2019amour n\u00e9e devant les cam\u00e9ras qui prend aujourd\u2019hui une nouvelle tournure. Guillaume et No\u00e9mie,&hellip;\n","protected":false},"author":2,"featured_media":75091,"comment_status":"","ping_status":"","sticky":false,"template":"","format":"standard","meta":{"footnotes":""},"categories":[8],"tags":[1376,3493,1193,58,59,1011,27,9307,494,1364],"class_list":{"0":"post-75090","1":"post","2":"type-post","3":"status-publish","4":"format-standard","5":"has-post-thumbnail","7":"category-divertissement","8":"tag-amour","9":"tag-bebe","10":"tag-couple","11":"tag-divertissement","12":"tag-entertainment","13":"tag-fr","14":"tag-france","15":"tag-lamour-est-dans-le-pre","16":"tag-m6","17":"tag-tv"},"share_on_mastodon":{"url":"https:\/\/pubeurope.com\/@fr\/114451580598453684","error":""},"_links":{"self":[{"href":"https:\/\/www.europesays.com\/fr\/wp-json\/wp\/v2\/posts\/75090","targetHints":{"allow":["GET"]}}],"collection":[{"href":"https:\/\/www.europesays.com\/fr\/wp-json\/wp\/v2\/posts"}],"about":[{"href":"https:\/\/www.europesays.com\/fr\/wp-json\/wp\/v2\/types\/post"}],"author":[{"embeddable":true,"href":"https:\/\/www.europesays.com\/fr\/wp-json\/wp\/v2\/users\/2"}],"replies":[{"embeddable":true,"href":"https:\/\/www.europesays.com\/fr\/wp-json\/wp\/v2\/comments?post=75090"}],"version-history":[{"count":0,"href":"https:\/\/www.europesays.com\/fr\/wp-json\/wp\/v2\/posts\/75090\/revisions"}],"wp:featuredmedia":[{"embeddable":true,"href":"https:\/\/www.europesays.com\/fr\/wp-json\/wp\/v2\/media\/75091"}],"wp:attachment":[{"href":"https:\/\/www.europesays.com\/fr\/wp-json\/wp\/v2\/media?parent=75090"}],"wp:term":[{"taxonomy":"category","embeddable":true,"href":"https:\/\/www.europesays.com\/fr\/wp-json\/wp\/v2\/categories?post=75090"},{"taxonomy":"post_tag","embeddable":true,"href":"https:\/\/www.europesays.com\/fr\/wp-json\/wp\/v2\/tags?post=75090"}],"curies":[{"name":"wp","href":"https:\/\/api.w.org\/{rel}","templated":true}]}}