{"id":750935,"date":"2026-02-22T00:50:21","date_gmt":"2026-02-22T00:50:21","guid":{"rendered":"https:\/\/www.europesays.com\/fr\/750935\/"},"modified":"2026-02-22T00:50:21","modified_gmt":"2026-02-22T00:50:21","slug":"un-an-apres-retour-sur-ce-drame-qui-marquera-les-gens-a-jamais","status":"publish","type":"post","link":"https:\/\/www.europesays.com\/fr\/750935\/","title":{"rendered":"un an apr\u00e8s, retour sur ce drame qui \u00ab\u00a0marquera les gens \u00e0 jamais\u00a0\u00bb"},"content":{"rendered":"<p>\n                Article premium,<br \/>\n                    R\u00e9serv\u00e9 aux\u00a0abonn\u00e9s\n            <\/p>\n<p class=\"su-standfirst chapeau\">Les habitants du Rheu, pr\u00e8s de Rennes\u00a0(Ille-et-Vilaine), n\u2019oublient rien du choc ressenti en apprenant le drame survenu le 20\u00a0janvier 2025. G\u00e9rald Gallenne, patron d\u2019une grande entreprise de BTP, est mort \u00e9cras\u00e9 par une voiture alors qu\u2019il sortait du restaurant. Le suspect et lui venaient de d\u00e9jeuner ensemble. R\u00e9cit d\u2019un fait divers hors norme.<\/p>\n<p>                                        <img decoding=\"async\" class=\"su-media\" src=\"https:\/\/www.europesays.com\/fr\/wp-content\/uploads\/2026\/02\/MjAyNjAyODhjZTAzYzVmNjE0Mzg0NzlmZmQ4Zjc0M2VlNWM1N2E.webp\" alt=\"Jeudi 20\u00a0f\u00e9vrier 2025, vers 20\u00a0h, le patron de l\u2019entreprise Alu Rennais, G\u00e9rald Gallenne, est mort \u00e9cras\u00e9 par une voiture. Les faits se sont d\u00e9roul\u00e9s sur un parking \u00e0 proximit\u00e9 du restaurant La tabl\u00e9e de Moign\u00e9, \u00e0 Moign\u00e9, bourg rattach\u00e9 \u00e0 la commune du Rheu.\"  \/><\/p>\n<p>                            Jeudi 20\u00a0f\u00e9vrier 2025, vers 20\u00a0h, le patron de l\u2019entreprise Alu Rennais, G\u00e9rald Gallenne, est mort \u00e9cras\u00e9 par une voiture. Les faits se sont d\u00e9roul\u00e9s sur un parking \u00e0 proximit\u00e9 du restaurant La tabl\u00e9e de Moign\u00e9, \u00e0 Moign\u00e9, bourg rattach\u00e9 \u00e0 la commune du Rheu. | LUCIE MOREL \/ OUEST FRANCE<\/p>\n<p>                            fermer<\/p>\n<ul class=\"su-row su-carrousel-container su-not-list\" data-suswipe=\"{\" rambo=\"\" .carrousel-nav-bas=\"\" .item=\"\">\n<li class=\"su-col-xs-6 su-col-md-24 carrousel-contenu su-carrousel-item\" data-ofvwidth=\"{\" mobileonly=\"\"><img decoding=\"async\" data-ofmaxheight=\"\" class=\"su-media lazyload\" alt=\"Jeudi 20\u00a0f\u00e9vrier 2025, vers 20\u00a0h, le patron de l\u2019entreprise Alu Rennais, G\u00e9rald Gallenne, est mort \u00e9cras\u00e9 par une voiture. Les faits se sont d\u00e9roul\u00e9s sur un parking \u00e0 proximit\u00e9 du restaurant La tabl\u00e9e de Moign\u00e9, \u00e0 Moign\u00e9, bourg rattach\u00e9 \u00e0 la commune du Rheu.\" src=\"data:image\/png;base64,iVBORw0KGgoAAAANSUhEUgAAABAAAAAJCAYAAAA7KqwyAAAAGXRFWHRTb2Z0d2FyZQBBZG9iZSBJbWFnZVJlYWR5ccllPAAAABhJREFUeNpi\/P\/\/PwMlgHHUgFEDgAAgwAD+lBrvy+NcxAAAAABJRU5ErkJggg==\" data-oflazyload=\"{&quot;srcset&quot;:&quot;https:\/\/media.ouest-france.fr\/v1\/pictures\/MjAyNjAyODhjZTAzYzVmNjE0Mzg0NzlmZmQ4Zjc0M2VlNWM1N2E?width=320&amp;focuspoint=50%2C25&amp;cropresize=1&amp;client_id=bpeditorial&amp;sign=046450bd76c44d5896b7fba6d3c04dc4ba584076013079e9021a44c628905cff 320w,https:\/\/media.ouest-france.fr\/v1\/pictures\/MjAyNjAyODhjZTAzYzVmNjE0Mzg0NzlmZmQ4Zjc0M2VlNWM1N2E?width=375&amp;focuspoint=50%2C25&amp;cropresize=1&amp;client_id=bpeditorial&amp;sign=e09effce5db04e73fd5db95557bc3bff2e22dce80fd80e565efa371a4a5e6a0a 360w,https:\/\/media.ouest-france.fr\/v1\/pictures\/MjAyNjAyODhjZTAzYzVmNjE0Mzg0NzlmZmQ4Zjc0M2VlNWM1N2E?width=480&amp;focuspoint=50%2C25&amp;cropresize=1&amp;client_id=bpeditorial&amp;sign=8050a1a3f6e7d5c52d856c92ab457e369878fda41506fb7c7759720d42257e16 480w,https:\/\/media.ouest-france.fr\/v1\/pictures\/MjAyNjAyODhjZTAzYzVmNjE0Mzg0NzlmZmQ4Zjc0M2VlNWM1N2E?width=630&amp;focuspoint=50%2C25&amp;cropresize=1&amp;client_id=bpeditorial&amp;sign=e945df8b15dfc43ab249309173c07c56524b8b830fe0c672285d7c3a31e37d34 630w,https:\/\/media.ouest-france.fr\/v1\/pictures\/MjAyNjAyODhjZTAzYzVmNjE0Mzg0NzlmZmQ4Zjc0M2VlNWM1N2E?width=940&amp;focuspoint=50%2C25&amp;cropresize=1&amp;client_id=bpeditorial&amp;sign=12ae28f25bdbc13f54e0c299d822a01692c24d22215e0ba51c7c4fd15e1f30a1 940w,https:\/\/media.ouest-france.fr\/v1\/pictures\/MjAyNjAyODhjZTAzYzVmNjE0Mzg0NzlmZmQ4Zjc0M2VlNWM1N2E?width=1260&amp;focuspoint=50%2C25&amp;cropresize=1&amp;client_id=bpeditorial&amp;sign=b5c256d136ec17ac039f4f0b4fe2d5440813f8a5948bb6084467d8788485a632 1260w&quot;}\"\/>Jeudi 20\u00a0f\u00e9vrier 2025, vers 20\u00a0h, le patron de l\u2019entreprise Alu Rennais, G\u00e9rald Gallenne, est mort \u00e9cras\u00e9 par une voiture. Les faits se sont d\u00e9roul\u00e9s sur un parking \u00e0 proximit\u00e9 du restaurant La tabl\u00e9e de Moign\u00e9, \u00e0 Moign\u00e9, bourg rattach\u00e9 \u00e0 la commune du Rheu. | LUCIE MOREL \/ OUEST FRANCE<\/li>\n<\/ul>\n<p>        Publi\u00e9 le 20\/02\/2026  \u00e0 19h02<\/p>\n<p>                            Lire plus tard<\/p>\n<p>                            Partager<\/p>\n<ul id=\"partage-col-gauche\" class=\"su-not-list su-hidden su-margin-top-xs\">\n<li>FacebookFacebook<\/li>\n<li>BlueSkyBlueSky<\/li>\n<li>FlipboardFlipboard<\/li>\n<li>linkedinLinkedIn<\/li>\n<\/ul>\n<p class=\"su-h3 su-margin-bottom-xs\">Newsletter Justice et Faits Divers<\/p>\n<p>Chaque semaine, retrouvez les faits divers qui ont marqu\u00e9 l&rsquo;Ouest<\/p>\n<p class=\"su-margin-top-s su-text-xsmall texte-rgpd su-hidden\">Votre e-mail, avec votre consentement, est utilis\u00e9 par Ouest-France pour recevoir notre newsletter. <a class=\"su-link-light\" href=\"https:\/\/www.ouest-france.fr\/politique-de-protection-des-donnees-personnelles\/\" rel=\"nofollow noopener\" target=\"_blank\">En\u00a0savoir\u00a0plus<\/a>.<\/p>\n<p>Il y a un an, le petit bourg de Moign\u00e9\u00a0(Ille-et-Vilaine) se r\u00e9veillait abasourdi par les \u00e9v\u00e9nements de la nuit. La nouvelle circule vite. Un homme a perdu la vie, \u00e9cras\u00e9 par une voiture alors qu\u2019il sortait du restaurant La Tabl\u00e9e de Moign\u00e9. Cette brasserie est l\u2019unique commerce du hameau. Des patrons y viennent r\u00e9guli\u00e8rement d\u00e9jeuner et parler affaires. <a href=\"https:\/\/www.ouest-france.fr\/societe\/faits-divers\/apres-le-deces-dun-chef-dentreprise-pres-de-rennes-ces-repas-tres-arroses-qui-posent-question-2e6b90ba-f5ac-11ef-b38f-dff807deb5c8\" target=\"_blank\" rel=\"nofollow noopener\">Parfois autour de quelques verres de vin<\/a>.<\/p>\n<p>Jeudi 20\u00a0f\u00e9vrier 2025, G\u00e9rald Gallenne est accompagn\u00e9 d\u2019un autre chef d\u2019entreprise et de trois commerciaux. <a href=\"https:\/\/www.ouest-france.fr\/societe\/faits-divers\/on-est-tous-abasourdis-un-chef-dentreprise-breton-mortellement-percute-par-un-conducteur-ivre-c2710170-f064-11ef-8b1f-5a7254d6d4e9\" target=\"_blank\" rel=\"nofollow noopener\">Cet homme de 54\u00a0ans est \u00e0 la t\u00eate d\u2019Alu Rennais<\/a>, une soci\u00e9t\u00e9 de menuiserie aluminium bas\u00e9e \u00e0 La Chapelle-des-Fougeretz. L\u2019une des plus grandes entreprises du secteur. C\u2019est un visage bien connu dans le monde du BTP de Rennes et ses environs. Quelqu\u2019un de tr\u00e8s humain, qui s\u2019investissait beaucoup. Un ami<\/p>\n<p style=\"text-align: center; background-color: #dbbe4d; padding-top: 5px; padding-bottom: 5px; font-size: 14px;\"><strong>D\u00e9j\u00e0 abonn\u00e9 ? <\/strong><a data-trkartmonet=\"Identification\" data-trk-sipa=\"{\" blockcategory=\"\" paywall=\"\" href=\"http:\/\/www.ouest-france.fr\/login?redirect=https:\/\/www.ouest-france.fr\/societe\/faits-divers\/chef-dentreprise-mort-ecrase-pres-de-rennes-un-an-apres-retour-sur-ce-drame-qui-marquera-les-gens-a-jamais-5bb1d1d0-0c1f-11f1-a992-d10c268d755d\" rel=\"nofollow noopener\" title=\"Se connecter \u00e0 Ouest-France\" class=\"su-link-light\" target=\"_blank\">Connectez-vous<\/a><\/p>\n<p style=\"text-align: center; padding-top: 15px; padding-bottom: 8px; vertical-align: bottom;\">bloqu\u00e9<strong> Pour lire la suite, abonnez-vous<\/strong><\/p>\n<p style=\"text-align: center;\"><strong>1er mois \u00e0 1\u20ac<\/strong><\/p>\n<p style=\"text-align: center; margin-top: -5px;\">Annulable \u00e0 tout moment<\/p>\n<p style=\"text-align: center;\">\u00a0<\/p>\n<p style=\"text-align: center;\"><a data-ida=\"\" data-trkartmonet=\"Tunnel OF+\" data-trk-sipa=\"{&#010;\" blockcategory=\"\" paywall=\"\" :=\"\" m=\"\" of=\"\" class=\"&#010;        su-button&#010;        su-subscription&#010;        &#010;        &#010;    \" data-trk-bloc=\"paywall\" href=\"https:\/\/abonnement.ouest-france.fr\/tunnel\/pack-essentiel-article\/122096117101?int_medium=lien&amp;int_campaign=PWFR0225-OF&amp;int_content=page-article-payant_boutonjaune-paywall&amp;marquesource=OF&amp;rt=https:\/\/www.ouest-france.fr\/societe\/faits-divers\/chef-dentreprise-mort-ecrase-pres-de-rennes-un-an-apres-retour-sur-ce-drame-qui-marquera-les-gens-a-jamais-5bb1d1d0-0c1f-11f1-a992-d10c268d755d\" rel=\"nofollow noopener\" target=\"_blank\"><br \/>\n    <strong>Je m&rsquo;abonne<\/strong><br \/>\n<\/a><\/p>\n<p style=\"text-align: center; padding-top: 10px; padding-bottom: 10px;\"><img decoding=\"async\" src=\"https:\/\/media.ouest-france.fr\/v1\/fonts\/be7723fcee3f1866f1ce99184077fc6f-carte-bancaire.svg?height=36\" alt=\"CB\"\/>\u00a0\u00a0<img decoding=\"async\" src=\"https:\/\/media.ouest-france.fr\/v1\/fonts\/1819d54c599d8afa64539cfba4ac9dde-rib.svg?height=36\" alt=\"RIB\"\/>\u00a0\u00a0<img decoding=\"async\" src=\"https:\/\/media.ouest-france.fr\/v1\/fonts\/065fc80d7b6a03d14a834c224ce723e1-paypal.svg?height=36\" alt=\"PAYPAL\"\/><\/p>\n","protected":false},"excerpt":{"rendered":"Article premium, R\u00e9serv\u00e9 aux\u00a0abonn\u00e9s Les habitants du Rheu, pr\u00e8s de Rennes\u00a0(Ille-et-Vilaine), n\u2019oublient rien du choc ressenti en apprenant&hellip;\n","protected":false},"author":2,"featured_media":750936,"comment_status":"","ping_status":"","sticky":false,"template":"","format":"standard","meta":{"footnotes":"","_share_on_mastodon":"0"},"categories":[2821],"tags":[1111,11,829,1777,674,118,1011,27,848,303,83652,28152,12,584,25],"class_list":["post-750935","post","type-post","status-publish","format-standard","has-post-thumbnail","category-rennes","tag-actu","tag-actualites","tag-bretagne","tag-eu","tag-europe","tag-faits-divers","tag-fr","tag-france","tag-ille-et-vilaine","tag-justice","tag-le-rheu","tag-meurtres","tag-news","tag-rennes","tag-republique-francaise"],"share_on_mastodon":{"url":"https:\/\/pubeurope.com\/@fr\/116111542039777135","error":""},"_links":{"self":[{"href":"https:\/\/www.europesays.com\/fr\/wp-json\/wp\/v2\/posts\/750935","targetHints":{"allow":["GET"]}}],"collection":[{"href":"https:\/\/www.europesays.com\/fr\/wp-json\/wp\/v2\/posts"}],"about":[{"href":"https:\/\/www.europesays.com\/fr\/wp-json\/wp\/v2\/types\/post"}],"author":[{"embeddable":true,"href":"https:\/\/www.europesays.com\/fr\/wp-json\/wp\/v2\/users\/2"}],"replies":[{"embeddable":true,"href":"https:\/\/www.europesays.com\/fr\/wp-json\/wp\/v2\/comments?post=750935"}],"version-history":[{"count":0,"href":"https:\/\/www.europesays.com\/fr\/wp-json\/wp\/v2\/posts\/750935\/revisions"}],"wp:featuredmedia":[{"embeddable":true,"href":"https:\/\/www.europesays.com\/fr\/wp-json\/wp\/v2\/media\/750936"}],"wp:attachment":[{"href":"https:\/\/www.europesays.com\/fr\/wp-json\/wp\/v2\/media?parent=750935"}],"wp:term":[{"taxonomy":"category","embeddable":true,"href":"https:\/\/www.europesays.com\/fr\/wp-json\/wp\/v2\/categories?post=750935"},{"taxonomy":"post_tag","embeddable":true,"href":"https:\/\/www.europesays.com\/fr\/wp-json\/wp\/v2\/tags?post=750935"}],"curies":[{"name":"wp","href":"https:\/\/api.w.org\/{rel}","templated":true}]}}