{"id":750937,"date":"2026-02-22T00:51:14","date_gmt":"2026-02-22T00:51:14","guid":{"rendered":"https:\/\/www.europesays.com\/fr\/750937\/"},"modified":"2026-02-22T00:51:14","modified_gmt":"2026-02-22T00:51:14","slug":"previsions-du-dimanche-22-fevrier-2026-2","status":"publish","type":"post","link":"https:\/\/www.europesays.com\/fr\/750937\/","title":{"rendered":"pr\u00e9visions du dimanche 22 f\u00e9vrier 2026"},"content":{"rendered":"<p>Les nuages \u00e0 pr\u00e9voir aujourd&rsquo;hui, \u00e0 Rennes, et un ciel encore maussade. Il fera 12\u00b0C en moyenne. Un vent de sud-ouest, atteignant 22 km\/h, soufflera. Le matin, des nuages ne voudront pas c\u00e9der leur place au soleil. Les temp\u00e9ratures iront de 11 \u00e0 12\u00b0C. Pour l&rsquo;apr\u00e8s-midi, de la bruine va tomber sur la ville. Les valeurs seront de 11\u00b0C au minimum et de 12\u00b0C au plus haut. Il faudra anticiper des perturbations le soir, les Rennais se retrouveront sous de la bruine l\u00e9g\u00e8re. Il va faire environ 11\u00b0C. Une nuit pluvieuse vous attendra entre dimanche et lundi.<\/p>\n<p>Rennes, o\u00f9 des nuages subsisteront demain, continuera de guetter le soleil. Du mauvais temps est \u00e0 pr\u00e9voir. Des pluies \u00e9parses vont tomber. Une diminution du mercure est \u00e0 craindre. On pr\u00e9voit des temp\u00e9ratures avoisinant 11\u00b0C. Un vent de sud-ouest rafra\u00eechira un peu l&rsquo;atmosph\u00e8re. C&rsquo;est \u00e0 un ciel couvert de nuages qu&rsquo;il faudra s&rsquo;attendre le matin. Les valeurs seront comprises entre 8\u00b0C et 13\u00b0C. Demain apr\u00e8s-midi, le soleil sera cach\u00e9 derri\u00e8re des nuages. Les temp\u00e9ratures s&rsquo;\u00e9chelonneront entre 12 et 14\u00b0C. La grisaille ne se disperse toujours pas, il y aura encore des nuages demain soir. Les valeurs seront de 12\u00b0C.<\/p>\n<p>Une am\u00e9lioration est pr\u00e9vue les jours suivants. Il fera 8\u00b0C en moyenne pour des journ\u00e9es avec un ciel ensoleill\u00e9.<\/p>\n<p><\/p>\n","protected":false},"excerpt":{"rendered":"Les nuages \u00e0 pr\u00e9voir aujourd&rsquo;hui, \u00e0 Rennes, et un ciel encore maussade. Il fera 12\u00b0C en moyenne. Un&hellip;\n","protected":false},"author":2,"featured_media":750938,"comment_status":"","ping_status":"","sticky":false,"template":"","format":"standard","meta":{"footnotes":"","_share_on_mastodon":"0"},"categories":[2821],"tags":[1111,11,829,1777,674,1011,27,12,2119,584,25],"class_list":["post-750937","post","type-post","status-publish","format-standard","has-post-thumbnail","category-rennes","tag-actu","tag-actualites","tag-bretagne","tag-eu","tag-europe","tag-fr","tag-france","tag-news","tag-previsions-meteo","tag-rennes","tag-republique-francaise"],"share_on_mastodon":{"url":"https:\/\/pubeurope.com\/@fr\/116111545864091347","error":""},"_links":{"self":[{"href":"https:\/\/www.europesays.com\/fr\/wp-json\/wp\/v2\/posts\/750937","targetHints":{"allow":["GET"]}}],"collection":[{"href":"https:\/\/www.europesays.com\/fr\/wp-json\/wp\/v2\/posts"}],"about":[{"href":"https:\/\/www.europesays.com\/fr\/wp-json\/wp\/v2\/types\/post"}],"author":[{"embeddable":true,"href":"https:\/\/www.europesays.com\/fr\/wp-json\/wp\/v2\/users\/2"}],"replies":[{"embeddable":true,"href":"https:\/\/www.europesays.com\/fr\/wp-json\/wp\/v2\/comments?post=750937"}],"version-history":[{"count":0,"href":"https:\/\/www.europesays.com\/fr\/wp-json\/wp\/v2\/posts\/750937\/revisions"}],"wp:featuredmedia":[{"embeddable":true,"href":"https:\/\/www.europesays.com\/fr\/wp-json\/wp\/v2\/media\/750938"}],"wp:attachment":[{"href":"https:\/\/www.europesays.com\/fr\/wp-json\/wp\/v2\/media?parent=750937"}],"wp:term":[{"taxonomy":"category","embeddable":true,"href":"https:\/\/www.europesays.com\/fr\/wp-json\/wp\/v2\/categories?post=750937"},{"taxonomy":"post_tag","embeddable":true,"href":"https:\/\/www.europesays.com\/fr\/wp-json\/wp\/v2\/tags?post=750937"}],"curies":[{"name":"wp","href":"https:\/\/api.w.org\/{rel}","templated":true}]}}