{"id":75099,"date":"2025-05-04T21:06:13","date_gmt":"2025-05-04T21:06:13","guid":{"rendered":"https:\/\/www.europesays.com\/fr\/75099\/"},"modified":"2025-05-04T21:06:13","modified_gmt":"2025-05-04T21:06:13","slug":"la-rn-88-fermee-pour-une-duree-indeterminee","status":"publish","type":"post","link":"https:\/\/www.europesays.com\/fr\/75099\/","title":{"rendered":"la RN 88 ferm\u00e9e pour une dur\u00e9e ind\u00e9termin\u00e9e"},"content":{"rendered":"<p>Les pluies diluviennes, qui se sont abattues depuis la fin de l\u2019apr\u00e8s-midi sur l\u2019agglom\u00e9ration st\u00e9phanoise, sont probablement \u00e0 l\u2019origine de la perte de contr\u00f4le de ce chauffeur, au volant de son poids lourd. L\u2019accident s\u2019est produit en d\u00e9but de soir\u00e9e sur la RN88 au niveau du viaduc de Terrenoire, en direction de Lyon.<\/p>\n<p>Le camion, qui s\u2019est couch\u00e9 sur toute la chauss\u00e9e, a conduit les pouvoirs publics \u00e0 fermer la RN88\u00a0pour une dur\u00e9e ind\u00e9termin\u00e9e afin de permettre l\u2019intervention des \u00e9quipes techniques. Les forces de l\u2019ordre ont mis en place des mesures de gestion de la circulation. <\/p>\n<p>  Des difficult\u00e9s de circulation \u00e0 pr\u00e9voir ce lundi 5 mai, dans la matin\u00e9e<\/p>\n<p>Parmi lesquelles la signalisation de la d\u00e9viation sur les Panneaux \u00e0 Message Variable (PMV) de l\u2019A72, et\u00a0la fermeture de la bretelle de sortie de la RN488.\u00a0Les usagers en provenance de l\u2019A72 sont redirig\u00e9s vers la RN88 en direction du Puy-en-Velay, avec une sortie recommand\u00e9e au diffuseur n\u00b021. Un itin\u00e9raire de contournement\u00a0a \u00e9t\u00e9 mis en place, via un demi-tour au rond-point du Square Franklin Roosevelt, pour permettre la reprise de la RN88 en direction de Lyon.<\/p>\n<p>Dans un communiqu\u00e9, les services de la pr\u00e9fecture invitent les usagers \u00e0 anticiper leurs d\u00e9placements pour la matin\u00e9e de ce lundi 5\u00a0mai, des difficult\u00e9s de circulation sont potentiellement possibles dans le secteur.<\/p>\n","protected":false},"excerpt":{"rendered":"Les pluies diluviennes, qui se sont abattues depuis la fin de l\u2019apr\u00e8s-midi sur l\u2019agglom\u00e9ration st\u00e9phanoise, sont probablement \u00e0&hellip;\n","protected":false},"author":2,"featured_media":75100,"comment_status":"","ping_status":"","sticky":false,"template":"","format":"standard","meta":{"footnotes":""},"categories":[9653],"tags":[119,1111,11,2430,1777,674,274,1011,27,3367,12,25,4001],"class_list":{"0":"post-75099","1":"post","2":"type-post","3":"status-publish","4":"format-standard","5":"has-post-thumbnail","7":"category-saint-etienne","8":"tag-accident","9":"tag-actu","10":"tag-actualites","11":"tag-auvergne-rhone-alpes","12":"tag-eu","13":"tag-europe","14":"tag-faits-divers-justice","15":"tag-fr","16":"tag-france","17":"tag-loire","18":"tag-news","19":"tag-republique-francaise","20":"tag-saint-etienne"},"share_on_mastodon":{"url":"https:\/\/pubeurope.com\/@fr\/114451604044025713","error":""},"_links":{"self":[{"href":"https:\/\/www.europesays.com\/fr\/wp-json\/wp\/v2\/posts\/75099","targetHints":{"allow":["GET"]}}],"collection":[{"href":"https:\/\/www.europesays.com\/fr\/wp-json\/wp\/v2\/posts"}],"about":[{"href":"https:\/\/www.europesays.com\/fr\/wp-json\/wp\/v2\/types\/post"}],"author":[{"embeddable":true,"href":"https:\/\/www.europesays.com\/fr\/wp-json\/wp\/v2\/users\/2"}],"replies":[{"embeddable":true,"href":"https:\/\/www.europesays.com\/fr\/wp-json\/wp\/v2\/comments?post=75099"}],"version-history":[{"count":0,"href":"https:\/\/www.europesays.com\/fr\/wp-json\/wp\/v2\/posts\/75099\/revisions"}],"wp:featuredmedia":[{"embeddable":true,"href":"https:\/\/www.europesays.com\/fr\/wp-json\/wp\/v2\/media\/75100"}],"wp:attachment":[{"href":"https:\/\/www.europesays.com\/fr\/wp-json\/wp\/v2\/media?parent=75099"}],"wp:term":[{"taxonomy":"category","embeddable":true,"href":"https:\/\/www.europesays.com\/fr\/wp-json\/wp\/v2\/categories?post=75099"},{"taxonomy":"post_tag","embeddable":true,"href":"https:\/\/www.europesays.com\/fr\/wp-json\/wp\/v2\/tags?post=75099"}],"curies":[{"name":"wp","href":"https:\/\/api.w.org\/{rel}","templated":true}]}}